{"id":10027,"date":"2022-09-12T00:54:54","date_gmt":"2022-09-12T05:54:54","guid":{"rendered":"https:\/\/politicosaldesnudo.com.mx\/?p=10027"},"modified":"2022-09-12T00:54:54","modified_gmt":"2022-09-12T05:54:54","slug":"el-mito-de-la-ley-nahle","status":"publish","type":"post","link":"https:\/\/politicosaldesnudo.com.mx\/index.php\/2022\/09\/12\/el-mito-de-la-ley-nahle\/","title":{"rendered":"El mito de la Ley Nahle"},"content":{"rendered":"<p class=\"p1\">\n<p class=\"p1\"><span style=\"font-size: 18pt;\"><b>Por Jos\u00e9 P\u00e1ramo Castro<\/b><\/span><\/p>\n<p class=\"p1\"><span style=\"font-size: 14pt;\">La fantas\u00eda de algunos medios y periodistas es cosa de todos los d\u00edas. Su manera de ver la realidad pol\u00edtica del pa\u00eds es digna de los delirios febriles m\u00e1s extremos y una de esas expresiones radica en lo que esos comunicadores llamaron la \u201cLey Nahle\u201d, en el paroxismo de su parcialidad.<\/span><\/p>\n<p class=\"p1\"><span style=\"font-size: 18pt;\"><strong>El Art\u00edculo11 de la Constituci\u00f3n del Estado de Veracruz siempre ha permitido que los hijos de padres veracruzanos sean considerados veracruzanos con todos sus derechos. La adicci\u00f3n realizada a principios de agosto es un mero formalismo que, en <span style=\"color: #139eca;\">el fondo no cambia ning\u00fan derecho que no haya sido otorgado desde hace a\u00f1os a los hijos de veracruzanos nacidos en otra entidad<\/span>.<\/strong><\/span><\/p>\n<p>&nbsp;<\/p>\n<p><img data-recalc-dims=\"1\" loading=\"lazy\" decoding=\"async\" class=\"aligncenter wp-image-10028\" src=\"https:\/\/i0.wp.com\/politicosaldesnudo.com.mx\/wp-content\/uploads\/2022\/09\/BISAGRA-1-696x1024.jpeg?resize=500%2C736&#038;ssl=1\" alt=\"\" width=\"500\" height=\"736\" srcset=\"https:\/\/i0.wp.com\/politicosaldesnudo.com.mx\/wp-content\/uploads\/2022\/09\/BISAGRA-1.jpeg?resize=696%2C1024&amp;ssl=1 696w, https:\/\/i0.wp.com\/politicosaldesnudo.com.mx\/wp-content\/uploads\/2022\/09\/BISAGRA-1.jpeg?resize=204%2C300&amp;ssl=1 204w, https:\/\/i0.wp.com\/politicosaldesnudo.com.mx\/wp-content\/uploads\/2022\/09\/BISAGRA-1.jpeg?resize=768%2C1130&amp;ssl=1 768w, https:\/\/i0.wp.com\/politicosaldesnudo.com.mx\/wp-content\/uploads\/2022\/09\/BISAGRA-1.jpeg?w=1000&amp;ssl=1 1000w\" sizes=\"auto, (max-width: 500px) 100vw, 500px\" \/><\/p>\n<p>&nbsp;<\/p>\n<p>&nbsp;<\/p>\n<p class=\"p1\"><span style=\"font-size: 18pt;\"><strong>Art\u00edculo 11. Son veracruzanos: I. Los nacidos en el territorio del Estado.<\/strong><\/span><\/p>\n<p class=\"p1\"><span style=\"font-size: 14pt;\">II. Los hijos de padre o madre nativos del Estado, nacidos en el territorio nacional o en el extranjero.<\/span><\/p>\n<p class=\"p1\"><span style=\"font-size: 14pt;\">Y se le adicion\u00f3. \u00abLas o los mexicanos nacidos fuera del territorio del estado, con hijos veracruzanos o con una residencia efectiva de cinco a\u00f1os en territorio veracruzano\u00bb.<\/span><\/p>\n<p class=\"p1\"><span style=\"font-size: 18pt; color: #139eca;\"><strong>Es decir, la Ley Nahle no ten\u00eda como objetivo favorecer la candidatura de la actual secretaria de Energ\u00eda sino obstaculizarla.<\/strong><\/span><\/p>\n<p class=\"p1\"><span style=\"font-size: 14pt;\">Sin embargo, la interpretaci\u00f3n de algunos medios y periodistas, principalmente de Veracruz, interpretaron a su manera, con m\u00e1s mala intenci\u00f3n que ignorancia. Y esto termin\u00f3 por contagiar a la imberbe oposici\u00f3n, que, al interpretar, la interpretaci\u00f3n, anunci\u00f3 que presentar\u00edan una acci\u00f3n de inconstitucionalidad contra esta reforma y agreg\u00f3: \u201cEsto, lo que hicieron, est\u00e1 claramente para beneficiar a Roc\u00edo Nahle, que no es veracruzana, porque la Constituci\u00f3n de Veracruz dice que para poder ser candidato a gobernador tienes que ser veracruzano de nacimiento\u00bb, lo cual habla del desconocimiento de la ley de la entidad.<\/span><\/p>\n<p class=\"p1\"><span style=\"font-size: 18pt; color: #139eca;\"><strong>Ya que de los siete requisitos plasmados en el Art\u00edculo 43, ninguno habla de ser nacido en la entidad como asegura el remedo de l\u00edder del PAN.<\/strong><\/span><\/p>\n<p>&nbsp;<\/p>\n<p class=\"p1\"><span style=\"font-size: 18pt; color: #139eca;\"><b>FANTAS\u00cdA DE LOS \u201cPERIODISTAS\u201d<\/b><\/span><\/p>\n<p class=\"p1\"><span style=\"font-size: 14pt;\">Los medios se dieron vuelo montados sobre una fantas\u00eda que coincid\u00eda con su rencor contra el gobierno estatal, por su negativa a darles las d\u00e1divas que gobiernos anteriores les otorgaban y que consideraron parte vitalicia de sus ingresos.<\/span><\/p>\n<p class=\"p1\"><span style=\"font-size: 18pt;\"><strong>Sol\u00eda aparecer con disparate \u201cLey Nahle\u201d, que reforma el Art\u00edculo 11 de la Constituci\u00f3n de Veracruz para adicionar un p\u00e1rrafo que permite que los mexicanos nacidos fuera del territorio estatal, con hijos veracruzanos o con una residencia efectiva de cinco a\u00f1os en la entidad, puedan ser considerados veracruzanos\u201d.<\/strong><\/span><\/p>\n<p class=\"p1\"><span style=\"font-size: 14pt;\">Es entonces cuando les dan voz y espacios medi\u00e1ticos a la oposici\u00f3n sobre el tema, afirmando que se trataba de una ley hecha a modo en favor de Roc\u00edo Nahle, cuando en realidad ella nunca tuvo impedimento para ser gobernadora porque su padre naci\u00f3 en Veracruz, y el Art\u00edculo 11 otorga todos los derechos de un veracruzano a los hijos de las personas nacidas en territorio del estado desde hace muchos a\u00f1os.<\/span><\/p>\n<p class=\"p1\"><span style=\"font-size: 14pt;\">Los medios se volcaron a decir que hubo una sesi\u00f3n extraordinaria virtual expr\u00e9s, que fue convocada dos horas antes, s\u00f3lo se trat\u00f3 este punto de reforma presentada por la legisladora Magaly Armenta Oliveros, de Morena, el 28 de julio pasado.<\/span><\/p>\n<p class=\"p1\"><span style=\"font-size: 14pt;\">En realidad, se trat\u00f3 de una sesi\u00f3n ociosa, un distractor para que la oposici\u00f3n se desgastara y se mostrara su divisi\u00f3n y decadencia. As\u00ed, los medios en un nado sincronizado los medios se\u00f1alaron que la reforma fue aceptada en unos minutos con 38 votos a favor, 11 en contra y cero abstenciones.<\/span><\/p>\n<p class=\"p1\"><span style=\"font-size: 14pt;\">La votaci\u00f3n, aseguran, fue apoyada por los legisladores panistas Oth\u00f3n Hern\u00e1ndez Candanedo, Hugo Gonz\u00e1lez Saavedra y Nora Jessica Lagunes; adem\u00e1s del petista Ram\u00f3n D\u00edaz \u00c1vila; de los diputados del Partido Verde Jos\u00e9 Luis Tehuintle, Tania Cruz Mej\u00eda y Citlalli Medell\u00edn Careaga; as\u00ed como por Juan Enr\u00edquez, de Fuerza por M\u00e9xico.<\/span><\/p>\n<p>&nbsp;<\/p>\n<p class=\"p1\"><span style=\"font-size: 18pt; color: #139eca;\"><b>TRAMPA LEGISLATIVA PANISTA<\/b><\/span><\/p>\n<p class=\"p1\"><span style=\"font-size: 14pt;\">La oposici\u00f3n y algunos medios veracruzanos carecen de memoria. En 1991, el ahora militante del limbo partidista, Porfirio Mu\u00f1oz Ledo, quien naciera en la Ciudad de M\u00e9xico, en 1933, fue candidato del PRD a la gubernatura de Guanajuato. Por \u201cderecho de sangre\u201d, que en otras palabras es exactamente lo mismo que dicta el Art\u00edculo 11 de la Constituci\u00f3n de Veracruz.<\/span><\/p>\n<p class=\"p1\"><span style=\"font-size: 18pt;\"><strong>Los panistas fueron quienes m\u00e1s airadamente protestaron por algo que consideran ilegal, cuando en realidad ellos, con o sin autorizaci\u00f3n tiene a varios gobernadores en lugares donde no nacieron, por ejemplo, Mauricio Kuri, naci\u00f3 en Orizaba, Veracruz y gobierna Quer\u00e9taro; Mauricio Vila, naci\u00f3 en la Ciudad de M\u00e9xico y gobierna Yucat\u00e1n; Francisco Garc\u00eda Cabeza de Vaca, naci\u00f3 en McAllen, Texas y desgobierna Tamaulipas; Mart\u00edn Orozco, naci\u00f3 en Jalisco y gobierna Aguascalientes; Javier Corral, naci\u00f3 en El Paso, Texas y gobern\u00f3 Chihuahua; Teresa Jim\u00e9nez, naci\u00f3 en el Edomex, y gobernar\u00e1 Aguascalientes, entre otros.<\/strong><\/span><\/p>\n<p class=\"p1\"><span style=\"font-size: 18pt;\"><strong>La Ley Nahle, no s\u00f3lo es un mito sino una finta que algunos ingenuos intentaron convertir en descontento pol\u00edtico.<\/strong><\/span><\/p>\n<p>&nbsp;<\/p>\n<p>&nbsp;<\/p>\n<p><span style=\"font-size: 18pt; color: #319eca;\"><em><strong>**Las columnas firmadas en este medio son responsabilidad de quienes las firman**<\/strong><\/em><\/span><\/p>\n<p>&nbsp;<\/p>\n<p>&nbsp;<\/p>\n<p>&nbsp;<\/p>\n<p>&nbsp;<\/p>\n","protected":false},"excerpt":{"rendered":"<p>Por Jos\u00e9 P\u00e1ramo Castro La fantas\u00eda de algunos medios y periodistas es cosa de todos los d\u00edas. Su manera de<\/p>\n","protected":false},"author":4,"featured_media":4387,"comment_status":"closed","ping_status":"closed","sticky":false,"template":"","format":"standard","meta":{"colormag_page_container_layout":"default_layout","colormag_page_sidebar_layout":"default_layout","_jetpack_memberships_contains_paid_content":false,"footnotes":"","jetpack_publicize_message":"","jetpack_publicize_feature_enabled":true,"jetpack_social_post_already_shared":false,"jetpack_social_options":{"image_generator_settings":{"template":"highway","default_image_id":0,"font":"","enabled":false},"version":2}},"categories":[26],"tags":[1447,194,100],"class_list":["post-10027","post","type-post","status-publish","format-standard","has-post-thumbnail","hentry","category-columnistas","tag-ley-nahle","tag-rocio-nahle","tag-veracruz"],"jetpack_publicize_connections":[],"jetpack_featured_media_url":"https:\/\/i0.wp.com\/politicosaldesnudo.com.mx\/wp-content\/uploads\/2022\/04\/JOSE%CC%81-PA%CC%81RAMO-CASTRO.png?fit=1816%2C1016&ssl=1","jetpack-related-posts":[],"jetpack_sharing_enabled":true,"_links":{"self":[{"href":"https:\/\/politicosaldesnudo.com.mx\/index.php\/wp-json\/wp\/v2\/posts\/10027","targetHints":{"allow":["GET"]}}],"collection":[{"href":"https:\/\/politicosaldesnudo.com.mx\/index.php\/wp-json\/wp\/v2\/posts"}],"about":[{"href":"https:\/\/politicosaldesnudo.com.mx\/index.php\/wp-json\/wp\/v2\/types\/post"}],"author":[{"embeddable":true,"href":"https:\/\/politicosaldesnudo.com.mx\/index.php\/wp-json\/wp\/v2\/users\/4"}],"replies":[{"embeddable":true,"href":"https:\/\/politicosaldesnudo.com.mx\/index.php\/wp-json\/wp\/v2\/comments?post=10027"}],"version-history":[{"count":0,"href":"https:\/\/politicosaldesnudo.com.mx\/index.php\/wp-json\/wp\/v2\/posts\/10027\/revisions"}],"wp:featuredmedia":[{"embeddable":true,"href":"https:\/\/politicosaldesnudo.com.mx\/index.php\/wp-json\/wp\/v2\/media\/4387"}],"wp:attachment":[{"href":"https:\/\/politicosaldesnudo.com.mx\/index.php\/wp-json\/wp\/v2\/media?parent=10027"}],"wp:term":[{"taxonomy":"category","embeddable":true,"href":"https:\/\/politicosaldesnudo.com.mx\/index.php\/wp-json\/wp\/v2\/categories?post=10027"},{"taxonomy":"post_tag","embeddable":true,"href":"https:\/\/politicosaldesnudo.com.mx\/index.php\/wp-json\/wp\/v2\/tags?post=10027"}],"curies":[{"name":"wp","href":"https:\/\/api.w.org\/{rel}","templated":true}]}}