{"id":10105,"date":"2022-09-13T11:24:23","date_gmt":"2022-09-13T16:24:23","guid":{"rendered":"https:\/\/politicosaldesnudo.com.mx\/?p=10105"},"modified":"2022-09-13T11:24:23","modified_gmt":"2022-09-13T16:24:23","slug":"cuitlahuac-jamas-supo-gobernar","status":"publish","type":"post","link":"https:\/\/politicosaldesnudo.com.mx\/index.php\/2022\/09\/13\/cuitlahuac-jamas-supo-gobernar\/","title":{"rendered":"Cuitl\u00e1huac jam\u00e1s supo gobernar"},"content":{"rendered":"<p>&nbsp;<\/p>\n<p class=\"p2\"><span style=\"font-size: 18pt;\"><strong>Por Bernardo Bellizia Guzm\u00e1n<\/strong><\/span><\/p>\n<p class=\"p2\"><span style=\"font-size: 14pt;\">Nunca entendi\u00f3 Cuitl\u00e1huac Garc\u00eda Jim\u00e9nez lo que era ser Gobernador de Veracruz. Jam\u00e1s supo la enorme responsabilidad que implicaba ser el primer mandatario de un Estado como el que hoy desgobierna. En su vida se cultivo acerca de la historia, pasado y presente de un Estado rico en ella, y del nivel de responsabilidad que asum\u00eda.<\/span><\/p>\n<p class=\"p2\"><span style=\"font-size: 14pt;\">Dudo que sepa qui\u00e9nes fueron Adolfo Ruiz Cortines, Rafael Murillo Vidal, Heriberto Jara Corona, Fernando Guti\u00e9rrez Barrios, entre otros muchos personajes hist\u00f3ricos y que han formado parte de la formaci\u00f3n de lo que hoy es Veracruz y M\u00e9xico. Tenemos a un Gobernador ignorante completamente de todo lo que se llama historia y peor a\u00fan, ignorante de lo que pasa a su alrededor. Porque lamentablemente \u00e9l no gobierna, a \u00e9l lo gobiernan, lo mandan. En pocas palabras lo manejan.<\/span><\/p>\n<p class=\"p2\"><span style=\"font-size: 14pt;\">Hoy podemos decir que despu\u00e9s de casi cuatro a\u00f1os de desgobierno, la gente se equivoc\u00f3 garrafalmente. La ola obradorista trajo consigo desgracias en varias partes del Pa\u00eds. Pero en Veracruz de verdad que la vida abuso. Si ya ven\u00edamos de varias desgracias, con este gobierno terminaron de darnos la puntilla. Una enorme bola de incompetentes, ladrones, buenos para nada, s\u00e1trapas de la pol\u00edtica, entre otras cosas son la gran mayor\u00eda de ellos, y los que no lo eran, se contagiaron.<\/span><\/p>\n<p class=\"p2\"><span style=\"font-size: 14pt;\">El Estado est\u00e1 de cabeza en todos los sentidos desempleo, inseguridad, feminicidios, matanzas, desaparecidos, periodistas asesinados, entre otras lindezas son las que ocurren aqu\u00ed en territorio jarocho. En el que por cierto dicen es uno de los m\u00e1s seguros de la Rep\u00fablica Mexicana. Ya me imagino si fu\u00e9ramos el m\u00e1s inseguro.<\/span><\/p>\n<p class=\"p2\"><span style=\"font-size: 14pt;\">Es una l\u00e1stima el que Cuitl\u00e1huac haya dejado pasar esta enorme oportunidad de poder transcender para bien en la historia de este glorioso Estado. Hoy, lejos de eso pasara a los anales de la historia como un gobernante mediocre, ignorante, destructor, oportunista, sin fuerza, desorientado y poco conciliador. Ojal\u00e1 que para el 24 los ciudadanos nunca m\u00e1s elijan a un Cuitl\u00e1huac Garc\u00eda Jim\u00e9nez. Ser\u00eda una verdadera decepci\u00f3n que a la gente no le hubiese bastado seis a\u00f1os de fracaso gubernamental. Vamos a ver qu\u00e9 pasa para ese entonces. Pero confi\u00f3 en que sabr\u00e1n elegir de manera correcta.\u00a0<\/span><\/p>\n<p>&nbsp;<\/p>\n<p>&nbsp;<\/p>\n<p><span style=\"font-size: 18pt;\"><strong>Correo:\u00a0<a href=\"mailto:bernardobellizzia@hotmail.com\" target=\"_blank\" rel=\"nofollow noopener\">bernardobellizzia<wbr \/>@hotmail.com<\/a><\/strong><\/span><\/p>\n<p>&nbsp;<\/p>\n<p><span style=\"font-size: 18pt; color: #319eca;\"><em><strong>**Las columnas firmadas en este medio son responsabilidad de quienes las firman**<\/strong><\/em><\/span><\/p>\n<p>&nbsp;<\/p>\n<p>&nbsp;<\/p>\n","protected":false},"excerpt":{"rendered":"<p>&nbsp; Por Bernardo Bellizia Guzm\u00e1n Nunca entendi\u00f3 Cuitl\u00e1huac Garc\u00eda Jim\u00e9nez lo que era ser Gobernador de Veracruz. Jam\u00e1s supo la<\/p>\n","protected":false},"author":4,"featured_media":10106,"comment_status":"closed","ping_status":"closed","sticky":false,"template":"","format":"standard","meta":{"colormag_page_container_layout":"default_layout","colormag_page_sidebar_layout":"default_layout","_jetpack_memberships_contains_paid_content":false,"footnotes":"","jetpack_publicize_message":"","jetpack_publicize_feature_enabled":true,"jetpack_social_post_already_shared":false,"jetpack_social_options":{"image_generator_settings":{"template":"highway","default_image_id":0,"font":"","enabled":false},"version":2}},"categories":[26],"tags":[],"class_list":["post-10105","post","type-post","status-publish","format-standard","has-post-thumbnail","hentry","category-columnistas"],"jetpack_publicize_connections":[],"jetpack_featured_media_url":"https:\/\/i0.wp.com\/politicosaldesnudo.com.mx\/wp-content\/uploads\/2022\/09\/BERNARDO-BELLIZIA-PD.png?fit=1816%2C1016&ssl=1","jetpack-related-posts":[],"jetpack_sharing_enabled":true,"_links":{"self":[{"href":"https:\/\/politicosaldesnudo.com.mx\/index.php\/wp-json\/wp\/v2\/posts\/10105","targetHints":{"allow":["GET"]}}],"collection":[{"href":"https:\/\/politicosaldesnudo.com.mx\/index.php\/wp-json\/wp\/v2\/posts"}],"about":[{"href":"https:\/\/politicosaldesnudo.com.mx\/index.php\/wp-json\/wp\/v2\/types\/post"}],"author":[{"embeddable":true,"href":"https:\/\/politicosaldesnudo.com.mx\/index.php\/wp-json\/wp\/v2\/users\/4"}],"replies":[{"embeddable":true,"href":"https:\/\/politicosaldesnudo.com.mx\/index.php\/wp-json\/wp\/v2\/comments?post=10105"}],"version-history":[{"count":0,"href":"https:\/\/politicosaldesnudo.com.mx\/index.php\/wp-json\/wp\/v2\/posts\/10105\/revisions"}],"wp:featuredmedia":[{"embeddable":true,"href":"https:\/\/politicosaldesnudo.com.mx\/index.php\/wp-json\/wp\/v2\/media\/10106"}],"wp:attachment":[{"href":"https:\/\/politicosaldesnudo.com.mx\/index.php\/wp-json\/wp\/v2\/media?parent=10105"}],"wp:term":[{"taxonomy":"category","embeddable":true,"href":"https:\/\/politicosaldesnudo.com.mx\/index.php\/wp-json\/wp\/v2\/categories?post=10105"},{"taxonomy":"post_tag","embeddable":true,"href":"https:\/\/politicosaldesnudo.com.mx\/index.php\/wp-json\/wp\/v2\/tags?post=10105"}],"curies":[{"name":"wp","href":"https:\/\/api.w.org\/{rel}","templated":true}]}}