{"id":10108,"date":"2022-09-13T11:31:33","date_gmt":"2022-09-13T16:31:33","guid":{"rendered":"https:\/\/politicosaldesnudo.com.mx\/?p=10108"},"modified":"2022-09-13T11:31:33","modified_gmt":"2022-09-13T16:31:33","slug":"hay-periodistas-visionarios-en-veracruz","status":"publish","type":"post","link":"https:\/\/politicosaldesnudo.com.mx\/index.php\/2022\/09\/13\/hay-periodistas-visionarios-en-veracruz\/","title":{"rendered":"Hay periodistas visionarios en Veracruz"},"content":{"rendered":"<p class=\"p1\">\n<p class=\"p1\"><span style=\"font-size: 18pt;\"><strong>Por \u00c1ngel \u00c1lvaro Pe\u00f1a<\/strong><\/span><\/p>\n<p class=\"p1\"><span style=\"font-size: 14pt;\">El tiempo pone a cada quien en su lugar y termina con ingenuidades, mentiras y promesas. La pol\u00edtica es una actividad que desenmascara al m\u00e1s h\u00e1bil y descubre su verdadero rostro en poco tiempo. Porque uno es el personaje en campa\u00f1a y otro, muy diferente el ser humano que ostenta el poder.<\/span><\/p>\n<p class=\"p1\"><span style=\"font-size: 18pt;\"><strong>Qu\u00e9 raz\u00f3n ten\u00eda mi gran amigo y compa\u00f1ero, un colega distinguido que desde la campa\u00f1a me advert\u00eda sobre los cambios repentinos de car\u00e1cter del actual gobernador de Veracruz. Desde ese entonces me lo describ\u00eda de cuerpo entero y yo no s\u00f3lo no le cre\u00eda sino que refutaba su postura y lo convocaba a darle el privilegio de la duda.<\/strong><\/span><\/p>\n<p class=\"p1\"><span style=\"font-size: 14pt;\">Mi amigo, con la nobleza que le caracteriza, acept\u00f3 esta petici\u00f3n en nombre de la concordia que nuestros compa\u00f1eros practicamos diariamente. Porque a los periodistas nos sucede lo que, a los mariachis, podemos estar peleados entre nosotros, tener diferencias, pero a la hora de tocar estamos juntos. Cuando hay que enfrentar calamidades comunes somos uno solo, y a nuestro gremio se le ha castigado como nunca antes.<\/span><\/p>\n<p class=\"p1\"><span style=\"font-size: 14pt;\">Esta verdad las muestras de incapacidad en el gobierno estatal no s\u00f3lo nos oblig\u00f3 a algunos a reconocer que los compa\u00f1eros ten\u00edan raz\u00f3n en ver como un farsante al actual gobernador sino que reafirm\u00f3 la amistad entre colegas.<\/span><\/p>\n<p class=\"p1\"><span style=\"font-size: 18pt;\"><strong>Hoy me disculpo y reconozco que me equivoqu\u00e9 cuando lo convoqu\u00e9 a creer en la mentira. Grave error, pero nunca es tarde para reconocer. Cuitl\u00e1huac Garc\u00eda nunca estuvo preparado para un cargo p\u00fablico, su falta de imaginaci\u00f3n, sus limitaciones, que no son pocas y su falta de preparaci\u00f3n lo muestran tal como es.<\/strong><\/span><\/p>\n<p>&nbsp;<\/p>\n<p><img data-recalc-dims=\"1\" loading=\"lazy\" decoding=\"async\" class=\"aligncenter wp-image-10109 size-large\" src=\"https:\/\/i0.wp.com\/politicosaldesnudo.com.mx\/wp-content\/uploads\/2022\/09\/P-CUITLA%CC%81HUAC-GARCI%CC%81A-1024x573.png?resize=800%2C448&#038;ssl=1\" alt=\"\" width=\"800\" height=\"448\" srcset=\"https:\/\/i0.wp.com\/politicosaldesnudo.com.mx\/wp-content\/uploads\/2022\/09\/P-CUITLA%CC%81HUAC-GARCI%CC%81A.png?resize=1024%2C573&amp;ssl=1 1024w, https:\/\/i0.wp.com\/politicosaldesnudo.com.mx\/wp-content\/uploads\/2022\/09\/P-CUITLA%CC%81HUAC-GARCI%CC%81A.png?resize=300%2C168&amp;ssl=1 300w, https:\/\/i0.wp.com\/politicosaldesnudo.com.mx\/wp-content\/uploads\/2022\/09\/P-CUITLA%CC%81HUAC-GARCI%CC%81A.png?resize=768%2C430&amp;ssl=1 768w, https:\/\/i0.wp.com\/politicosaldesnudo.com.mx\/wp-content\/uploads\/2022\/09\/P-CUITLA%CC%81HUAC-GARCI%CC%81A.png?resize=1536%2C859&amp;ssl=1 1536w, https:\/\/i0.wp.com\/politicosaldesnudo.com.mx\/wp-content\/uploads\/2022\/09\/P-CUITLA%CC%81HUAC-GARCI%CC%81A.png?w=1816&amp;ssl=1 1816w, https:\/\/i0.wp.com\/politicosaldesnudo.com.mx\/wp-content\/uploads\/2022\/09\/P-CUITLA%CC%81HUAC-GARCI%CC%81A.png?w=1600&amp;ssl=1 1600w\" sizes=\"auto, (max-width: 800px) 100vw, 800px\" \/><\/p>\n<p>&nbsp;<\/p>\n<p class=\"p1\"><span style=\"font-size: 18pt;\"><strong>Desde aquellos desayunos de prensa cuando se le cuestionaba precisamente su falta de experiencia y pon\u00edan a prueba su vocaci\u00f3n pol\u00edtica, los cuestionamientos parec\u00edan anunciar el desastre que ahora vive el estado de Veracruz, donde la autoridad brilla por su ausencia y como dice este gran amigo, los obradoristas que el gobernador coloc\u00f3 en el gabinete, los colaboradores cercanos del gobernador, los secretarios y subsecretarios parecieran estar e improvisando todo el tiempo.<\/strong><\/span><\/p>\n<p class=\"p1\"><span style=\"font-size: 14pt;\">Poco a poco fui descubriendo la adversidad social e individual y mi ingenuidad tuvo su castigo porque fui el primero en renunciar al cargo que me hab\u00eda ofrecido el gobernador, simplemente porque nunca hubo pago, pero tampoco atenci\u00f3n, ni o\u00eddos para escuchar lo que, desde mi experiencia con los medios se requer\u00eda para que tuviera una mejor imagen.<\/span><\/p>\n<p class=\"p1\"><span style=\"font-size: 18pt;\"><strong>Veracruz necesita una verdadera reconstrucci\u00f3n, porque pareciera que la ineptitud de los funcionarios cre\u00f3 una guerra a lo largo y ancho de la entidad. El tejido social se ha polarizado y ellos derechos se han violentado. En el estado hay presos pol\u00edticos, como en ning\u00fan otro y la inseguridad se desborda a toda hora del d\u00eda.<\/strong><\/span><\/p>\n<p class=\"p1\"><span style=\"font-size: 14pt;\">Desde los primeros meses empez\u00f3 a mostrar una adversidad contra los medios y los periodistas que no conoc\u00eda en los funcionarios p\u00fablicos, sin que nadie le hiciera nada los consideraba sus enemigos, posiblemente porque sab\u00eda q lo que vendr\u00eda y se ve\u00eda, desde ese momento, impotente ante la responsabilidad que le esperaba.<\/span><\/p>\n<p class=\"p1\"><span style=\"font-size: 14pt;\">Despu\u00e9s de cuatro a\u00f1os, la verdad surge ante los ojos de incr\u00e9dulos e ingenuos. Quienes vimos en el cambio una esperanza ahora vemos que hay que reforzar nuestro trabajo para seguir investigando a fondo lo que sucede en una administraci\u00f3n p\u00fablica que nunca debi\u00f3 insultar a los veracruzanos con esos personajes.<\/span><\/p>\n<p class=\"p1\"><span style=\"font-size: 14pt;\">En cuando a mi amigo y compa\u00f1ero vayan estas l\u00edneas a manera reconocimiento por su visi\u00f3n de futuro y de descubrimiento de las personalidades poco equilibradas.<\/span><\/p>\n<p>&nbsp;<\/p>\n<p class=\"p1\"><span style=\"font-size: 18pt; color: #139eca;\"><strong>PEGA Y CORRE<\/strong><\/span><\/p>\n<p class=\"p1\"><span style=\"font-size: 14pt;\">De nuevo un ex gobernador de la oposici\u00f3n se vuelve por arte de magia, diplom\u00e1tico. Ahora, Joaqu\u00edn Gonz\u00e1lez se va a representar a M\u00e9xico en Canad\u00e1, y el Presidente sigue dividiendo a los partidos de oposici\u00f3n.<\/span><\/p>\n<p>&nbsp;<\/p>\n<p>&nbsp;<\/p>\n<p><span style=\"font-size: 18pt; color: #319eca;\"><em><strong>**Las columnas firmadas en este medio son responsabilidad de quienes las firman**<\/strong><\/em><\/span><\/p>\n<p>&nbsp;<\/p>\n<p>&nbsp;<\/p>\n","protected":false},"excerpt":{"rendered":"<p>Por \u00c1ngel \u00c1lvaro Pe\u00f1a El tiempo pone a cada quien en su lugar y termina con ingenuidades, mentiras y promesas.<\/p>\n","protected":false},"author":4,"featured_media":3775,"comment_status":"closed","ping_status":"closed","sticky":false,"template":"","format":"standard","meta":{"colormag_page_container_layout":"default_layout","colormag_page_sidebar_layout":"default_layout","_jetpack_memberships_contains_paid_content":false,"footnotes":"","jetpack_publicize_message":"","jetpack_publicize_feature_enabled":true,"jetpack_social_post_already_shared":false,"jetpack_social_options":{"image_generator_settings":{"template":"highway","default_image_id":0,"font":"","enabled":false},"version":2}},"categories":[26],"tags":[],"class_list":["post-10108","post","type-post","status-publish","format-standard","has-post-thumbnail","hentry","category-columnistas"],"jetpack_publicize_connections":[],"jetpack_featured_media_url":"https:\/\/i0.wp.com\/politicosaldesnudo.com.mx\/wp-content\/uploads\/2022\/04\/A%CC%81NGEL-A%CC%81LVARO-PEN%CC%83A1.png?fit=1816%2C1016&ssl=1","jetpack-related-posts":[],"jetpack_sharing_enabled":true,"_links":{"self":[{"href":"https:\/\/politicosaldesnudo.com.mx\/index.php\/wp-json\/wp\/v2\/posts\/10108","targetHints":{"allow":["GET"]}}],"collection":[{"href":"https:\/\/politicosaldesnudo.com.mx\/index.php\/wp-json\/wp\/v2\/posts"}],"about":[{"href":"https:\/\/politicosaldesnudo.com.mx\/index.php\/wp-json\/wp\/v2\/types\/post"}],"author":[{"embeddable":true,"href":"https:\/\/politicosaldesnudo.com.mx\/index.php\/wp-json\/wp\/v2\/users\/4"}],"replies":[{"embeddable":true,"href":"https:\/\/politicosaldesnudo.com.mx\/index.php\/wp-json\/wp\/v2\/comments?post=10108"}],"version-history":[{"count":0,"href":"https:\/\/politicosaldesnudo.com.mx\/index.php\/wp-json\/wp\/v2\/posts\/10108\/revisions"}],"wp:featuredmedia":[{"embeddable":true,"href":"https:\/\/politicosaldesnudo.com.mx\/index.php\/wp-json\/wp\/v2\/media\/3775"}],"wp:attachment":[{"href":"https:\/\/politicosaldesnudo.com.mx\/index.php\/wp-json\/wp\/v2\/media?parent=10108"}],"wp:term":[{"taxonomy":"category","embeddable":true,"href":"https:\/\/politicosaldesnudo.com.mx\/index.php\/wp-json\/wp\/v2\/categories?post=10108"},{"taxonomy":"post_tag","embeddable":true,"href":"https:\/\/politicosaldesnudo.com.mx\/index.php\/wp-json\/wp\/v2\/tags?post=10108"}],"curies":[{"name":"wp","href":"https:\/\/api.w.org\/{rel}","templated":true}]}}