{"id":10185,"date":"2022-09-15T07:05:14","date_gmt":"2022-09-15T12:05:14","guid":{"rendered":"https:\/\/politicosaldesnudo.com.mx\/?p=10185"},"modified":"2022-09-15T07:27:37","modified_gmt":"2022-09-15T12:27:37","slug":"hasta-2028-diputados-lo-aprueban-ejercito-a-cargo-de-la-seguridad-publica","status":"publish","type":"post","link":"https:\/\/politicosaldesnudo.com.mx\/index.php\/2022\/09\/15\/hasta-2028-diputados-lo-aprueban-ejercito-a-cargo-de-la-seguridad-publica\/","title":{"rendered":"Hasta 2028: Diputados lo aprueban, Ej\u00e9rcito a cargo de la seguridad p\u00fablica"},"content":{"rendered":"<p>&nbsp;<\/p>\n<p class=\"p1\"><span style=\"font-size: 14pt;\"><em><strong>CIUDAD DE M\u00c9XICO.<\/strong> <\/em>La\u00a0<strong>C\u00e1mara de Diputados\u00a0aprob\u00f3 en lo general y en lo particular la ampliaci\u00f3n de la permanencia de la\u00a0Guardia Nacional\u00a0<\/strong>con cambios para que sea como su planteamiento original al 2028 y no al 2029, con el voto de los diputados del PRI, Morena, PT y Verde Ecologista.<\/span><\/p>\n<p class=\"p1\"><span style=\"font-size: 18pt;\"><strong>Se aprob\u00f3 con 335 votos a favor, 152 en contra y abstenci\u00f3n. Durante el debate se acept\u00f3 la reserva del vicecoordinador del PT, Reginaldo Sandoval Flores quien propuso que la\u00a0participaci\u00f3n del Ej\u00e9rcito\u00a0no exceda del 30 de marzo de 2028, lo cual acota el plazo a nueve a\u00f1os.<\/strong><\/span><\/p>\n<blockquote class=\"twitter-tweet\" data-width=\"550\" data-dnt=\"true\">\n<p lang=\"es\" dir=\"ltr\"><a href=\"https:\/\/twitter.com\/hashtag\/%C3%9AltimaHora?src=hash&amp;ref_src=twsrc%5Etfw\">#\u00daltimaHora<\/a> 335 votos a favor, 152 en contra y 1 abstenci\u00f3n. Aprueba el Pleno el dictamen que reforma diversas disposiciones de la Constituci\u00f3n en materia de Guardia Nacional, a fin de ampliar el periodo de participaci\u00f3n de las Fuerzas Armadas en tareas de seguridad p\u00fablica. <a href=\"https:\/\/t.co\/DFt1u6aSj7\">pic.twitter.com\/DFt1u6aSj7<\/a><\/p>\n<p>&mdash; C\u00e1mara de Diputados (@Mx_Diputados) <a href=\"https:\/\/twitter.com\/Mx_Diputados\/status\/1570192369110089728?ref_src=twsrc%5Etfw\">September 14, 2022<\/a><\/p><\/blockquote>\n<p><script async src=\"https:\/\/platform.twitter.com\/widgets.js\" charset=\"utf-8\"><\/script><\/p>\n<p>&nbsp;<\/p>\n<p class=\"p1\"><span style=\"font-size: 18pt;\"><strong>Apenas este martes, se hab\u00eda aprobado en la Comisi\u00f3n de Puntos Constitucionales, la reserva de la diputada del PRI Cristina Ruiz, para agregar un a\u00f1o m\u00e1s de gracia al plazo que originalmente hab\u00eda planteado la diputada Yolanda de la Torre para ampliar hasta 2028 el Quinto Transitorio del decreto de creaci\u00f3n de la GN que se expidi\u00f3 en 2019.<\/strong><\/span><\/p>\n<p class=\"p1\"><span style=\"font-size: 14pt;\">Tambi\u00e9n se aprobaron la reserva de la diputada del PT, Magdalena del Socorro N\u00fa\u00f1ez Monreal, para que el titular del Secretariado Ejecutivo del Sistema Nacional de Seguridad P\u00fablica deber\u00e1 rendir un informe cada periodo ordinario de sesiones ante el Pleno de la C\u00e1mara de diputados y el pleno de la c\u00e1mara de Senadores en el que d\u00e9 cuenta del avance en la conformaci\u00f3n y capacitaci\u00f3n de los cuerpos de seguridad civil de estados y municipios.<\/span><\/p>\n<p>&nbsp;<\/p>\n<p><img data-recalc-dims=\"1\" loading=\"lazy\" decoding=\"async\" class=\"aligncenter wp-image-10186 size-large\" src=\"https:\/\/i0.wp.com\/politicosaldesnudo.com.mx\/wp-content\/uploads\/2022\/09\/P-EJE%CC%81RCITO-SEGURIDAD1-1024x573.png?resize=800%2C448&#038;ssl=1\" alt=\"\" width=\"800\" height=\"448\" srcset=\"https:\/\/i0.wp.com\/politicosaldesnudo.com.mx\/wp-content\/uploads\/2022\/09\/P-EJE%CC%81RCITO-SEGURIDAD1.png?resize=1024%2C573&amp;ssl=1 1024w, https:\/\/i0.wp.com\/politicosaldesnudo.com.mx\/wp-content\/uploads\/2022\/09\/P-EJE%CC%81RCITO-SEGURIDAD1.png?resize=300%2C168&amp;ssl=1 300w, https:\/\/i0.wp.com\/politicosaldesnudo.com.mx\/wp-content\/uploads\/2022\/09\/P-EJE%CC%81RCITO-SEGURIDAD1.png?resize=768%2C430&amp;ssl=1 768w, https:\/\/i0.wp.com\/politicosaldesnudo.com.mx\/wp-content\/uploads\/2022\/09\/P-EJE%CC%81RCITO-SEGURIDAD1.png?resize=1536%2C859&amp;ssl=1 1536w, https:\/\/i0.wp.com\/politicosaldesnudo.com.mx\/wp-content\/uploads\/2022\/09\/P-EJE%CC%81RCITO-SEGURIDAD1.png?w=1816&amp;ssl=1 1816w, https:\/\/i0.wp.com\/politicosaldesnudo.com.mx\/wp-content\/uploads\/2022\/09\/P-EJE%CC%81RCITO-SEGURIDAD1.png?w=1600&amp;ssl=1 1600w\" sizes=\"auto, (max-width: 800px) 100vw, 800px\" \/><\/p>\n<p>&nbsp;<\/p>\n<p class=\"p1\"><span style=\"font-size: 18pt;\"><strong>Para defender su iniciativa, la diputada priista Yolanda de la Torre, subi\u00f3 a tribuna con sus compa\u00f1eros de bancada, el diputado y presidente nacional del PRI, Alejandro Moreno, y el coordinador Rub\u00e9n Moreira. La priista hizo un llamado a las fuerzas pol\u00edticas para apoyar su iniciativa y as\u00ed generar los tiempos para que las polic\u00edas locales se fortalezcan.<\/strong><\/span><\/p>\n<p class=\"p1\"><span style=\"font-size: 14pt;\">Los estados y municipios necesitan tiempo y recursos para fortalecer sus polic\u00edas, o permitimos que las Fuerzas Armadas los acompa\u00f1en unos a\u00f1os m\u00e1s o los estados estar\u00e1n secuestrados por el crimen. El PRI vot\u00f3 en contra de que la Guardia Nacional tenga mando militar, pero creemos que las fuerzas armadas deben acompa\u00f1arla en su fortalecimiento por unos a\u00f1os m\u00e1s\u201d, asegur\u00f3.<\/span><\/p>\n<p class=\"p1\"><span style=\"font-size: 18pt;\"><strong>En pro de la iniciativa, la morenista Andrea Ch\u00e1vez Trevi\u00f1o asegur\u00f3 que, a 4 a\u00f1os de gobierno gracias a la Guardia Nacional M\u00e9xico se cumple con el est\u00e1ndar internacional de las Naciones Unidas de contar con 2.8 polic\u00edas por cada mil habitantes.<\/strong><\/span><\/p>\n<p class=\"p1\"><span style=\"font-size: 14pt;\">Con lo anterior, el presidente Andr\u00e9s Manuel L\u00f3pez Obrador podr\u00e1 disponer de las fuerzas armadas en tareas de seguridad p\u00fablica hasta el a\u00f1o 2028.<\/span><\/p>\n<p class=\"p1\"><span style=\"font-size: 14pt;\">El dictamen pasa ahora al Senado de la Rep\u00fablica para sus efectos constitucionales.<\/span><\/p>\n<p>&nbsp;<\/p>\n<p>&nbsp;<\/p>\n<p>&nbsp;<\/p>\n<p>&nbsp;<\/p>\n<p>&nbsp;<\/p>\n","protected":false},"excerpt":{"rendered":"<p>&nbsp; CIUDAD DE M\u00c9XICO. La\u00a0C\u00e1mara de Diputados\u00a0aprob\u00f3 en lo general y en lo particular la ampliaci\u00f3n de la permanencia de<\/p>\n","protected":false},"author":4,"featured_media":10187,"comment_status":"closed","ping_status":"closed","sticky":false,"template":"","format":"standard","meta":{"colormag_page_container_layout":"default_layout","colormag_page_sidebar_layout":"default_layout","_jetpack_memberships_contains_paid_content":false,"footnotes":"","jetpack_publicize_message":"","jetpack_publicize_feature_enabled":true,"jetpack_social_post_already_shared":false,"jetpack_social_options":{"image_generator_settings":{"template":"highway","default_image_id":0,"font":"","enabled":false},"version":2}},"categories":[33],"tags":[1393,742,529,42,226,635],"class_list":["post-10185","post","type-post","status-publish","format-standard","has-post-thumbnail","hentry","category-nacional","tag-diputados","tag-ejercito","tag-guardia-nacional","tag-mexico","tag-pri","tag-seguridad-publica"],"jetpack_publicize_connections":[],"jetpack_featured_media_url":"https:\/\/i0.wp.com\/politicosaldesnudo.com.mx\/wp-content\/uploads\/2022\/09\/P-EJE%CC%81RCITO-SEGURIDAD2.png?fit=1816%2C1016&ssl=1","jetpack-related-posts":[],"jetpack_sharing_enabled":true,"_links":{"self":[{"href":"https:\/\/politicosaldesnudo.com.mx\/index.php\/wp-json\/wp\/v2\/posts\/10185","targetHints":{"allow":["GET"]}}],"collection":[{"href":"https:\/\/politicosaldesnudo.com.mx\/index.php\/wp-json\/wp\/v2\/posts"}],"about":[{"href":"https:\/\/politicosaldesnudo.com.mx\/index.php\/wp-json\/wp\/v2\/types\/post"}],"author":[{"embeddable":true,"href":"https:\/\/politicosaldesnudo.com.mx\/index.php\/wp-json\/wp\/v2\/users\/4"}],"replies":[{"embeddable":true,"href":"https:\/\/politicosaldesnudo.com.mx\/index.php\/wp-json\/wp\/v2\/comments?post=10185"}],"version-history":[{"count":0,"href":"https:\/\/politicosaldesnudo.com.mx\/index.php\/wp-json\/wp\/v2\/posts\/10185\/revisions"}],"wp:featuredmedia":[{"embeddable":true,"href":"https:\/\/politicosaldesnudo.com.mx\/index.php\/wp-json\/wp\/v2\/media\/10187"}],"wp:attachment":[{"href":"https:\/\/politicosaldesnudo.com.mx\/index.php\/wp-json\/wp\/v2\/media?parent=10185"}],"wp:term":[{"taxonomy":"category","embeddable":true,"href":"https:\/\/politicosaldesnudo.com.mx\/index.php\/wp-json\/wp\/v2\/categories?post=10185"},{"taxonomy":"post_tag","embeddable":true,"href":"https:\/\/politicosaldesnudo.com.mx\/index.php\/wp-json\/wp\/v2\/tags?post=10185"}],"curies":[{"name":"wp","href":"https:\/\/api.w.org\/{rel}","templated":true}]}}