{"id":10209,"date":"2022-09-15T16:34:01","date_gmt":"2022-09-15T21:34:01","guid":{"rendered":"https:\/\/politicosaldesnudo.com.mx\/?p=10209"},"modified":"2022-09-15T16:34:58","modified_gmt":"2022-09-15T21:34:58","slug":"marko-cortes-no-habra-relacion-con-dirigencia-del-pri-se-perdio-la-confianza","status":"publish","type":"post","link":"https:\/\/politicosaldesnudo.com.mx\/index.php\/2022\/09\/15\/marko-cortes-no-habra-relacion-con-dirigencia-del-pri-se-perdio-la-confianza\/","title":{"rendered":"Marko Cort\u00e9s: No habr\u00e1 relaci\u00f3n con dirigencia del PRI, \u201cse perdi\u00f3 la confianza\u201d"},"content":{"rendered":"<p class=\"p1\"><span style=\"font-size: 14pt;\"><em><strong>DURANGO, DURANGO.<\/strong> <\/em>El presidente nacional del PAN,<strong> Marko Cort\u00e9s, inform\u00f3 que no tendr\u00e1 m\u00e1s relaci\u00f3n con el dirigente del PRI, Alejandro Moreno<\/strong>, bajo el argumento de que se perdi\u00f3 la confianza al deshonrar su palabra e incumplir los acuerdos de la alianza Va por M\u00e9xico.<\/span><\/p>\n<p class=\"p1\"><span style=\"font-size: 18pt;\"><strong>Tras la toma de protesta del priista Esteban Villegas como gobernador de Durango, <span style=\"color: #139eca;\">el panista sostuvo que ya no se tiene confianza<\/span> en el l\u00edder priista, despu\u00e9s que <span style=\"color: #139eca;\">el partido tricolor votara a favor de ampliar la presencia del Ej\u00e9rcito en tareas de seguridad p\u00fablica hasta 2028.<\/span><\/strong><\/span><\/p>\n<p>&nbsp;<\/p>\n<p><img data-recalc-dims=\"1\" loading=\"lazy\" decoding=\"async\" class=\"aligncenter wp-image-10211 size-large\" src=\"https:\/\/i0.wp.com\/politicosaldesnudo.com.mx\/wp-content\/uploads\/2022\/09\/P-MARKO-CORTES-ROMPECON-PRI2-1024x573.png?resize=800%2C448&#038;ssl=1\" alt=\"\" width=\"800\" height=\"448\" srcset=\"https:\/\/i0.wp.com\/politicosaldesnudo.com.mx\/wp-content\/uploads\/2022\/09\/P-MARKO-CORTES-ROMPECON-PRI2.png?resize=1024%2C573&amp;ssl=1 1024w, https:\/\/i0.wp.com\/politicosaldesnudo.com.mx\/wp-content\/uploads\/2022\/09\/P-MARKO-CORTES-ROMPECON-PRI2.png?resize=300%2C168&amp;ssl=1 300w, https:\/\/i0.wp.com\/politicosaldesnudo.com.mx\/wp-content\/uploads\/2022\/09\/P-MARKO-CORTES-ROMPECON-PRI2.png?resize=768%2C430&amp;ssl=1 768w, https:\/\/i0.wp.com\/politicosaldesnudo.com.mx\/wp-content\/uploads\/2022\/09\/P-MARKO-CORTES-ROMPECON-PRI2.png?resize=1536%2C859&amp;ssl=1 1536w, https:\/\/i0.wp.com\/politicosaldesnudo.com.mx\/wp-content\/uploads\/2022\/09\/P-MARKO-CORTES-ROMPECON-PRI2.png?w=1816&amp;ssl=1 1816w, https:\/\/i0.wp.com\/politicosaldesnudo.com.mx\/wp-content\/uploads\/2022\/09\/P-MARKO-CORTES-ROMPECON-PRI2.png?w=1600&amp;ssl=1 1600w\" sizes=\"auto, (max-width: 800px) 100vw, 800px\" \/><\/p>\n<p>&nbsp;<\/p>\n<blockquote>\n<p class=\"p1\"><span style=\"font-size: 14pt;\">Hemos dicho con claridad que ya no habr\u00e1 relaci\u00f3n porque ya se perdi\u00f3 la confianza con la dirigencia nacional del PRI porque se deshonr\u00f3 la palabra y se incumplieron los acuerdos\u201d<\/span><\/p>\n<\/blockquote>\n<p>&nbsp;<\/p>\n<p class=\"p1\"><span style=\"font-size: 18pt;\"><strong>Durante el evento, los tres dirigentes (del PRI, PAN y PRD) se colocaron en primera fila y distanciados, reunidos por bloques de partido. Destac\u00f3 que, tanto Jes\u00fas Zambrano y Cort\u00e9s Mendoza le negaron el saludo a Moreno C\u00e1rdenas, quien asisti\u00f3 a la toma de protesta.<\/strong><\/span><\/p>\n<p>&nbsp;<\/p>\n<p><img data-recalc-dims=\"1\" loading=\"lazy\" decoding=\"async\" class=\"aligncenter wp-image-10210 size-large\" src=\"https:\/\/i0.wp.com\/politicosaldesnudo.com.mx\/wp-content\/uploads\/2022\/09\/P-MARKO-CORTES-ROMPECON-PRI-1024x573.png?resize=800%2C448&#038;ssl=1\" alt=\"\" width=\"800\" height=\"448\" srcset=\"https:\/\/i0.wp.com\/politicosaldesnudo.com.mx\/wp-content\/uploads\/2022\/09\/P-MARKO-CORTES-ROMPECON-PRI.png?resize=1024%2C573&amp;ssl=1 1024w, https:\/\/i0.wp.com\/politicosaldesnudo.com.mx\/wp-content\/uploads\/2022\/09\/P-MARKO-CORTES-ROMPECON-PRI.png?resize=300%2C168&amp;ssl=1 300w, https:\/\/i0.wp.com\/politicosaldesnudo.com.mx\/wp-content\/uploads\/2022\/09\/P-MARKO-CORTES-ROMPECON-PRI.png?resize=768%2C430&amp;ssl=1 768w, https:\/\/i0.wp.com\/politicosaldesnudo.com.mx\/wp-content\/uploads\/2022\/09\/P-MARKO-CORTES-ROMPECON-PRI.png?resize=1536%2C859&amp;ssl=1 1536w, https:\/\/i0.wp.com\/politicosaldesnudo.com.mx\/wp-content\/uploads\/2022\/09\/P-MARKO-CORTES-ROMPECON-PRI.png?w=1816&amp;ssl=1 1816w, https:\/\/i0.wp.com\/politicosaldesnudo.com.mx\/wp-content\/uploads\/2022\/09\/P-MARKO-CORTES-ROMPECON-PRI.png?w=1600&amp;ssl=1 1600w\" sizes=\"auto, (max-width: 800px) 100vw, 800px\" \/><\/p>\n<blockquote><p>&nbsp;<\/p>\n<p class=\"p1\"><span style=\"font-size: 14pt;\">Nosotros estaremos observando c\u00f3mo votan las y los senadores del PRI, esperemos que sean consistentes con lo que han dicho hasta ahorita, que van a votar en contra y a partir de ah\u00ed, yo convocar\u00e9 a los \u00f3rganos del partido para en su momento tomar una definici\u00f3n\u201d<\/span><\/p>\n<\/blockquote>\n<p>&nbsp;<\/p>\n<p class=\"p1\"><span style=\"font-size: 14pt;\"><span style=\"font-size: 18pt;\"><strong>Por su parte, \u201cAlito\u201d lleg\u00f3 a acompa\u00f1ado del presidente de la C\u00e1mara de Diputados, Santiago Creel, mientras que el dirigente perredista entr\u00f3 al recinto junto con el coordinador de su partido en San L\u00e1zaro, Luis Espinoza Ch\u00e1zaro.<\/strong><\/span><\/span><\/p>\n<p class=\"p1\"><span style=\"font-size: 14pt;\">Cabe recordar que Villegas fue postulado por la alianza Va por M\u00e9xico, obteniendo el triunfo en las elecciones de junio pasado.<\/span><\/p>\n<p>&nbsp;<\/p>\n<p>&nbsp;<\/p>\n<p>&nbsp;<\/p>\n<p>&nbsp;<\/p>\n<p>&nbsp;<\/p>\n<p>&nbsp;<\/p>\n","protected":false},"excerpt":{"rendered":"<p>DURANGO, DURANGO. El presidente nacional del PAN, Marko Cort\u00e9s, inform\u00f3 que no tendr\u00e1 m\u00e1s relaci\u00f3n con el dirigente del PRI,<\/p>\n","protected":false},"author":4,"featured_media":10212,"comment_status":"closed","ping_status":"closed","sticky":false,"template":"","format":"standard","meta":{"colormag_page_container_layout":"default_layout","colormag_page_sidebar_layout":"default_layout","_jetpack_memberships_contains_paid_content":false,"footnotes":"","jetpack_publicize_message":"","jetpack_publicize_feature_enabled":true,"jetpack_social_post_already_shared":false,"jetpack_social_options":{"image_generator_settings":{"template":"highway","default_image_id":0,"font":"","enabled":false},"version":2}},"categories":[33],"tags":[447,926,1461,930,103,226,244],"class_list":["post-10209","post","type-post","status-publish","format-standard","has-post-thumbnail","hentry","category-nacional","tag-alejandro-moreno","tag-durango","tag-esteban-villegas","tag-marko-cortes","tag-pan","tag-pri","tag-va-por-mexico"],"jetpack_publicize_connections":[],"jetpack_featured_media_url":"https:\/\/i0.wp.com\/politicosaldesnudo.com.mx\/wp-content\/uploads\/2022\/09\/P-P-MARKO-CORTES-ROMPECON-PRI3.png?fit=1816%2C1016&ssl=1","jetpack-related-posts":[],"jetpack_sharing_enabled":true,"_links":{"self":[{"href":"https:\/\/politicosaldesnudo.com.mx\/index.php\/wp-json\/wp\/v2\/posts\/10209","targetHints":{"allow":["GET"]}}],"collection":[{"href":"https:\/\/politicosaldesnudo.com.mx\/index.php\/wp-json\/wp\/v2\/posts"}],"about":[{"href":"https:\/\/politicosaldesnudo.com.mx\/index.php\/wp-json\/wp\/v2\/types\/post"}],"author":[{"embeddable":true,"href":"https:\/\/politicosaldesnudo.com.mx\/index.php\/wp-json\/wp\/v2\/users\/4"}],"replies":[{"embeddable":true,"href":"https:\/\/politicosaldesnudo.com.mx\/index.php\/wp-json\/wp\/v2\/comments?post=10209"}],"version-history":[{"count":0,"href":"https:\/\/politicosaldesnudo.com.mx\/index.php\/wp-json\/wp\/v2\/posts\/10209\/revisions"}],"wp:featuredmedia":[{"embeddable":true,"href":"https:\/\/politicosaldesnudo.com.mx\/index.php\/wp-json\/wp\/v2\/media\/10212"}],"wp:attachment":[{"href":"https:\/\/politicosaldesnudo.com.mx\/index.php\/wp-json\/wp\/v2\/media?parent=10209"}],"wp:term":[{"taxonomy":"category","embeddable":true,"href":"https:\/\/politicosaldesnudo.com.mx\/index.php\/wp-json\/wp\/v2\/categories?post=10209"},{"taxonomy":"post_tag","embeddable":true,"href":"https:\/\/politicosaldesnudo.com.mx\/index.php\/wp-json\/wp\/v2\/tags?post=10209"}],"curies":[{"name":"wp","href":"https:\/\/api.w.org\/{rel}","templated":true}]}}