{"id":10221,"date":"2022-09-16T07:02:44","date_gmt":"2022-09-16T12:02:44","guid":{"rendered":"https:\/\/politicosaldesnudo.com.mx\/?p=10221"},"modified":"2022-09-16T08:23:45","modified_gmt":"2022-09-16T13:23:45","slug":"carceles-con-inocentes-o-impunidad-en-las-calles","status":"publish","type":"post","link":"https:\/\/politicosaldesnudo.com.mx\/index.php\/2022\/09\/16\/carceles-con-inocentes-o-impunidad-en-las-calles\/","title":{"rendered":"C\u00e1rceles con inocentes o impunidad en las calles"},"content":{"rendered":"<p>&nbsp;<\/p>\n<p class=\"p1\"><span style=\"font-size: 18pt;\"><strong>Por \u00c1ngel \u00c1lvaro Pe\u00f1a<\/strong><\/span><\/p>\n<p class=\"p1\"><span style=\"font-size: 14pt;\">Los reclusorios del pa\u00eds son el reflejo de la ineficiencia de la procuraci\u00f3n de justicia del pa\u00eds.\u00a0\u00a0<span style=\"color: #139eca;\"><strong>El rezago de los trabajaos que implican hacer justicia en M\u00e9xico es impredecible<\/strong><\/span>. Hay n\u00fameros que se convierten en aproximaciones, mientras las condiciones de los reos no cambian en muchos a\u00f1os.<\/span><\/p>\n<p class=\"p1\"><span style=\"font-size: 18pt;\"><strong>Carlos Antonio Alp\u00edzar Salazar, secretario general de la Presidencia del Consejo de la Judicatura Federal, anunci\u00f3 que se revisan 2 mil 12 casos de personas en prisi\u00f3n para analizar la posibilidad de que sean liberadas. Cantidad que resulta absurda ante el rezago de d\u00e9cadas en este proceso que debi\u00f3 corregirse desde el inicio del sexenio para mostrar una verdadera transformaci\u00f3n, porque el reflejo de una aut\u00e9ntica democracia se refleja en las c\u00e1rceles y los hospitales y en M\u00e9xico esto significa que en m\u00e1s de un caso hay retraso.<\/strong><\/span><\/p>\n<p>&nbsp;<\/p>\n<p><img data-recalc-dims=\"1\" loading=\"lazy\" decoding=\"async\" class=\"aligncenter wp-image-10222 size-large\" src=\"https:\/\/i0.wp.com\/politicosaldesnudo.com.mx\/wp-content\/uploads\/2022\/09\/P-CARLOS-ALPIZAR-CARCELES1-1024x573.png?resize=800%2C448&#038;ssl=1\" alt=\"\" width=\"800\" height=\"448\" srcset=\"https:\/\/i0.wp.com\/politicosaldesnudo.com.mx\/wp-content\/uploads\/2022\/09\/P-CARLOS-ALPIZAR-CARCELES1.png?resize=1024%2C573&amp;ssl=1 1024w, https:\/\/i0.wp.com\/politicosaldesnudo.com.mx\/wp-content\/uploads\/2022\/09\/P-CARLOS-ALPIZAR-CARCELES1.png?resize=300%2C168&amp;ssl=1 300w, https:\/\/i0.wp.com\/politicosaldesnudo.com.mx\/wp-content\/uploads\/2022\/09\/P-CARLOS-ALPIZAR-CARCELES1.png?resize=768%2C430&amp;ssl=1 768w, https:\/\/i0.wp.com\/politicosaldesnudo.com.mx\/wp-content\/uploads\/2022\/09\/P-CARLOS-ALPIZAR-CARCELES1.png?resize=1536%2C859&amp;ssl=1 1536w, https:\/\/i0.wp.com\/politicosaldesnudo.com.mx\/wp-content\/uploads\/2022\/09\/P-CARLOS-ALPIZAR-CARCELES1.png?w=1816&amp;ssl=1 1816w, https:\/\/i0.wp.com\/politicosaldesnudo.com.mx\/wp-content\/uploads\/2022\/09\/P-CARLOS-ALPIZAR-CARCELES1.png?w=1600&amp;ssl=1 1600w\" sizes=\"auto, (max-width: 800px) 100vw, 800px\" \/><\/p>\n<p>&nbsp;<\/p>\n<p class=\"p1\"><span style=\"font-size: 14pt;\">En el momento en que la justicia se equivoca surge la injusticia. Y la injusticia es la constante en las c\u00e1rceles del pa\u00eds en todos sus niveles.<\/span><\/p>\n<p class=\"p1\"><span style=\"font-size: 18pt;\"><strong>En junio y septiembre, 329 personas fueron beneficiadas con su liberaci\u00f3n. Ahora vienen otros, en una pr\u00e1ctica que deber\u00e1 ser constante y no una fecha excepcional. Porque en las 289 c\u00e1rceles que hay en M\u00e9xico <span style=\"color: #139eca;\">hay 92 mil 595 reos sujetos a proceso sin que a la fecha hayan recibido sentencia<\/span>, seg\u00fan informa la Secretar\u00eda de Seguridad y Protecci\u00f3n Ciudadana. Se trata de 40 por ciento de los 226 mil 916 presos que hay en el pa\u00eds, apunta el informe actualizado a junio de 2022.<\/strong><\/span><\/p>\n<p class=\"p1\"><span style=\"font-size: 14pt;\">En total, se ha liberado a mil 198 personas, como ejemplo del trabajo conjunto, coordinado e institucional entre los Poderes Judicial y Ejecutivo, con respeto a la autonom\u00eda e independencia de jueces y magistrados, dijo Alp\u00edzar Salazar. Hace meses se anunci\u00f3 que quienes demuestren que fueron detenidos violentamente o sufrieron tortura deben liberarse de inmediato; sin embargo, no se ha avanzado en este sentido.<\/span><\/p>\n<p class=\"p1\"><span style=\"font-size: 14pt;\">Porque delitos inventados como ultrajes a la autoridad fue el pretexto para fabricar delincuentes, sobre todo en el \u00e1mbito pol\u00edtico. Desde hace poco m\u00e1s de a\u00f1o y medio este delito fue utilizado como anzuelo contra contrincantes pol\u00edticos y a partir de esta ejecuci\u00f3n surgi\u00f3 la Ley Franco, por ser Rogelio Franco Cast\u00e1n la primera v\u00edctima de ese abuso de autoridad, quien por cierto sigue en la c\u00e1rcel, sin que haya fuerza humana que le otorgue la libertad, y que no hay sentencia y de haberla ya la cumpli\u00f3 satisfactoriamente, porque ninguno de los delitos que se le impusieron injustificadamente, es grave.<\/span><\/p>\n<p class=\"p1\"><span style=\"font-size: 18pt;\"><strong>Alp\u00edzar Salazar destac\u00f3 el trabajo del ministro presidente Arturo Zald\u00edvar y asegur\u00f3 que hace un gran esfuerzo para que la justicia no s\u00f3lo privilegie a quienes m\u00e1s tienen; sin embargo, debe tomarse en cuenta que la esperanza de cada d\u00eda de cientos de prisioneros es obtener la libertad que siempre debi\u00f3 ser propia, pero errores, malas intenciones, trampas, enemigos, los enclaustraron por venganza y no por legalidad.<\/strong><\/span><\/p>\n<p class=\"p1\"><span style=\"font-size: 14pt;\">Reconoci\u00f3 que se contin\u00faa teniendo una justicia con la que personas inocentes se encuentran en las c\u00e1rceles, pero no especific\u00f3 el hecho de que hay presos pol\u00edticos, presos de conciencia que no quieren las autoridades locales, estatales y nacionales reconocer.<\/span><\/p>\n<p class=\"p1\"><span style=\"font-size: 18pt;\"><strong>En M\u00e9xico existe saturaci\u00f3n en las c\u00e1rceles para delitos comunes mientras que <span style=\"color: #139eca;\">hay espacio en las\u00a014 prisiones de m\u00e1xima seguridad, por lo que se corre el riesgo de que gente inocente sea conducida a esos penales.<\/span> As\u00ed, las c\u00e1rceles de m\u00e1xima seguridad no est\u00e1n sobrepobladas o \u2018desbordadas\u2019; el nuevo director de Reclusorios, Hazael Ruiz, encontrar\u00e1 \u2018cifras negras\u2019, pero un gran compromiso en auditor\u00edas sobre recursos asignados para la construcci\u00f3n de los penales.<\/strong><\/span><\/p>\n<p>&nbsp;<\/p>\n<p><img data-recalc-dims=\"1\" loading=\"lazy\" decoding=\"async\" class=\"aligncenter wp-image-10224 size-large\" src=\"https:\/\/i0.wp.com\/politicosaldesnudo.com.mx\/wp-content\/uploads\/2022\/09\/P-CARLOS-ALPIZAR-CARCELES3-1024x573.png?resize=800%2C448&#038;ssl=1\" alt=\"\" width=\"800\" height=\"448\" srcset=\"https:\/\/i0.wp.com\/politicosaldesnudo.com.mx\/wp-content\/uploads\/2022\/09\/P-CARLOS-ALPIZAR-CARCELES3.png?resize=1024%2C573&amp;ssl=1 1024w, https:\/\/i0.wp.com\/politicosaldesnudo.com.mx\/wp-content\/uploads\/2022\/09\/P-CARLOS-ALPIZAR-CARCELES3.png?resize=300%2C168&amp;ssl=1 300w, https:\/\/i0.wp.com\/politicosaldesnudo.com.mx\/wp-content\/uploads\/2022\/09\/P-CARLOS-ALPIZAR-CARCELES3.png?resize=768%2C430&amp;ssl=1 768w, https:\/\/i0.wp.com\/politicosaldesnudo.com.mx\/wp-content\/uploads\/2022\/09\/P-CARLOS-ALPIZAR-CARCELES3.png?resize=1536%2C859&amp;ssl=1 1536w, https:\/\/i0.wp.com\/politicosaldesnudo.com.mx\/wp-content\/uploads\/2022\/09\/P-CARLOS-ALPIZAR-CARCELES3.png?w=1816&amp;ssl=1 1816w, https:\/\/i0.wp.com\/politicosaldesnudo.com.mx\/wp-content\/uploads\/2022\/09\/P-CARLOS-ALPIZAR-CARCELES3.png?w=1600&amp;ssl=1 1600w\" sizes=\"auto, (max-width: 800px) 100vw, 800px\" \/><\/p>\n<p>&nbsp;<\/p>\n<p class=\"p1\"><span style=\"font-size: 18pt;\"><strong>Por ejemplo, en el penal de m\u00e1xima seguridad El Altiplano, ubicado en el municipio de<span style=\"color: #139eca;\"> Almoloya de Ju\u00e1rez<\/span>, Estado de M\u00e9xico, <span style=\"color: #139eca;\">se cuenta con una capacidad instalada de 844 espacios y de estos est\u00e1n ocupados 524.<\/span><\/strong><\/span><\/p>\n<p class=\"p1\"><span style=\"font-size: 14pt;\">En uno de los estados m\u00e1s violentos, como Guanajuato, hay una importante saturaci\u00f3n. El gobernador Diego Sinuh\u00e9 inform\u00f3 que en este sexenio se han capturado al doble de delincuentes que, en el anterior, cuando gobern\u00f3 Miguel M\u00e1rquez, quien gobern\u00f3 de 2012 a 2018, cuando se encarcelaron a 850 personas, actualmente suman 2 mil 200 sentenciados. Asegur\u00f3 que las c\u00e1rceles est\u00e1n llenas y que esto ha llevado a una sobrepoblaci\u00f3n en la entidad.<\/span><\/p>\n<p class=\"p1\"><span style=\"font-size: 18pt;\"><strong>En M\u00e9xico hay evasores de la justicia libres, que gozan de impunidad por amiguismo, pero tambi\u00e9n hay inocentes presos, quienes al no contar con amigos en el sector de la justicia y carecer de dinero para contratar un abogado. Ambos casos implican una injusticia. Porque su aplicaci\u00f3n se llev\u00f3 a cabo de manera ilegal por muchos a\u00f1os y los extremos de inhumanidad se muestran todos los d\u00edas.<\/strong><\/span><\/p>\n<p class=\"p1\"><span style=\"font-size: 14pt;\">Ante este panorama \u00e1reas ligadas a la Secretar\u00eda de Hacienda y Cr\u00e9dito P\u00fablico investiga el proceso de licitaci\u00f3n, asignaci\u00f3n y recursos asignados para su construcci\u00f3n de ocho penales con participaci\u00f3n de la iniciativa privada.<\/span><\/p>\n<p class=\"p1\"><span style=\"font-size: 14pt;\">En los m\u00e1s recientes reportes de la Secretar\u00eda de Seguridad y Protecci\u00f3n Ciudadana sobre los penales se establece que al 9 de marzo de 2022 la poblaci\u00f3n en los 14 Centros Federales de Reinserci\u00f3n Social (Ceferesos) y Centros Federales de Rehabilitaci\u00f3n\u00a0Psicosocial (Ceferepsi) llegaba a 17 mil 277 personas.<\/span><\/p>\n<p class=\"p1\"><span style=\"font-size: 18pt;\"><strong>La situaci\u00f3n de los reos es s\u00f3lo producto de la injusticia que inicia en el momento mismo de la detenci\u00f3n, proceso que debe ser revisado caso por caso, as\u00ed como los miles de proceso de quienes fueron detenidos sin orden de aprehensi\u00f3n y otros que fueron aprehendidos sin mostrar la orden, condiciones que deben ser determinantes en la justicia mexicana, porque debe revisarse caso por caso, desde el inicio de su privaci\u00f3n de la libertad y tomando en cuenta las condiciones de este momento, que en muchas de ellas parece m\u00e1s un rapto que un acto de justicia.<\/strong><\/span><\/p>\n<p>&nbsp;<\/p>\n<p><img data-recalc-dims=\"1\" loading=\"lazy\" decoding=\"async\" class=\"aligncenter wp-image-10223 size-large\" src=\"https:\/\/i0.wp.com\/politicosaldesnudo.com.mx\/wp-content\/uploads\/2022\/09\/P-CARLOS-ALPIZAR-CARCELES2-1024x573.png?resize=800%2C448&#038;ssl=1\" alt=\"\" width=\"800\" height=\"448\" srcset=\"https:\/\/i0.wp.com\/politicosaldesnudo.com.mx\/wp-content\/uploads\/2022\/09\/P-CARLOS-ALPIZAR-CARCELES2.png?resize=1024%2C573&amp;ssl=1 1024w, https:\/\/i0.wp.com\/politicosaldesnudo.com.mx\/wp-content\/uploads\/2022\/09\/P-CARLOS-ALPIZAR-CARCELES2.png?resize=300%2C168&amp;ssl=1 300w, https:\/\/i0.wp.com\/politicosaldesnudo.com.mx\/wp-content\/uploads\/2022\/09\/P-CARLOS-ALPIZAR-CARCELES2.png?resize=768%2C430&amp;ssl=1 768w, https:\/\/i0.wp.com\/politicosaldesnudo.com.mx\/wp-content\/uploads\/2022\/09\/P-CARLOS-ALPIZAR-CARCELES2.png?resize=1536%2C859&amp;ssl=1 1536w, https:\/\/i0.wp.com\/politicosaldesnudo.com.mx\/wp-content\/uploads\/2022\/09\/P-CARLOS-ALPIZAR-CARCELES2.png?w=1816&amp;ssl=1 1816w, https:\/\/i0.wp.com\/politicosaldesnudo.com.mx\/wp-content\/uploads\/2022\/09\/P-CARLOS-ALPIZAR-CARCELES2.png?w=1600&amp;ssl=1 1600w\" sizes=\"auto, (max-width: 800px) 100vw, 800px\" \/><\/p>\n<p>&nbsp;<\/p>\n<p class=\"p1\"><span style=\"font-size: 18pt;\"><strong>La Ciudad de M\u00e9xico y el Estado de M\u00e9xico son las entidades que tienen la mayor cantidad de poblaci\u00f3n penitenciaria; por ello, tambi\u00e9n son las que <span style=\"color: #139eca;\">tienen el mayor n\u00famero de personas privadas de la libertad, sin sentencia, despu\u00e9s vienen Veracruz, Jalisco y Michoac\u00e1n.<\/span><\/strong><\/span><\/p>\n<p class=\"p1\"><span style=\"font-size: 14pt;\">Tras las rejas de las prisiones est\u00e1n relajadas las injusticias del presente y el pasado, y es necesario dedicarse al rezago antes de reformar leyes al respecto que s\u00f3lo insultan al sentido com\u00fan y hacen m\u00e1s intenso el sufrimiento de los inocentes en prisi\u00f3n al violarse impunemente sus derechos humanos.<\/span><\/p>\n<p class=\"p1\"><span style=\"font-size: 14pt;\">Porque es necesario meter a la c\u00e1rcel a funcionarios, pol\u00edticos, jueces, ministerios p\u00fablicos que encarcelaron injustamente a los inocentes.<\/span><\/p>\n<p>&nbsp;<\/p>\n<p class=\"p1\"><span style=\"font-size: 18pt; color: #139eca;\"><strong>PEGA Y CORRE<\/strong><\/span><\/p>\n<p class=\"p1\"><span style=\"font-size: 14pt;\">A pesar de la amistad que dice Ken Salazar tener con los mexicanos, anuncia que las alertas para que sus paisanos no visiten algunas entidades en nuestro pa\u00eds, continuar\u00e1n.<\/span><\/p>\n<p>&nbsp;<\/p>\n<p>&nbsp;<\/p>\n<p class=\"p1\"><span style=\"font-size: 18pt;\"><strong>Esta columna se publica los lunes, mi\u00e9rcoles y viernes<\/strong><\/span><\/p>\n<p>&nbsp;<\/p>\n<p><span style=\"font-size: 18pt; color: #319eca;\"><em><strong>**Las columnas firmadas en este medio son responsabilidad de quienes las firman**<\/strong><\/em><\/span><\/p>\n<p>&nbsp;<\/p>\n<p>&nbsp;<\/p>\n<p>&nbsp;<\/p>\n<p>&nbsp;<\/p>\n<p>&nbsp;<\/p>\n","protected":false},"excerpt":{"rendered":"<p>&nbsp; Por \u00c1ngel \u00c1lvaro Pe\u00f1a Los reclusorios del pa\u00eds son el reflejo de la ineficiencia de la procuraci\u00f3n de justicia<\/p>\n","protected":false},"author":4,"featured_media":3775,"comment_status":"closed","ping_status":"closed","sticky":false,"template":"","format":"standard","meta":{"colormag_page_container_layout":"default_layout","colormag_page_sidebar_layout":"default_layout","_jetpack_memberships_contains_paid_content":false,"footnotes":"","jetpack_publicize_message":"","jetpack_publicize_feature_enabled":true,"jetpack_social_post_already_shared":false,"jetpack_social_options":{"image_generator_settings":{"template":"highway","default_image_id":0,"font":"","enabled":false},"version":2}},"categories":[26],"tags":[1463,1464,1465,42],"class_list":["post-10221","post","type-post","status-publish","format-standard","has-post-thumbnail","hentry","category-columnistas","tag-carceles","tag-carlos-antonio-alpizar","tag-liberacion","tag-mexico"],"jetpack_publicize_connections":[],"jetpack_featured_media_url":"https:\/\/i0.wp.com\/politicosaldesnudo.com.mx\/wp-content\/uploads\/2022\/04\/A%CC%81NGEL-A%CC%81LVARO-PEN%CC%83A1.png?fit=1816%2C1016&ssl=1","jetpack-related-posts":[],"jetpack_sharing_enabled":true,"_links":{"self":[{"href":"https:\/\/politicosaldesnudo.com.mx\/index.php\/wp-json\/wp\/v2\/posts\/10221","targetHints":{"allow":["GET"]}}],"collection":[{"href":"https:\/\/politicosaldesnudo.com.mx\/index.php\/wp-json\/wp\/v2\/posts"}],"about":[{"href":"https:\/\/politicosaldesnudo.com.mx\/index.php\/wp-json\/wp\/v2\/types\/post"}],"author":[{"embeddable":true,"href":"https:\/\/politicosaldesnudo.com.mx\/index.php\/wp-json\/wp\/v2\/users\/4"}],"replies":[{"embeddable":true,"href":"https:\/\/politicosaldesnudo.com.mx\/index.php\/wp-json\/wp\/v2\/comments?post=10221"}],"version-history":[{"count":0,"href":"https:\/\/politicosaldesnudo.com.mx\/index.php\/wp-json\/wp\/v2\/posts\/10221\/revisions"}],"wp:featuredmedia":[{"embeddable":true,"href":"https:\/\/politicosaldesnudo.com.mx\/index.php\/wp-json\/wp\/v2\/media\/3775"}],"wp:attachment":[{"href":"https:\/\/politicosaldesnudo.com.mx\/index.php\/wp-json\/wp\/v2\/media?parent=10221"}],"wp:term":[{"taxonomy":"category","embeddable":true,"href":"https:\/\/politicosaldesnudo.com.mx\/index.php\/wp-json\/wp\/v2\/categories?post=10221"},{"taxonomy":"post_tag","embeddable":true,"href":"https:\/\/politicosaldesnudo.com.mx\/index.php\/wp-json\/wp\/v2\/tags?post=10221"}],"curies":[{"name":"wp","href":"https:\/\/api.w.org\/{rel}","templated":true}]}}