{"id":10337,"date":"2022-09-20T06:00:03","date_gmt":"2022-09-20T11:00:03","guid":{"rendered":"https:\/\/politicosaldesnudo.com.mx\/?p=10337"},"modified":"2022-09-20T07:07:05","modified_gmt":"2022-09-20T12:07:05","slug":"la-justicia-debe-ser-la-palabra-de-mexico","status":"publish","type":"post","link":"https:\/\/politicosaldesnudo.com.mx\/index.php\/2022\/09\/20\/la-justicia-debe-ser-la-palabra-de-mexico\/","title":{"rendered":"La justicia debe ser la palabra de M\u00e9xico"},"content":{"rendered":"<p>&nbsp;<\/p>\n<p class=\"p1\"><span style=\"font-size: 14pt;\"><span style=\"font-size: 18pt;\"><strong>Por Alberto Woolrich Ort\u00edz<\/strong><\/span><\/span><\/p>\n<p class=\"p1\"><span style=\"font-size: 14pt;\">La Academia de Derecho Penal del Colegio Nacional de Abogados, Foro de M\u00e9xico, A.C., ha meditado sobre cuestiones que afectan a nuestra Patria y, esas reflexiones no pueden estar completas sin dedicar unas l\u00edneas a la Justicia. Se estima que todos los que bregamos alrededor de nuestros recintos y de las leyes contamos con un ideal y un objetivo: la Justicia. Ya lo dec\u00eda Antonio Maura y Montaner, presidente del Consejo de Ministros por cinco ocasiones durante el reinado de Alfonso XIII: \u201cEs la \u00faltima de las vilezas consentir que en la Naci\u00f3n no haya justicia\u201d. Pero el problema es que en la actualidad la pol\u00edtica y el gobierno no saben donde est\u00e1 la Justicia.<span class=\"Apple-converted-space\">\u00a0<\/span><\/span><\/p>\n<p class=\"p1\"><span style=\"font-size: 14pt;\">Para hacernos s\u00f3lo una idea, aunque sea superficial, de la enorme dificultad que entra\u00f1a para la Cuarta Transformaci\u00f3n de la Naci\u00f3n la procuraci\u00f3n y persecuci\u00f3n de la Justicia, empezaremos por consagrar un aforismo jur\u00eddico que reza que: \u201c<b>Summun ius, summa injuria\u201d.<\/b> O lo que es lo mismo; si aplicamos estrictamente el derecho que emite y transmite Andr\u00e9s Manuel L\u00f3pez Obrador, ello produce la mayor injusticia. Estamos desmoralizados, jodidos. O sea, que si aplicamos la ley de la cuarta, a lo mejor &#8211;la peor&#8211; estamos vulnerando, desgraciando a la Justicia. Menuda brega, peque\u00f1o l\u00edo.<span class=\"Apple-converted-space\">\u00a0<\/span><\/span><\/p>\n<p class=\"p1\"><span style=\"font-size: 14pt;\">Charles Louis de Secodat, se\u00f1or de la Br\u00e9de y bar\u00f3n de Montesquieu, en su obra, \u201cDel esp\u00edritu de las leyes\u201d, nos leg\u00f3: \u201cNo hay tiran\u00eda m\u00e1s cruel que la que se perpetra bajo la protecci\u00f3n de la Ley y en nombre de la Justicia\u201d. Ahora los pensantes saben lo que puede ocurrir, con ciertas decretales y ocurrencias.<span class=\"Apple-converted-space\">\u00a0<\/span><\/span><\/p>\n<p class=\"p1\"><span style=\"font-size: 14pt;\">En el contexto de la historia jur\u00eddica internacional, nuestro inolvidable presidente Decano de la Academia Mexicana de Derecho Internacional, Don Luis de Gonzaga y Sevilla nos hizo aprender que: \u201cCada Pa\u00eds cuenta con un sistema legal para alcanzar el fin de la Justicia. Cada uno el propio. Y todos diferentes. En la Alemania nazi, bajo la ley todo estaba prohibido a menos que estuviera permitido; en la Francia de Charles de Gaulle, todo era permitido, menos lo que estaba prohibido; en la Uni\u00f3n Sovi\u00e9tica de Lenin todo estaba prohibido, incluso lo que estaba permitido. \u00bfD\u00f3nde \u00e9sta el M\u00e9xico de hoy?.<\/span><\/p>\n<p class=\"p1\"><span style=\"font-size: 14pt;\">En la b\u00fasqueda de la justicia de nuestra Patria es esencial que se sepa que la Academia de Derecho Penal del Colegio Nacional de Abogados, Foro de M\u00e9xico, no va a permitir decretales ni leyes ocurrentes, inconsistentes e inconstitucionales. No vamos a aplaudir m\u00e1s transgresiones a nuestra Constituci\u00f3n Pol\u00edtica de los Estados Unidos Mexicanos. As\u00ed fijamos las reglas del juego. La impunidad, la inseguridad,<span class=\"Apple-converted-space\">\u00a0 <\/span>las alianzas del narco-procurador con el narcotr\u00e1fico han tenido muchas reformas a nuestras reglas. Cada una de esas reformas le ha concedido m\u00e1s gananciales al narco-pol\u00edtico de referencia. Ninguna de ellas ha procurado ni perseguido justicia.<span class=\"Apple-converted-space\">\u00a0<\/span><\/span><\/p>\n<p class=\"p1\"><span style=\"font-size: 14pt;\">Lo que M\u00e9xico quiere ver es Justicia. Ver en la c\u00e1rcel al narco-pol\u00edtico que se apart\u00f3 de las reglas. Verle. S\u00f3lo verle. Y ya que<span class=\"Apple-converted-space\">\u00a0 <\/span>se le haya visto\u2026\u2026 Adi\u00f3s. <\/span><span style=\"font-size: 14pt;\">Es cuanto.<span class=\"Apple-converted-space\">\u00a0<\/span><\/span><\/p>\n<p>&nbsp;<\/p>\n<p>&nbsp;<\/p>\n<p class=\"p1\"><strong><span style=\"font-size: 18pt;\">Lic. Alberto Woolrich Ort\u00edz<\/span><\/strong><\/p>\n<p class=\"p1\"><strong><span style=\"font-size: 18pt;\">Presidente de la Academia de Derecho Penal<\/span><\/strong><\/p>\n<p class=\"p1\"><strong><span style=\"font-size: 18pt;\">del Colegio de Abogados de M\u00e9xico, A.C.<\/span><\/strong><\/p>\n<p>&nbsp;<\/p>\n<p><span style=\"font-size: 18pt; color: #139eca;\"><em><strong>**Las columnas firmadas en este medio son responsabilidad de quienes las firman**<\/strong><\/em><\/span><\/p>\n<p>&nbsp;<\/p>\n<p>&nbsp;<\/p>\n<p>&nbsp;<\/p>\n<p>&nbsp;<\/p>\n<p>&nbsp;<\/p>\n","protected":false},"excerpt":{"rendered":"<p>&nbsp; Por Alberto Woolrich Ort\u00edz La Academia de Derecho Penal del Colegio Nacional de Abogados, Foro de M\u00e9xico, A.C., ha<\/p>\n","protected":false},"author":4,"featured_media":3845,"comment_status":"closed","ping_status":"closed","sticky":false,"template":"","format":"standard","meta":{"colormag_page_container_layout":"default_layout","colormag_page_sidebar_layout":"default_layout","_jetpack_memberships_contains_paid_content":false,"footnotes":"","jetpack_publicize_message":"","jetpack_publicize_feature_enabled":true,"jetpack_social_post_already_shared":false,"jetpack_social_options":{"image_generator_settings":{"template":"highway","default_image_id":0,"font":"","enabled":false},"version":2}},"categories":[26],"tags":[],"class_list":["post-10337","post","type-post","status-publish","format-standard","has-post-thumbnail","hentry","category-columnistas"],"jetpack_publicize_connections":[],"jetpack_featured_media_url":"https:\/\/i0.wp.com\/politicosaldesnudo.com.mx\/wp-content\/uploads\/2022\/04\/CABEZAL-ALBERTO-WOOD.png?fit=1816%2C1016&ssl=1","jetpack-related-posts":[],"jetpack_sharing_enabled":true,"_links":{"self":[{"href":"https:\/\/politicosaldesnudo.com.mx\/index.php\/wp-json\/wp\/v2\/posts\/10337","targetHints":{"allow":["GET"]}}],"collection":[{"href":"https:\/\/politicosaldesnudo.com.mx\/index.php\/wp-json\/wp\/v2\/posts"}],"about":[{"href":"https:\/\/politicosaldesnudo.com.mx\/index.php\/wp-json\/wp\/v2\/types\/post"}],"author":[{"embeddable":true,"href":"https:\/\/politicosaldesnudo.com.mx\/index.php\/wp-json\/wp\/v2\/users\/4"}],"replies":[{"embeddable":true,"href":"https:\/\/politicosaldesnudo.com.mx\/index.php\/wp-json\/wp\/v2\/comments?post=10337"}],"version-history":[{"count":0,"href":"https:\/\/politicosaldesnudo.com.mx\/index.php\/wp-json\/wp\/v2\/posts\/10337\/revisions"}],"wp:featuredmedia":[{"embeddable":true,"href":"https:\/\/politicosaldesnudo.com.mx\/index.php\/wp-json\/wp\/v2\/media\/3845"}],"wp:attachment":[{"href":"https:\/\/politicosaldesnudo.com.mx\/index.php\/wp-json\/wp\/v2\/media?parent=10337"}],"wp:term":[{"taxonomy":"category","embeddable":true,"href":"https:\/\/politicosaldesnudo.com.mx\/index.php\/wp-json\/wp\/v2\/categories?post=10337"},{"taxonomy":"post_tag","embeddable":true,"href":"https:\/\/politicosaldesnudo.com.mx\/index.php\/wp-json\/wp\/v2\/tags?post=10337"}],"curies":[{"name":"wp","href":"https:\/\/api.w.org\/{rel}","templated":true}]}}