{"id":10344,"date":"2022-09-20T06:15:40","date_gmt":"2022-09-20T11:15:40","guid":{"rendered":"https:\/\/politicosaldesnudo.com.mx\/?p=10344"},"modified":"2022-09-20T07:34:25","modified_gmt":"2022-09-20T12:34:25","slug":"se-quiebra-la-alianza-o-se-quiebra-el-pri","status":"publish","type":"post","link":"https:\/\/politicosaldesnudo.com.mx\/index.php\/2022\/09\/20\/se-quiebra-la-alianza-o-se-quiebra-el-pri\/","title":{"rendered":"Se quiebra la alianza o se quiebra el PRI"},"content":{"rendered":"<p>&nbsp;<\/p>\n<p class=\"p1\"><span style=\"font-size: 18pt;\"><strong>Por Aurelio Contreras Moreno<\/strong><\/span><\/p>\n<p class=\"p1\"><span style=\"font-size: 14pt;\">Entre martes y mi\u00e9rcoles quedar\u00e1 configurado lo que en muchos sentidos y v\u00edas ser\u00e1 el futuro de M\u00e9xico. Y podr\u00eda afirmarse que ning\u00fan escenario es venturoso.<\/span><\/p>\n<p class=\"p1\"><span style=\"font-size: 14pt;\">Luego de que el PRI consumara su traici\u00f3n al electorado en la C\u00e1mara de Diputados \u2013salvo las honrosas excepciones de los legisladores Sue Ellen Bernal Bolnik y Jos\u00e9 Yunes Zorrilla- sac\u00e1ndose de la manga y votando a favor una iniciativa redactada en Palacio Nacional para extender constitucionalmente la presencia militar en tareas de seguridad p\u00fablica hasta 2028, el \u00faltimo reducto de resistencia al embate lopezobradorista es el Senado de la Rep\u00fablica, que se ha convertido en el centro de enormes presiones del r\u00e9gimen, en especial hacia los senadores tricolores.<\/span><\/p>\n<p class=\"p1\"><span style=\"font-size: 14pt;\">Despu\u00e9s de las recurrentes visitas del secretario de Gobernaci\u00f3n a la C\u00e1mara alta se sabe que el inicialmente s\u00f3lido bloque priista que se opuso p\u00fablicamente a la abyecci\u00f3n y doblez del corrupto dirigente nacional del PRI Alejandro Moreno \u2013a quien literalmente tienen agarrado de su muy larga cola-, ha comenzado a sufrir en su unidad.<\/span><\/p>\n<p class=\"p1\"><span style=\"font-size: 14pt;\">Ya no se tiene garant\u00eda de que los senadores tricolores voten en bloque contra la iniciativa militarista. Algunos comenzaron a manifestar dudas de ir contra la postura de su dirigencia nacional y otros han acusado que han recibido presiones del gobierno de Andr\u00e9s Manuel L\u00f3pez Obrador.<\/span><\/p>\n<p class=\"p1\"><span style=\"font-size: 14pt;\">La senadora y ex dirigente nacional del PRI, Claudia Ruiz Massieu, afirm\u00f3 que la administraci\u00f3n lopezobradorista los presiona para doblar a la bancada tricolor en el Senado igual que lo hizo con la de la C\u00e1mara de Diputados.<\/span><\/p>\n<p class=\"p1\"><span style=\"font-size: 14pt;\">\u201cS\u00e9 que a otros compa\u00f1eros los han buscado desde compa\u00f1eros del partido o algunos funcionarios de gobierno para platicar sobre estos temas. A m\u00ed no, pero s\u00e9 que ha habido estas conversaciones, desde la perspectiva de \u2018oye, no puedes votar en contra de los diputados, somos del mismo partido, del partido donde t\u00fa quieres seguir construyendo\u2019, hasta reflexiones por parte de funcionarios del gobierno muy puntuales, como \u2018oye, necesitamos esto porque para nosotros es importante\u201d, sostuvo Ruiz Massieu en entrevista con la periodista Adela Micha, quien admiti\u00f3 que puede haber algunos senadores que por esta presi\u00f3n \u201ccambien de opini\u00f3n\u201d.<\/span><\/p>\n<p class=\"p1\"><span style=\"font-size: 14pt;\">Este lunes se aprob\u00f3 aceleradamente \u2013con los votos de Morena, PT y PVEM- en comisiones del Senado la minuta que enviaron los diputados federales y se discutir\u00e1 en el Pleno a partir de este martes. Eso lleva a un escenario en el que, pr\u00e1cticamente de cualquier forma, el que gana es el r\u00e9gimen.<span class=\"Apple-converted-space\">\u00a0<\/span><\/span><\/p>\n<p class=\"p1\"><span style=\"font-size: 14pt;\">Si los senadores del PRI se mantienen firmes \u2013al menos en el n\u00famero necesario- y evitan que se ratifique la reforma militarista, la alianza opositora podr\u00eda tener alg\u00fan futuro y pensar en sobrevivir. Sin embargo, el PRI quedar\u00eda reducido a su m\u00ednima expresi\u00f3n, fracturado y con un dirigente nacional aferrado al cargo desde el cual podr\u00eda hacer a\u00fan m\u00e1s da\u00f1o si los priistas que no le deben nada no lo echan antes de las elecciones de 2023.<\/span><\/p>\n<p class=\"p1\"><span style=\"font-size: 14pt;\">Pero si la estrategia extorsionadora del lopezobradorismo funciona y compran o amenazan a los senadores de oposici\u00f3n necesarios para que la reforma militarista se ratifique, el bloque opositor estar\u00eda definitivamente muerto. Y con \u00e9l, hasta la posibilidad de evitar la desaparici\u00f3n del INE y el retroceso democr\u00e1tico con el que el r\u00e9gimen morenista pretende restaurar el sistema de partido hegem\u00f3nico y la \u201cpresidencia imperial\u201d.<\/span><\/p>\n<p class=\"p1\"><span style=\"font-size: 14pt;\">En cualquiera de los casos, el PRI, o el membrete que queda, se ha convertido en un lastre.<span class=\"Apple-converted-space\">\u00a0<\/span><\/span><\/p>\n<p>&nbsp;<\/p>\n<p class=\"p1\"><span style=\"font-size: 18pt; color: #139eca;\"><strong>OBRAS \u201c4T\u201d: BAJO EL AGUA<\/strong><\/span><\/p>\n<p class=\"p1\"><span style=\"font-size: 14pt;\">Mientras todo mundo celebraba el 15 de septiembre, la refiner\u00eda \u2013que no refina nada- \u201cOlmeca-Dos Bocas\u201d se inundaba por las lluvias en Tabasco.<\/span><\/p>\n<p class=\"p1\"><span style=\"font-size: 14pt;\">Sus bases constructivas est\u00e1n igual de cimentadas que los merecimientos de Roc\u00edo Nahle para ser gobernadora de Veracruz.<\/span><\/p>\n<p>&nbsp;<\/p>\n<p>&nbsp;<\/p>\n<p class=\"p1\"><span style=\"font-size: 18pt;\"><strong>Correo: <a href=\"mailto:aureliocontreras@gmail.com\">aureliocontreras@gmail.com<\/a><\/strong><\/span><\/p>\n<p class=\"p1\"><span style=\"font-size: 18pt;\"><strong>Twitter: <a href=\"http:\/\/www.twitter.com\/yeyocontreras\">@yeyocontreras<\/a><\/strong><\/span><\/p>\n<p>&nbsp;<\/p>\n<p><span style=\"font-size: 18pt; color: #319eca;\"><em><strong>**Las columnas firmadas en este medio son responsabilidad de quienes las firman**<\/strong><\/em><\/span><\/p>\n<p>&nbsp;<\/p>\n<p>&nbsp;<\/p>\n<p>&nbsp;<\/p>\n<p>&nbsp;<\/p>\n<p>&nbsp;<\/p>\n<p>&nbsp;<\/p>\n<p>&nbsp;<\/p>\n","protected":false},"excerpt":{"rendered":"<p>&nbsp; Por Aurelio Contreras Moreno Entre martes y mi\u00e9rcoles quedar\u00e1 configurado lo que en muchos sentidos y v\u00edas ser\u00e1 el<\/p>\n","protected":false},"author":4,"featured_media":4397,"comment_status":"closed","ping_status":"closed","sticky":false,"template":"","format":"standard","meta":{"colormag_page_container_layout":"default_layout","colormag_page_sidebar_layout":"default_layout","_jetpack_memberships_contains_paid_content":false,"footnotes":"","jetpack_publicize_message":"","jetpack_publicize_feature_enabled":true,"jetpack_social_post_already_shared":false,"jetpack_social_options":{"image_generator_settings":{"template":"highway","default_image_id":0,"font":"","enabled":false},"version":2}},"categories":[26],"tags":[],"class_list":["post-10344","post","type-post","status-publish","format-standard","has-post-thumbnail","hentry","category-columnistas"],"jetpack_publicize_connections":[],"jetpack_featured_media_url":"https:\/\/i0.wp.com\/politicosaldesnudo.com.mx\/wp-content\/uploads\/2022\/04\/AURELIO-CONTRERAS-MORENO-1.png?fit=1816%2C1016&ssl=1","jetpack-related-posts":[],"jetpack_sharing_enabled":true,"_links":{"self":[{"href":"https:\/\/politicosaldesnudo.com.mx\/index.php\/wp-json\/wp\/v2\/posts\/10344","targetHints":{"allow":["GET"]}}],"collection":[{"href":"https:\/\/politicosaldesnudo.com.mx\/index.php\/wp-json\/wp\/v2\/posts"}],"about":[{"href":"https:\/\/politicosaldesnudo.com.mx\/index.php\/wp-json\/wp\/v2\/types\/post"}],"author":[{"embeddable":true,"href":"https:\/\/politicosaldesnudo.com.mx\/index.php\/wp-json\/wp\/v2\/users\/4"}],"replies":[{"embeddable":true,"href":"https:\/\/politicosaldesnudo.com.mx\/index.php\/wp-json\/wp\/v2\/comments?post=10344"}],"version-history":[{"count":0,"href":"https:\/\/politicosaldesnudo.com.mx\/index.php\/wp-json\/wp\/v2\/posts\/10344\/revisions"}],"wp:featuredmedia":[{"embeddable":true,"href":"https:\/\/politicosaldesnudo.com.mx\/index.php\/wp-json\/wp\/v2\/media\/4397"}],"wp:attachment":[{"href":"https:\/\/politicosaldesnudo.com.mx\/index.php\/wp-json\/wp\/v2\/media?parent=10344"}],"wp:term":[{"taxonomy":"category","embeddable":true,"href":"https:\/\/politicosaldesnudo.com.mx\/index.php\/wp-json\/wp\/v2\/categories?post=10344"},{"taxonomy":"post_tag","embeddable":true,"href":"https:\/\/politicosaldesnudo.com.mx\/index.php\/wp-json\/wp\/v2\/tags?post=10344"}],"curies":[{"name":"wp","href":"https:\/\/api.w.org\/{rel}","templated":true}]}}