{"id":10350,"date":"2022-09-20T06:50:55","date_gmt":"2022-09-20T11:50:55","guid":{"rendered":"https:\/\/politicosaldesnudo.com.mx\/?p=10350"},"modified":"2022-09-20T08:08:16","modified_gmt":"2022-09-20T13:08:16","slug":"justicia-simplemente-justicia-para-franco","status":"publish","type":"post","link":"https:\/\/politicosaldesnudo.com.mx\/index.php\/2022\/09\/20\/justicia-simplemente-justicia-para-franco\/","title":{"rendered":"Justicia, simplemente justicia para Franco"},"content":{"rendered":"<p>&nbsp;<\/p>\n<p class=\"p1\"><span style=\"font-size: 18pt;\"><strong>Por Luis Ram\u00edrez Baqueiro<\/strong><\/span><\/p>\n<p>&nbsp;<\/p>\n<p class=\"p1\" style=\"text-align: center;\"><em><span style=\"font-size: 18pt;\"><strong>\u201cDonde hay poca justicia es grave tener raz\u00f3n\u201d <\/strong><\/span><\/em><\/p>\n<p class=\"p1\" style=\"text-align: center;\"><span style=\"font-size: 18pt;\">\u2013 Francisco de Quevedo \u2013 <\/span><\/p>\n<p>&nbsp;<\/p>\n<p class=\"p1\"><span style=\"font-size: 14pt;\">La principal falla y reclamo de la sociedad hac\u00eda la Cuarta Transformaci\u00f3n desde su arribo al poder es su falta de administraci\u00f3n pronta y expedita de la Justicia.<\/span><\/p>\n<p class=\"p1\"><span style=\"font-size: 14pt;\">Un poder aut\u00f3nomo que debiera servir de contrapeso del sistema de poderes en el modelo federalista trastocado por el constante manoseo, intromisi\u00f3n e incluso los intentos por dem\u00e1s descarados del mismo presidente Andr\u00e9s Manuel L\u00f3pez Obrador de querer hacer que ministros, magistrados y jueces se conduzcan en temas de su inter\u00e9s como a \u00e9l le plazca.<\/span><\/p>\n<p class=\"p1\"><span style=\"font-size: 14pt;\">Dichas acciones evidencian la principal falla de un modelo de gobierno fallido, p\u00e9sele a quien le pese, y enfade a quien enfade.<\/span><\/p>\n<p class=\"p1\"><span style=\"font-size: 14pt;\">Los cientos de casos del uso f\u00e1ctico del poder para castigar a opositores del actual r\u00e9gimen son el pan nuestro de cada d\u00eda, acercando con preocupaci\u00f3n a la 4T con los modelos dictatoriales \u2013m\u00e1s peligrosos que la sociedad pueda experimentar-, en momentos en que el uso de las fuerzas armadas para tareas de seguridad del fuero com\u00fan, comienza a dar notas de estarse acercando m\u00e1s a una dictadura que a una democracia.<\/span><\/p>\n<p class=\"p1\"><span style=\"font-size: 14pt;\">Pero algo que es en verdad deleznable ha sido como en su af\u00e1n de ganar reflectores sociales que no pueden ganar por su propia capacidad, eliminan de la contienda democr\u00e1tica a sus rivales y opositores.<\/span><\/p>\n<p class=\"p1\"><span style=\"font-size: 14pt;\">El caso de Rogelio Franco Cast\u00e1n, ex secretario de Gobierno del Gobierno Bianual encabezado por Miguel \u00c1ngel Yunes Linares confirma este artilugio.<\/span><\/p>\n<p class=\"p1\"><span style=\"font-size: 14pt;\">Imputado por delitos de la esfera familiar, detenido ilegalmente ante la demostraci\u00f3n de contar con un amparo federal para ello, el Gobierno del Estado, sin pudor ha construido cuanta carpeta se le ocurre en su af\u00e1n de acallar al l\u00edder pol\u00edtico y social que conoce los or\u00edgenes y antecedentes del actual r\u00e9gimen.<\/span><\/p>\n<p class=\"p1\"><span style=\"font-size: 14pt;\">Quiz\u00e1 esa fuera la \u00fanica falta en su contra, conocer los hierros humanos de quienes hoy son gobierno, pero que desde la trinchera de la lucha democr\u00e1tica resultar\u00eda una afrenta emplearlos para castigarlo por el simple hecho de no comulgar con su nuevo proyecto.<\/span><\/p>\n<p class=\"p1\"><span style=\"font-size: 14pt;\">Detenido desde el pasado 13 de marzo de 2021 en Tuxpan, Veracruz, trasladado ilegalmente al Penal de Amatl\u00e1n de los Reyes en el centro del Estado, Franco Cast\u00e1n ha ido librando una a una las imputaciones de una Fiscal\u00eda General del Estado (FGE) entregada a las determinaciones de un funcionario que, por odio, rencor, o venganza opera para refundirlo en prisi\u00f3n.<\/span><\/p>\n<p class=\"p1\"><span style=\"font-size: 14pt;\">La actitud asumida por el hoy Secretario de Gobierno, E. Patrocinio Cisneros Burgos, habla de la clase de personaje que es, rebasado, incapaz, insensato y sumamente violento para un puesto donde la diplomacia y la pol\u00edtica de altura se debiera imponer, han sido las causales para que la Fiscala Ver\u00f3nica Hern\u00e1ndez Giand\u00e1ns contin\u00fae sus acciones en el rid\u00edculo af\u00e1n de mantenerlo en prisi\u00f3n, aun cuando todas las instancias federales les dan palo a sus carpetas de investigaci\u00f3n.<\/span><\/p>\n<p class=\"p1\"><span style=\"font-size: 14pt;\">El pasado 13 de septiembre de 2022 el Primer Tribunal Colegiado en Materia Penal del S\u00e9ptimo Circuito con sede en Boca del R\u00edo, fue notificado del ARP. 175\/2022 que un juez federal ha concedido nuevamente un amparo para la protecci\u00f3n de la Justicia Federal solicitada por el quejoso Rogelio Franco Cast\u00e1n, dejando sin materia la revisi\u00f3n adhesiva propuesta por el peticionario del amparo.<\/span><\/p>\n<p class=\"p1\"><span style=\"font-size: 14pt;\">En palabras lisas y llanas, este nuevo amparo exige al Juez de Control del Juzgado de Proceso y Procedimiento Penal Oral con sede en Pacho Viejo, Veracruz para que respete el amparo y deje sin efecto la vinculaci\u00f3n a proceso y medida cautelar dentro del proceso penal por Peculado equiparado \u2013 que pretende utilizar, para mantenerlo en cautiverio-.<\/span><\/p>\n<p class=\"p1\"><span style=\"font-size: 14pt;\">La actuaci\u00f3n recurrente del Juez de Control y su comportamiento arbitrario han sido ya documentados, y tarde o temprano terminar\u00e1n siendo motivo suficiente para imputarle y condenarle, por el uso faccioso de la justicia, sumado claro a los dem\u00e1s delitos que corresponden a su absurda y por dem\u00e1s servil actitud.<\/span><\/p>\n<p class=\"p1\"><span style=\"font-size: 14pt;\">El llamado es nuevamente para solicitar justicia, simplemente justicia para Rogelio Franco Cast\u00e1n, quien ha sido injustamente procesado e ilegalmente retenido, mostrando ante todo que, s\u00ed es un preso pol\u00edtico, y que en Veracruz y bajo la 4T en el Gobierno se ejerce una pol\u00edtica de justicia represora copiada del peor modelo dictatorial que se recuerde.<\/span><\/p>\n<p>&nbsp;<\/p>\n<p class=\"p1\"><span style=\"font-size: 18pt;\"><strong>Al tiempo.<\/strong><\/span><\/p>\n<p>&nbsp;<\/p>\n<p class=\"p1\"><span style=\"font-size: 18pt;\"><strong>Correo: <a href=\"mailto:astrolabiopoliticomx@gmail.com\">astrolabiopoliticomx@gmail.com<\/a><\/strong><\/span><\/p>\n<p class=\"p1\"><span style=\"font-size: 18pt;\"><strong>Twitter: <a href=\"http:\/\/www.twitter.com\/LuisBaqueiro_mx\">@LuisBaqueiro_mx<\/a><\/strong><\/span><\/p>\n<p>&nbsp;<\/p>\n<p><span style=\"font-size: 18pt; color: #319eca;\"><em><strong>**Las columnas firmadas en este medio son responsabilidad de quienes las firman**<\/strong><\/em><\/span><\/p>\n<p>&nbsp;<\/p>\n<p>&nbsp;<\/p>\n<p>&nbsp;<\/p>\n<p>&nbsp;<\/p>\n<p>&nbsp;<\/p>\n<p>&nbsp;<\/p>\n","protected":false},"excerpt":{"rendered":"<p>&nbsp; Por Luis Ram\u00edrez Baqueiro &nbsp; \u201cDonde hay poca justicia es grave tener raz\u00f3n\u201d \u2013 Francisco de Quevedo \u2013 &nbsp;<\/p>\n","protected":false},"author":4,"featured_media":4390,"comment_status":"closed","ping_status":"closed","sticky":false,"template":"","format":"standard","meta":{"colormag_page_container_layout":"default_layout","colormag_page_sidebar_layout":"default_layout","_jetpack_memberships_contains_paid_content":false,"footnotes":"","jetpack_publicize_message":"","jetpack_publicize_feature_enabled":true,"jetpack_social_post_already_shared":false,"jetpack_social_options":{"image_generator_settings":{"template":"highway","default_image_id":0,"font":"","enabled":false},"version":2}},"categories":[26],"tags":[1476],"class_list":["post-10350","post","type-post","status-publish","format-standard","has-post-thumbnail","hentry","category-columnistas","tag-rogelio-franco"],"jetpack_publicize_connections":[],"jetpack_featured_media_url":"https:\/\/i0.wp.com\/politicosaldesnudo.com.mx\/wp-content\/uploads\/2022\/04\/LUIS-RAMI%CC%81REZ-BAQUEIRO.png?fit=1816%2C1016&ssl=1","jetpack-related-posts":[],"jetpack_sharing_enabled":true,"_links":{"self":[{"href":"https:\/\/politicosaldesnudo.com.mx\/index.php\/wp-json\/wp\/v2\/posts\/10350","targetHints":{"allow":["GET"]}}],"collection":[{"href":"https:\/\/politicosaldesnudo.com.mx\/index.php\/wp-json\/wp\/v2\/posts"}],"about":[{"href":"https:\/\/politicosaldesnudo.com.mx\/index.php\/wp-json\/wp\/v2\/types\/post"}],"author":[{"embeddable":true,"href":"https:\/\/politicosaldesnudo.com.mx\/index.php\/wp-json\/wp\/v2\/users\/4"}],"replies":[{"embeddable":true,"href":"https:\/\/politicosaldesnudo.com.mx\/index.php\/wp-json\/wp\/v2\/comments?post=10350"}],"version-history":[{"count":0,"href":"https:\/\/politicosaldesnudo.com.mx\/index.php\/wp-json\/wp\/v2\/posts\/10350\/revisions"}],"wp:featuredmedia":[{"embeddable":true,"href":"https:\/\/politicosaldesnudo.com.mx\/index.php\/wp-json\/wp\/v2\/media\/4390"}],"wp:attachment":[{"href":"https:\/\/politicosaldesnudo.com.mx\/index.php\/wp-json\/wp\/v2\/media?parent=10350"}],"wp:term":[{"taxonomy":"category","embeddable":true,"href":"https:\/\/politicosaldesnudo.com.mx\/index.php\/wp-json\/wp\/v2\/categories?post=10350"},{"taxonomy":"post_tag","embeddable":true,"href":"https:\/\/politicosaldesnudo.com.mx\/index.php\/wp-json\/wp\/v2\/tags?post=10350"}],"curies":[{"name":"wp","href":"https:\/\/api.w.org\/{rel}","templated":true}]}}