{"id":10446,"date":"2022-09-22T07:12:32","date_gmt":"2022-09-22T12:12:32","guid":{"rendered":"https:\/\/politicosaldesnudo.com.mx\/?p=10446"},"modified":"2022-09-22T07:12:32","modified_gmt":"2022-09-22T12:12:32","slug":"matar-por-matar-en-veracruz","status":"publish","type":"post","link":"https:\/\/politicosaldesnudo.com.mx\/index.php\/2022\/09\/22\/matar-por-matar-en-veracruz\/","title":{"rendered":"Matar por matar en Veracruz"},"content":{"rendered":"<p class=\"p1\">\n<p>&nbsp;<\/p>\n<p class=\"p1\"><span style=\"font-size: 18pt;\"><strong>Por Aurelio Contreras Morena<\/strong><\/span><\/p>\n<p class=\"p1\"><span style=\"font-size: 14pt;\">La ma\u00f1ana de este mi\u00e9rcoles fuimos testigos de una prueba contundente, dolorosa, aterradora, del fracaso de cualquier \u201cestrategia\u201d de seguridad, civil o militar, en Veracruz, como reflejo de esa misma situaci\u00f3n en el resto del pa\u00eds.<\/span><\/p>\n<p class=\"p1\"><span style=\"font-size: 14pt;\">Dos mujeres m\u00e1s, una ni\u00f1a y una maestra, fueron v\u00edctimas de la violencia homicida en el estado, que por en\u00e9sima ocasi\u00f3n desmiente la palabrer\u00eda de un gobierno incapaz y timorato como el de Cuitl\u00e1huac Garc\u00eda Jim\u00e9nez.<span class=\"Apple-converted-space\">\u00a0<\/span><\/span><\/p>\n<p class=\"p1\"><span style=\"font-size: 14pt;\">En Hidalgotitl\u00e1n, en el sur de la entidad, Roxana, una peque\u00f1a de apenas cinco a\u00f1os de edad, muri\u00f3 v\u00edctima de un ataque a su familia mientras arreglaban una llanta en una vulcanizadora, despu\u00e9s de medianoche. Aunque el caso tom\u00f3 alguna notoriedad medi\u00e1tica, la lejan\u00eda del municipio del centro pol\u00edtico lo convirti\u00f3 pr\u00e1cticamente en un n\u00famero m\u00e1s a la estad\u00edstica.<\/span><\/p>\n<p class=\"p1\"><span style=\"font-size: 14pt;\">Muy diferente de lo acontecido por la ma\u00f1ana en la capital del estado. Una maestra de una escuela primaria, Elizabeth Meza Rivera, fue ejecutada por hombres armados que le dieron alcance en una motocicleta cuando descendi\u00f3 de su autom\u00f3vil acompa\u00f1ada de su nieto, quien no solo presenci\u00f3 con horror el feminicidio de su abuela, sino que tambi\u00e9n recibi\u00f3 una bala en la pierna, aunque lo m\u00e1s probable es que de haber tenido tiempo, los asesinos lo habr\u00edan matado tambi\u00e9n.<\/span><\/p>\n<p class=\"p1\"><span style=\"font-size: 14pt;\">La indignaci\u00f3n aqu\u00ed s\u00ed se hizo sentir, en primer lugar desde la sociedad civil, harta de ver c\u00f3mo se acumulan \u201chechos aislados\u201d de violencia inaudita a lo largo del estado mientras las autoridades est\u00e1n distra\u00eddas en la grilla pol\u00edtica o en los ping\u00fces negocios al amparo del poder.<span class=\"Apple-converted-space\">\u00a0<\/span><\/span><\/p>\n<p class=\"p1\"><span style=\"font-size: 14pt;\">Las condenas inundaron las redes, los medios y los espacios p\u00fablicos, mientras el gobierno emit\u00eda balbuceos cuasi simiescos para intentar minimizar un problema que nunca han tenido ni cercanamente bajo control y por lo cual, a cuatro a\u00f1os de haber tomado el poder, no tienen justificaci\u00f3n alguna.<\/span><\/p>\n<p class=\"p1\"><span style=\"font-size: 14pt;\">\u201cNo por un hecho de un d\u00eda vamos a calificar toda una administraci\u00f3n\u201d, dijo con la sensibilidad y el tacto de un hipop\u00f3tamo el sujeto que cobra como secretario de\u00a0Seguridad P\u00fablica\u00a0en el estado de Veracruz, Hugo Guti\u00e9rrez Maldonado, intentando restarle importancia a la p\u00e9rdida de una vida, arrebatada con brutalidad a una mujer inocente, mientras su polic\u00eda es fiel reflejo del fracaso del modelo de seguridad del r\u00e9gimen.<\/span><\/p>\n<p class=\"p1\"><span style=\"font-size: 14pt;\">Tanto as\u00ed, que para frenar el esc\u00e1ndalo y tapar su ineptitud, el funcionario mand\u00f3 a sus polic\u00edas a una \u201ccacer\u00eda\u201d de motociclistas, con la consigna de llevar detenidos forzosamente, sin investigaciones de por medio, para fingir una aparente efectividad. Varios videos en redes consignaron los abusos policiacos, que han sido una constante en el sexenio de Cuitl\u00e1huac Garc\u00eda.<\/span><\/p>\n<p class=\"p1\"><span style=\"font-size: 14pt;\">Pero resulta que los \u201chechos de un d\u00eda\u201d suceden todos los d\u00edas. En su reporte de Incidencia Delictiva para el mes de agosto, el Secretariado Ejecutivo del Sistema Nacional de Seguridad P\u00fablica dio a conocer que Veracruz registr\u00f3 994 delitos en ese periodo, para un total acumulado de siete mil 608 delitos en lo que va del a\u00f1os, ubic\u00e1ndolo en el s\u00e9ptimo lugar a nivel nacional.<span class=\"Apple-converted-space\">\u00a0<\/span><\/span><\/p>\n<p class=\"p1\"><span style=\"font-size: 14pt;\">El homicidio doloso es de los il\u00edcitos que ha registrado aumentos sostenidos en Veracruz. En el mismo mes de agosto se reportaron 98 casos, mientras que de enero a la fecha la cifra oficial es de 589 asesinatos, la mayor\u00eda con armas de fuego.<span class=\"Apple-converted-space\">\u00a0<\/span><\/span><\/p>\n<p class=\"p1\"><span style=\"font-size: 14pt;\">Mientras que en cuanto a feminicidios, el Sistema Nacional de Seguridad P\u00fablica reporta 49 casos de enero a la fecha, aunque la Fiscal\u00eda General del Estado dice que son 41 y el Observatorio Universitario de Violencias contra las Mujeres registr\u00f3 51.<\/span><\/p>\n<p class=\"p1\"><span style=\"font-size: 14pt;\">El fracaso es total. En Veracruz se mata por matar. Con todo y militares en las calles.<\/span><\/p>\n<p>&nbsp;<\/p>\n<p>&nbsp;<\/p>\n<p class=\"p1\"><span style=\"font-size: 18pt;\"><strong>Correo: <a href=\"mailto:aureliocontreras@gmail.com\">aureliocontreras@gmail.com<\/a><\/strong><\/span><\/p>\n<p class=\"p1\"><span style=\"font-size: 18pt;\"><strong>Twitter: <a href=\"http:\/\/www.twitter.com\/yeyocontreras\">@yeyocontreras<\/a><\/strong><\/span><\/p>\n<p>&nbsp;<\/p>\n<p><span style=\"font-size: 18pt; color: #319eca;\"><em><strong>**Las columnas firmadas en este medio son responsabilidad de quienes las firman**<\/strong><\/em><\/span><\/p>\n<p>&nbsp;<\/p>\n<p>&nbsp;<\/p>\n","protected":false},"excerpt":{"rendered":"<p>&nbsp; Por Aurelio Contreras Morena La ma\u00f1ana de este mi\u00e9rcoles fuimos testigos de una prueba contundente, dolorosa, aterradora, del fracaso<\/p>\n","protected":false},"author":4,"featured_media":4397,"comment_status":"closed","ping_status":"closed","sticky":false,"template":"","format":"standard","meta":{"colormag_page_container_layout":"default_layout","colormag_page_sidebar_layout":"default_layout","_jetpack_memberships_contains_paid_content":false,"footnotes":"","jetpack_publicize_message":"","jetpack_publicize_feature_enabled":true,"jetpack_social_post_already_shared":false,"jetpack_social_options":{"image_generator_settings":{"template":"highway","default_image_id":0,"font":"","enabled":false},"version":2}},"categories":[26],"tags":[],"class_list":["post-10446","post","type-post","status-publish","format-standard","has-post-thumbnail","hentry","category-columnistas"],"jetpack_publicize_connections":[],"jetpack_featured_media_url":"https:\/\/i0.wp.com\/politicosaldesnudo.com.mx\/wp-content\/uploads\/2022\/04\/AURELIO-CONTRERAS-MORENO-1.png?fit=1816%2C1016&ssl=1","jetpack-related-posts":[],"jetpack_sharing_enabled":true,"_links":{"self":[{"href":"https:\/\/politicosaldesnudo.com.mx\/index.php\/wp-json\/wp\/v2\/posts\/10446","targetHints":{"allow":["GET"]}}],"collection":[{"href":"https:\/\/politicosaldesnudo.com.mx\/index.php\/wp-json\/wp\/v2\/posts"}],"about":[{"href":"https:\/\/politicosaldesnudo.com.mx\/index.php\/wp-json\/wp\/v2\/types\/post"}],"author":[{"embeddable":true,"href":"https:\/\/politicosaldesnudo.com.mx\/index.php\/wp-json\/wp\/v2\/users\/4"}],"replies":[{"embeddable":true,"href":"https:\/\/politicosaldesnudo.com.mx\/index.php\/wp-json\/wp\/v2\/comments?post=10446"}],"version-history":[{"count":0,"href":"https:\/\/politicosaldesnudo.com.mx\/index.php\/wp-json\/wp\/v2\/posts\/10446\/revisions"}],"wp:featuredmedia":[{"embeddable":true,"href":"https:\/\/politicosaldesnudo.com.mx\/index.php\/wp-json\/wp\/v2\/media\/4397"}],"wp:attachment":[{"href":"https:\/\/politicosaldesnudo.com.mx\/index.php\/wp-json\/wp\/v2\/media?parent=10446"}],"wp:term":[{"taxonomy":"category","embeddable":true,"href":"https:\/\/politicosaldesnudo.com.mx\/index.php\/wp-json\/wp\/v2\/categories?post=10446"},{"taxonomy":"post_tag","embeddable":true,"href":"https:\/\/politicosaldesnudo.com.mx\/index.php\/wp-json\/wp\/v2\/tags?post=10446"}],"curies":[{"name":"wp","href":"https:\/\/api.w.org\/{rel}","templated":true}]}}