{"id":10448,"date":"2022-09-22T07:16:37","date_gmt":"2022-09-22T12:16:37","guid":{"rendered":"https:\/\/politicosaldesnudo.com.mx\/?p=10448"},"modified":"2022-09-22T07:17:18","modified_gmt":"2022-09-22T12:17:18","slug":"endeudados-y-quebrados","status":"publish","type":"post","link":"https:\/\/politicosaldesnudo.com.mx\/index.php\/2022\/09\/22\/endeudados-y-quebrados\/","title":{"rendered":"Endeudados y quebrados"},"content":{"rendered":"<p>&nbsp;<\/p>\n<p class=\"p1\"><span style=\"font-size: 18pt;\"><strong>Por M\u00f3nica Camarena Crespo<\/strong><\/span><\/p>\n<p class=\"p1\"><span style=\"font-size: 14pt;\">La deuda neta del Gobierno Federal se ubic\u00f3 en 10 billones 801.1 mil millones de pesos, de los cuales el 78.7% se encuentra denominada en moneda nacional y el 74.3% de los valores gubernamentales est\u00e1n a tasa fija y a largo plazo, esos son los datos duros al 30 de agosto de este a\u00f1o.<\/span><\/p>\n<p class=\"p1\"><span style=\"font-size: 14pt;\">El costo de la deuda p\u00fablica de M\u00e9xico en 2023 ser\u00e1 el m\u00e1s elevado en 27 a\u00f1os, aunque el gobierno federal a trav\u00e9s de la Secretar\u00eda de Hacienda y Cr\u00e9dito P\u00fablico, intenta calmar con el mismo discurso de siempre, que\u00a0las finanzas p\u00fablicas se mantienen s\u00f3lidas y que hay resultados positivos para los ingresos tributarios.<\/span><\/p>\n<p class=\"p1\"><span style=\"font-size: 14pt;\">Sin embargo, la propia SHCP,\u00a0dio a conocer que, para hacerle frente a este compromiso financiero, se necesitar\u00e1n destinar\u00a0<span style=\"font-size: 18pt;\"><strong>un bill\u00f3n 79 mil millones de pesos\u00a0<\/strong><\/span>el pr\u00f3ximo a\u00f1o.<\/span><\/p>\n<p class=\"p1\"><span style=\"font-size: 14pt;\">Para entender lo que est\u00e1 pasando en M\u00e9xico, debemos recordar que la deuda es una herramienta financiera, cuando esta es usada para fines productivos y de forma sostenible, permite a los gobiernos hacer inversiones que sirvan como catalizadores de crecimiento econ\u00f3mico y competitividad.\u00a0<\/span><\/p>\n<p class=\"p1\"><span style=\"font-size: 14pt;\">Sin embargo, el abuso de ello puede convertirse en un grave problema cuando los gobiernos tienen que destinar gran parte de sus ingresos a pagar las obligaciones financieras.\u00a0<\/span><\/p>\n<p class=\"p1\"><span style=\"font-size: 14pt;\">Los pron\u00f3sticos de especialistas no son nada buenos, se\u00f1alan que\u00a0la tasa de referencia en M\u00e9xico continuar\u00e1 su escalada durante 2022 y cerrar\u00e1 el a\u00f1o en 9.5 por ciento en promedio, lo que tendr\u00e1 un impacto en el costo financiero de la deuda p\u00fablica del orden de 371 mil millones de pesos.<\/span><\/p>\n<p class=\"p1\"><span style=\"font-size: 14pt;\">Ernesto O\u2019Farrill, presidente de Bursam\u00e9trica, precis\u00f3 que la deuda externa es de aproximadamente 200 mil millones de d\u00f3lares y alrededor de 20 por ciento es lo que est\u00e1 a tasa revisable y a dicho monto es a lo que le podr\u00eda subir la tasa. En tanto, los bonos de deuda mexicanos que pudieran ser impactados por el alza de tasa sumar\u00edan 3.3 billones de pesos.<\/span><\/p>\n<p class=\"p1\"><span style=\"font-size: 14pt;\">Sin ser expertos todo apunta a un desastre econ\u00f3mico en M\u00e9xico en muy pocos meses, cuando el actual gobierno est\u00e9 a punto de concluir y dejar una deuda tan abultada como impagable y que detone en la quiebra t\u00e9cnica de un pa\u00eds de cuarta.<\/span><\/p>\n<p>&nbsp;<\/p>\n<p class=\"p1\"><span style=\"font-size: 18pt; color: #139eca;\"><strong>\u00c1GORA<\/strong><\/span><\/p>\n<p class=\"p1\"><span style=\"font-size: 14pt;\">La \u00faltima de AMLO ya no es un mal chiste sino una ofensa a la crisis que se vive en M\u00e9xico; el presidente \u201cagarra tontos\u201d dijo ayer que\u00a0la actual inflaci\u00f3n es consecuencia del conflicto armado entre Rusia y Ucrania, as\u00ed como de la pandemia por Covid-19 y no por factores internos. \u201cNo es el Efecto Tequila\u201d, pues, ha cuidado que no haya crisis financieras internas. Ni llorar es bueno.<\/span><\/p>\n<p>&nbsp;<\/p>\n<p>&nbsp;<\/p>\n<p class=\"p1\"><span style=\"font-size: 18pt;\"><strong>Correo: <a href=\"mailto:parquejuarezweb@yahoo.com.mx\">parquejuarezweb@yahoo.com.mx<\/a><\/strong><\/span><\/p>\n<p class=\"p1\"><span style=\"font-size: 18pt;\"><strong>Twitter: <a href=\"http:\/\/www.twitter.com\/monicamarena\">@monicamarena<\/a><\/strong><\/span><\/p>\n<p>&nbsp;<\/p>\n<p><span style=\"font-size: 18pt; color: #319eca;\"><em><strong>**Las columnas firmadas en este medio son responsabilidad de quienes las firman**<\/strong><\/em><\/span><\/p>\n<p>&nbsp;<\/p>\n<p>&nbsp;<\/p>\n<p>&nbsp;<\/p>\n","protected":false},"excerpt":{"rendered":"<p>&nbsp; Por M\u00f3nica Camarena Crespo La deuda neta del Gobierno Federal se ubic\u00f3 en 10 billones 801.1 mil millones de<\/p>\n","protected":false},"author":4,"featured_media":4080,"comment_status":"closed","ping_status":"closed","sticky":false,"template":"","format":"standard","meta":{"colormag_page_container_layout":"default_layout","colormag_page_sidebar_layout":"default_layout","_jetpack_memberships_contains_paid_content":false,"footnotes":"","jetpack_publicize_message":"","jetpack_publicize_feature_enabled":true,"jetpack_social_post_already_shared":false,"jetpack_social_options":{"image_generator_settings":{"template":"highway","default_image_id":0,"font":"","enabled":false},"version":2}},"categories":[26],"tags":[],"class_list":["post-10448","post","type-post","status-publish","format-standard","has-post-thumbnail","hentry","category-columnistas"],"jetpack_publicize_connections":[],"jetpack_featured_media_url":"https:\/\/i0.wp.com\/politicosaldesnudo.com.mx\/wp-content\/uploads\/2022\/04\/MO%CC%81NICA-CAMARENA-CRESPO1.png?fit=1816%2C1016&ssl=1","jetpack-related-posts":[],"jetpack_sharing_enabled":true,"_links":{"self":[{"href":"https:\/\/politicosaldesnudo.com.mx\/index.php\/wp-json\/wp\/v2\/posts\/10448","targetHints":{"allow":["GET"]}}],"collection":[{"href":"https:\/\/politicosaldesnudo.com.mx\/index.php\/wp-json\/wp\/v2\/posts"}],"about":[{"href":"https:\/\/politicosaldesnudo.com.mx\/index.php\/wp-json\/wp\/v2\/types\/post"}],"author":[{"embeddable":true,"href":"https:\/\/politicosaldesnudo.com.mx\/index.php\/wp-json\/wp\/v2\/users\/4"}],"replies":[{"embeddable":true,"href":"https:\/\/politicosaldesnudo.com.mx\/index.php\/wp-json\/wp\/v2\/comments?post=10448"}],"version-history":[{"count":0,"href":"https:\/\/politicosaldesnudo.com.mx\/index.php\/wp-json\/wp\/v2\/posts\/10448\/revisions"}],"wp:featuredmedia":[{"embeddable":true,"href":"https:\/\/politicosaldesnudo.com.mx\/index.php\/wp-json\/wp\/v2\/media\/4080"}],"wp:attachment":[{"href":"https:\/\/politicosaldesnudo.com.mx\/index.php\/wp-json\/wp\/v2\/media?parent=10448"}],"wp:term":[{"taxonomy":"category","embeddable":true,"href":"https:\/\/politicosaldesnudo.com.mx\/index.php\/wp-json\/wp\/v2\/categories?post=10448"},{"taxonomy":"post_tag","embeddable":true,"href":"https:\/\/politicosaldesnudo.com.mx\/index.php\/wp-json\/wp\/v2\/tags?post=10448"}],"curies":[{"name":"wp","href":"https:\/\/api.w.org\/{rel}","templated":true}]}}