{"id":1048,"date":"2021-12-27T10:12:04","date_gmt":"2021-12-27T16:12:04","guid":{"rendered":"https:\/\/politicosaldesnudo.com.mx\/?p=1048"},"modified":"2023-03-08T23:04:15","modified_gmt":"2023-03-09T05:04:15","slug":"muere-el-gran-luchador-contra-el-apartheid-desmond-tutu","status":"publish","type":"post","link":"https:\/\/politicosaldesnudo.com.mx\/index.php\/2021\/12\/27\/muere-el-gran-luchador-contra-el-apartheid-desmond-tutu\/","title":{"rendered":"Muere el gran luchador contra el apartheid, Desmond Tutu"},"content":{"rendered":"<p><strong>CIUDAD DEL CABO.<\/strong> <strong>El arzobispo anglicano Desmond Mpilo Tutu, s\u00edmbolo de la lucha contra el <em>apartheid<\/em>\u00a0en Sud\u00e1frica, galardonado con el Nobel de la Paz en 1984<\/strong>, muri\u00f3 a los 90 a\u00f1os, desatando una ola de homenajes nacionales e internacionales para despedir a uno de los \u00faltimos \u00edconos de esta generaci\u00f3n.<\/p>\n<blockquote><p>El fallecimiento del arzobispo em\u00e9rito Desmond Tutu es otro cap\u00edtulo de duelo para nuestra naci\u00f3n que despide a una generaci\u00f3n de sudafricanos excepcionales que nos legaron un pa\u00eds liberado\u201d, afirm\u00f3 el presidente sudafricano, Cyril Ramaphosa, al dar la noticia.<\/p><\/blockquote>\n<p>Record\u00f3 que el activista fue \u201cun hombre de extraordinaria inteligencia e integridad y fue invencible al luchar contra las fuerzas del\u00a0<em>apartheid<\/em>; tambi\u00e9n era tierno y vulnerable en su compasi\u00f3n por aquellos que hab\u00edan sufrido la opresi\u00f3n, la injusticia y la violencia, y por los oprimidos y los opresores de todo el mundo\u201d.<\/p>\n<p>&nbsp;<\/p>\n<p><img data-recalc-dims=\"1\" loading=\"lazy\" decoding=\"async\" class=\"aligncenter wp-image-1050\" src=\"https:\/\/i0.wp.com\/politicosaldesnudo.com.mx\/wp-content\/uploads\/2021\/12\/TUTU1-300x168.png?resize=600%2C336&#038;ssl=1\" alt=\"\" width=\"600\" height=\"336\" srcset=\"https:\/\/i0.wp.com\/politicosaldesnudo.com.mx\/wp-content\/uploads\/2021\/12\/TUTU1.png?resize=300%2C168&amp;ssl=1 300w, https:\/\/i0.wp.com\/politicosaldesnudo.com.mx\/wp-content\/uploads\/2021\/12\/TUTU1.png?resize=1024%2C573&amp;ssl=1 1024w, https:\/\/i0.wp.com\/politicosaldesnudo.com.mx\/wp-content\/uploads\/2021\/12\/TUTU1.png?resize=768%2C430&amp;ssl=1 768w, https:\/\/i0.wp.com\/politicosaldesnudo.com.mx\/wp-content\/uploads\/2021\/12\/TUTU1.png?resize=1536%2C859&amp;ssl=1 1536w, https:\/\/i0.wp.com\/politicosaldesnudo.com.mx\/wp-content\/uploads\/2021\/12\/TUTU1.png?w=1816&amp;ssl=1 1816w, https:\/\/i0.wp.com\/politicosaldesnudo.com.mx\/wp-content\/uploads\/2021\/12\/TUTU1.png?w=1600&amp;ssl=1 1600w\" sizes=\"auto, (max-width: 600px) 100vw, 600px\" \/><\/p>\n<p>&nbsp;<\/p>\n<p><strong>El activista falleci\u00f3 \u201cen paz\u201d<\/strong> durante su convalecencia en el centro de atenci\u00f3n m\u00e9dica para pacientes de avanzada edad Oasis Frail Care Center, en Ciudad del Cabo, confirm\u00f3 la doctora Ramphela Mamphele, presidenta interina de la fundaci\u00f3n Desmond Tutu Trust, en una declaraci\u00f3n en nombre de la familia.<\/p>\n<p>El\u00a0<em>Arch<\/em>, diminutivo de arzobispo en ingl\u00e9s, <strong>estaba debilitado por un c\u00e1ncer de pr\u00f3stata diagnosticado en 1997<\/strong> y ya no hablaba en p\u00fablico, pero nunca olvidaba saludar ni dar sus cr\u00edticos mensajes cargados con humor a las c\u00e1maras de la prensa en sus apariciones.<\/p>\n<p>&nbsp;<\/p>\n<p>&nbsp;<\/p>\n<p><strong>EL ADI\u00d3S<\/strong><\/p>\n<p><strong>El cuerpo fue trasladado para velarlo a la catedral de San Jorge, su antigua parroquia.<\/strong> \u201cEs un alivio para la familia porque el padre Desmond ha estado sufriendo mucho durante estas \u00faltimas semanas\u201d, asegur\u00f3 el padre Michael Weeder a la agencia de noticias Afp, <strong>cerca de un santuario improvisado dedicado a Tutu para que el p\u00fablico pudiera dejar flores.<\/strong><\/p>\n<blockquote><p>Cientos de sudafricanos de todas las razas acudieron a la catedral a presentar sus respetos. \u201cLe agradezco a Dios que haya estado ah\u00ed para nosotros\u201d, coment\u00f3 Brent Goliath mientras colocaba un ramo de flores debajo de la foto del arzobispo y se secaba las l\u00e1grimas.<\/p><\/blockquote>\n<p><img data-recalc-dims=\"1\" loading=\"lazy\" decoding=\"async\" class=\"aligncenter wp-image-1054\" src=\"https:\/\/i0.wp.com\/politicosaldesnudo.com.mx\/wp-content\/uploads\/2021\/12\/TUTU-6-300x168.png?resize=600%2C336&#038;ssl=1\" alt=\"\" width=\"600\" height=\"336\" srcset=\"https:\/\/i0.wp.com\/politicosaldesnudo.com.mx\/wp-content\/uploads\/2021\/12\/TUTU-6.png?resize=300%2C168&amp;ssl=1 300w, https:\/\/i0.wp.com\/politicosaldesnudo.com.mx\/wp-content\/uploads\/2021\/12\/TUTU-6.png?resize=1024%2C573&amp;ssl=1 1024w, https:\/\/i0.wp.com\/politicosaldesnudo.com.mx\/wp-content\/uploads\/2021\/12\/TUTU-6.png?resize=768%2C430&amp;ssl=1 768w, https:\/\/i0.wp.com\/politicosaldesnudo.com.mx\/wp-content\/uploads\/2021\/12\/TUTU-6.png?resize=1536%2C859&amp;ssl=1 1536w, https:\/\/i0.wp.com\/politicosaldesnudo.com.mx\/wp-content\/uploads\/2021\/12\/TUTU-6.png?w=1816&amp;ssl=1 1816w, https:\/\/i0.wp.com\/politicosaldesnudo.com.mx\/wp-content\/uploads\/2021\/12\/TUTU-6.png?w=1600&amp;ssl=1 1600w\" sizes=\"auto, (max-width: 600px) 100vw, 600px\" \/><\/p>\n<p>&nbsp;<\/p>\n<p><strong>Las exequias tendr\u00e1n lugar el 1\u00b0 de enero en la catedral de San Jorge, y cerrar\u00e1 con una semana de duelo.<\/strong> Hasta entonces, las campanas sonar\u00e1n cada d\u00eda diez minutos, las banderas ondear\u00e1n a media asta y la famosa Table Mountain y le Ayuntamiento ser\u00e1n iluminados de p\u00farpura para recordarlo.<\/p>\n<blockquote><p>La Fundaci\u00f3n Nelson Mandela calific\u00f3 su partida de \u201cp\u00e9rdida inconmensurable\u201d. Al considerarlo un pensador, un l\u00edder y un pastor. La instituci\u00f3n apunt\u00f3 que \u201cpara tantas personas en Sud\u00e1frica y en el mundo entero, su vida fue una bendici\u00f3n\u201d.<\/p><\/blockquote>\n<p>&nbsp;<\/p>\n<p><strong>SU VIDA<\/strong><\/p>\n<p><strong>Nacido en la peque\u00f1a ciudad de Klerksdorp<\/strong>, en octubre de 1931, <strong>Desmond Mpilo Tutu se form\u00f3 inicialmente como profesor antes de estudiar teolog\u00eda en el King&#8217;s College, de Londres<\/strong>, y<strong> fue ordenado sacerdote en 1960. Despu\u00e9s de regresar a Sud\u00e1frica lo nombraron decano de la Catedral de Santa Mar\u00eda en Johannesburgo, en 1975, siendo la primera persona negra en ocupar el cargo.<\/strong><\/p>\n<p>De 1976 a 1978 se desempe\u00f1\u00f3 como obispo de Lesotho y en 1985 se convirti\u00f3 en obispo de Johannesburgo. Un a\u00f1o despu\u00e9s, Tutu fue nombrado arzobispo de Ciudad del Cabo, el puesto m\u00e1s alto en la jerarqu\u00eda anglicana del sur de \u00c1frica.<\/p>\n<p>En la d\u00e9cada de los 80, cuando se viv\u00edan violentas protestas contra el\u00a0<em>apartheid<\/em>, era conocido como la \u201cbr\u00fajula moral\u201d del pa\u00eds, al utilizar su p\u00falpito para predicar contra la tiran\u00eda del gobierno de la minor\u00eda blanca e incluso despu\u00e9s de su fin, adem\u00e1s de que nunca vacil\u00f3 en su lucha por una Sud\u00e1frica m\u00e1s justa, llamando a la \u00e9lite pol\u00edtica negra dividida a rendir cuentas, como lo hizo con los\u00a0<em>afrikaners<\/em>\u00a0blancos.<\/p>\n<p>&nbsp;<\/p>\n<p><img data-recalc-dims=\"1\" loading=\"lazy\" decoding=\"async\" class=\"aligncenter wp-image-1052\" src=\"https:\/\/i0.wp.com\/politicosaldesnudo.com.mx\/wp-content\/uploads\/2021\/12\/TUTU4-300x168.png?resize=600%2C336&#038;ssl=1\" alt=\"\" width=\"600\" height=\"336\" srcset=\"https:\/\/i0.wp.com\/politicosaldesnudo.com.mx\/wp-content\/uploads\/2021\/12\/TUTU4.png?resize=300%2C168&amp;ssl=1 300w, https:\/\/i0.wp.com\/politicosaldesnudo.com.mx\/wp-content\/uploads\/2021\/12\/TUTU4.png?resize=1024%2C573&amp;ssl=1 1024w, https:\/\/i0.wp.com\/politicosaldesnudo.com.mx\/wp-content\/uploads\/2021\/12\/TUTU4.png?resize=768%2C430&amp;ssl=1 768w, https:\/\/i0.wp.com\/politicosaldesnudo.com.mx\/wp-content\/uploads\/2021\/12\/TUTU4.png?resize=1536%2C859&amp;ssl=1 1536w, https:\/\/i0.wp.com\/politicosaldesnudo.com.mx\/wp-content\/uploads\/2021\/12\/TUTU4.png?w=1816&amp;ssl=1 1816w, https:\/\/i0.wp.com\/politicosaldesnudo.com.mx\/wp-content\/uploads\/2021\/12\/TUTU4.png?w=1600&amp;ssl=1 1600w\" sizes=\"auto, (max-width: 600px) 100vw, 600px\" \/><\/p>\n<p>&nbsp;<\/p>\n<blockquote><p>La concesi\u00f3n del Nobel de la Paz en 1984 por su lucha no violenta contra el\u00a0<em>apartheid<\/em>\u00a0proyect\u00f3 la estatura del arzobispo como uno de los defensores m\u00e1s eficaces de los derechos humanos en el mundo.<\/p><\/blockquote>\n<p><strong>Despu\u00e9s de la ca\u00edda de la segregaci\u00f3n racial y la elecci\u00f3n de Nelson Mandela como presidente, en 1994, presidi\u00f3 la Comisi\u00f3n de la Verdad y la Reconciliaci\u00f3n, \u00f3rgano reunido para escuchar a los testigos describir las violaciones de derechos humanos cometidas en el pasado y, en algunos casos, para otorgar amnist\u00eda a los autores de delitos si estaban dispuestos a testificar.<\/strong><\/p>\n<p>El \u00f3rgano fue visto como parte clave de la transici\u00f3n hacia una Sud\u00e1frica plenamente democr\u00e1tica, y en ese tiempo Tutu acu\u00f1\u00f3 la frase <strong>\u201cnaci\u00f3n arcoiris\u201d<\/strong> para describir al pa\u00eds.<\/p>\n<p>A escala internacional, hizo campa\u00f1as contra la corrupci\u00f3n, la pobreza, la xenofobia, la homofobia, adem\u00e1s cre\u00f3 conciencia sobre el sida y sobre una amplia gama de problemas, como la ocupaci\u00f3n de los territorios palestinos por Israel y el cambio clim\u00e1tico.<\/p>\n<p><img data-recalc-dims=\"1\" loading=\"lazy\" decoding=\"async\" class=\"aligncenter wp-image-1051\" src=\"https:\/\/i0.wp.com\/politicosaldesnudo.com.mx\/wp-content\/uploads\/2021\/12\/TUTU3-300x168.png?resize=600%2C336&#038;ssl=1\" alt=\"\" width=\"600\" height=\"336\" srcset=\"https:\/\/i0.wp.com\/politicosaldesnudo.com.mx\/wp-content\/uploads\/2021\/12\/TUTU3.png?resize=300%2C168&amp;ssl=1 300w, https:\/\/i0.wp.com\/politicosaldesnudo.com.mx\/wp-content\/uploads\/2021\/12\/TUTU3.png?resize=1024%2C573&amp;ssl=1 1024w, https:\/\/i0.wp.com\/politicosaldesnudo.com.mx\/wp-content\/uploads\/2021\/12\/TUTU3.png?resize=768%2C430&amp;ssl=1 768w, https:\/\/i0.wp.com\/politicosaldesnudo.com.mx\/wp-content\/uploads\/2021\/12\/TUTU3.png?resize=1536%2C859&amp;ssl=1 1536w, https:\/\/i0.wp.com\/politicosaldesnudo.com.mx\/wp-content\/uploads\/2021\/12\/TUTU3.png?w=1816&amp;ssl=1 1816w, https:\/\/i0.wp.com\/politicosaldesnudo.com.mx\/wp-content\/uploads\/2021\/12\/TUTU3.png?w=1600&amp;ssl=1 1600w\" sizes=\"auto, (max-width: 600px) 100vw, 600px\" \/><\/p>\n<p>&nbsp;<\/p>\n<p>&nbsp;<\/p>\n<p><strong>EL PRESIDENTE DE M\u00c9XICO LO RECUERDA<\/strong><\/p>\n<p>En un mensaje en Twitter, el presidente de M\u00e9xico, Andr\u00e9s Manuel L\u00f3pez Obrador record\u00f3 su lucha contra el apartheid y que fue \u201ccompa\u00f1ero de lucha de Nelson Mandela contra el racismo\u201d. Mencion\u00f3: <strong>\u201cUna de sus frases es lapidaria, pero contundente y cierta: \u2018si eres neutral en situaciones de injusticia, has elegido el lado del opresor\u00bb.<\/strong><\/p>\n<p>&nbsp;<\/p>\n<blockquote class=\"twitter-tweet\" data-width=\"550\" data-dnt=\"true\">\n<p lang=\"es\" dir=\"ltr\">Hoy muri\u00f3 a los 90 a\u00f1os en Sud\u00e1frica Desmond Tutu, compa\u00f1ero de lucha de Nelson Mandela contra el racismo. Una de sus frases es lapidaria pero contundente y cierta: \u00abSi eres neutral en situaciones de injusticia, has elegido el lado del opresor\u00bb. <a href=\"https:\/\/t.co\/xSy8n6aJmF\">pic.twitter.com\/xSy8n6aJmF<\/a><\/p>\n<p>&mdash; Andr\u00e9s Manuel (@lopezobrador_) <a href=\"https:\/\/twitter.com\/lopezobrador_\/status\/1475119154038464515?ref_src=twsrc%5Etfw\">December 26, 2021<\/a><\/p><\/blockquote>\n<p><script async src=\"https:\/\/platform.twitter.com\/widgets.js\" charset=\"utf-8\"><\/script><\/p>\n<p>&nbsp;<\/p>\n<p>&nbsp;<\/p>\n<p>&nbsp;<\/p>\n","protected":false},"excerpt":{"rendered":"<p>CIUDAD DEL CABO. El arzobispo anglicano Desmond Mpilo Tutu, s\u00edmbolo de la lucha contra el apartheid\u00a0en Sud\u00e1frica, galardonado con el<\/p>\n","protected":false},"author":1,"featured_media":1053,"comment_status":"closed","ping_status":"closed","sticky":false,"template":"","format":"standard","meta":{"colormag_page_container_layout":"default_layout","colormag_page_sidebar_layout":"default_layout","_jetpack_memberships_contains_paid_content":false,"footnotes":"","jetpack_publicize_message":"","jetpack_publicize_feature_enabled":true,"jetpack_social_post_already_shared":false,"jetpack_social_options":{"image_generator_settings":{"template":"highway","default_image_id":0,"font":"","enabled":false},"version":2}},"categories":[28],"tags":[172,171,173],"class_list":["post-1048","post","type-post","status-publish","format-standard","has-post-thumbnail","hentry","category-internacional","tag-apartheid","tag-desmond-tutu","tag-sudafrica"],"jetpack_publicize_connections":[],"jetpack_featured_media_url":"https:\/\/i0.wp.com\/politicosaldesnudo.com.mx\/wp-content\/uploads\/2021\/12\/TUTU5.png?fit=1816%2C1016&ssl=1","jetpack-related-posts":[],"jetpack_sharing_enabled":true,"_links":{"self":[{"href":"https:\/\/politicosaldesnudo.com.mx\/index.php\/wp-json\/wp\/v2\/posts\/1048","targetHints":{"allow":["GET"]}}],"collection":[{"href":"https:\/\/politicosaldesnudo.com.mx\/index.php\/wp-json\/wp\/v2\/posts"}],"about":[{"href":"https:\/\/politicosaldesnudo.com.mx\/index.php\/wp-json\/wp\/v2\/types\/post"}],"author":[{"embeddable":true,"href":"https:\/\/politicosaldesnudo.com.mx\/index.php\/wp-json\/wp\/v2\/users\/1"}],"replies":[{"embeddable":true,"href":"https:\/\/politicosaldesnudo.com.mx\/index.php\/wp-json\/wp\/v2\/comments?post=1048"}],"version-history":[{"count":0,"href":"https:\/\/politicosaldesnudo.com.mx\/index.php\/wp-json\/wp\/v2\/posts\/1048\/revisions"}],"wp:featuredmedia":[{"embeddable":true,"href":"https:\/\/politicosaldesnudo.com.mx\/index.php\/wp-json\/wp\/v2\/media\/1053"}],"wp:attachment":[{"href":"https:\/\/politicosaldesnudo.com.mx\/index.php\/wp-json\/wp\/v2\/media?parent=1048"}],"wp:term":[{"taxonomy":"category","embeddable":true,"href":"https:\/\/politicosaldesnudo.com.mx\/index.php\/wp-json\/wp\/v2\/categories?post=1048"},{"taxonomy":"post_tag","embeddable":true,"href":"https:\/\/politicosaldesnudo.com.mx\/index.php\/wp-json\/wp\/v2\/tags?post=1048"}],"curies":[{"name":"wp","href":"https:\/\/api.w.org\/{rel}","templated":true}]}}