{"id":10480,"date":"2022-09-22T17:26:09","date_gmt":"2022-09-22T22:26:09","guid":{"rendered":"https:\/\/politicosaldesnudo.com.mx\/?p=10480"},"modified":"2022-09-22T17:27:18","modified_gmt":"2022-09-22T22:27:18","slug":"otorgan-amparo-de-murillo-karam-por-delitos-en-caso-ayotzinapa","status":"publish","type":"post","link":"https:\/\/politicosaldesnudo.com.mx\/index.php\/2022\/09\/22\/otorgan-amparo-de-murillo-karam-por-delitos-en-caso-ayotzinapa\/","title":{"rendered":"Otorgan amparo a Murillo Karam por delitos en caso Ayotzinapa"},"content":{"rendered":"<p>&nbsp;<\/p>\n<p class=\"p2\"><span style=\"font-size: 14pt;\"><em><strong>CIUDAD DE M\u00c9XICO.<\/strong> <\/em><span class=\"s1\">El juzgado 16 de distrito en materia de amparo otorg\u00f3 una<strong> suspensi\u00f3n provisional en favor del ex titular de la Procuradur\u00eda General de la Rep\u00fablica (PGR), Jes\u00fas Murillo Karam<\/strong>, en lo que se refiere al auto de vinculaci\u00f3n a proceso por los delitos de tortura, contra la procuraci\u00f3n de justicia y desaparici\u00f3n forzada, por lo que un impartidor de justicia analizar\u00e1 si concede la suspensi\u00f3n de plano y entra al an\u00e1lisis de si la decisi\u00f3n judicial estuvo apegada a derecho.<\/span><\/span><\/p>\n<p class=\"p3\"><span style=\"font-size: 18pt;\"><strong>En el acuerdo judicial se informa que se admiti\u00f3 a tr\u00e1mite la demanda de amparo y se cita para la audiencia constitucional en la que se habr\u00e1 de definir si concede la suspensi\u00f3n definitiva el pr\u00f3ximo 11 de octubre.<\/strong><\/span><\/p>\n<p class=\"p3\"><span style=\"font-size: 14pt;\">En la lista de acuerdos del Consejo de la Judicatura Federal se menciona que se notificar\u00e1 \u201ca la autoridad jurisdiccional responsable que deber\u00e1 suspender el procedimiento en lo que corresponda al quejoso, una vez cerrada la etapa de intermedia y hasta que sea notificada de la resoluci\u00f3n que recaiga en el presente juicio de amparo\u201d, en este caso el juez Marco Antonio Fuerte Tapia.<\/span><\/p>\n<p class=\"p3\"><span style=\"font-size: 14pt;\">Se requiere al juzgador que vincul\u00f3 a proceso a Murillo Karam, quien se encuentra preso en el Reclusorio Norte, \u201cque informe qui\u00e9n es el Agente del Ministerio P\u00fablico que intervino en la audiencia de 24 de agosto de 2022, donde emana el acto reclamado\u201d.<\/span><\/p>\n<p>&nbsp;<\/p>\n<p>&nbsp;<\/p>\n<p>&nbsp;<\/p>\n","protected":false},"excerpt":{"rendered":"<p>&nbsp; CIUDAD DE M\u00c9XICO. El juzgado 16 de distrito en materia de amparo otorg\u00f3 una suspensi\u00f3n provisional en favor del [&hellip;]<\/p>\n","protected":false},"author":4,"featured_media":10481,"comment_status":"closed","ping_status":"closed","sticky":false,"template":"","format":"standard","meta":{"site-sidebar-layout":"default","site-content-layout":"","ast-site-content-layout":"default","site-content-style":"default","site-sidebar-style":"default","ast-global-header-display":"","ast-banner-title-visibility":"","ast-main-header-display":"","ast-hfb-above-header-display":"","ast-hfb-below-header-display":"","ast-hfb-mobile-header-display":"","site-post-title":"","ast-breadcrumbs-content":"","ast-featured-img":"","footer-sml-layout":"","ast-disable-related-posts":"","theme-transparent-header-meta":"","adv-header-id-meta":"","stick-header-meta":"","header-above-stick-meta":"","header-main-stick-meta":"","header-below-stick-meta":"","astra-migrate-meta-layouts":"default","ast-page-background-enabled":"default","ast-page-background-meta":{"desktop":{"background-color":"var(--ast-global-color-5)","background-image":"","background-repeat":"repeat","background-position":"center center","background-size":"auto","background-attachment":"scroll","background-type":"","background-media":"","overlay-type":"","overlay-color":"","overlay-opacity":"","overlay-gradient":""},"tablet":{"background-color":"","background-image":"","background-repeat":"repeat","background-position":"center center","background-size":"auto","background-attachment":"scroll","background-type":"","background-media":"","overlay-type":"","overlay-color":"","overlay-opacity":"","overlay-gradient":""},"mobile":{"background-color":"","background-image":"","background-repeat":"repeat","background-position":"center center","background-size":"auto","background-attachment":"scroll","background-type":"","background-media":"","overlay-type":"","overlay-color":"","overlay-opacity":"","overlay-gradient":""}},"ast-content-background-meta":{"desktop":{"background-color":"var(--ast-global-color-4)","background-image":"","background-repeat":"repeat","background-position":"center center","background-size":"auto","background-attachment":"scroll","background-type":"","background-media":"","overlay-type":"","overlay-color":"","overlay-opacity":"","overlay-gradient":""},"tablet":{"background-color":"var(--ast-global-color-4)","background-image":"","background-repeat":"repeat","background-position":"center center","background-size":"auto","background-attachment":"scroll","background-type":"","background-media":"","overlay-type":"","overlay-color":"","overlay-opacity":"","overlay-gradient":""},"mobile":{"background-color":"var(--ast-global-color-4)","background-image":"","background-repeat":"repeat","background-position":"center center","background-size":"auto","background-attachment":"scroll","background-type":"","background-media":"","overlay-type":"","overlay-color":"","overlay-opacity":"","overlay-gradient":""}},"_jetpack_newsletter_access":"","_jetpack_dont_email_post_to_subs":false,"_jetpack_newsletter_tier_id":0,"_jetpack_memberships_contains_paywalled_content":false,"_jetpack_feature_clip_id":0,"_jetpack_memberships_contains_paid_content":false,"footnotes":"","jetpack_publicize_message":"","jetpack_publicize_feature_enabled":true,"jetpack_social_post_already_shared":false,"jetpack_social_options":{"image_generator_settings":{"template":"highway","default_image_id":0,"font":"","enabled":false},"version":2},"jetpack_post_was_ever_published":false},"categories":[33],"tags":[1496,1332],"class_list":["post-10480","post","type-post","status-publish","format-standard","has-post-thumbnail","hentry","category-nacional","tag-amparo","tag-jesus-murillo-karam"],"yoast_head":"<!-- This site is optimized with the Yoast SEO plugin v28.3 - https:\/\/yoast.com\/product\/yoast-seo-wordpress\/ -->\n<title>Otorgan amparo a Murillo Karam por delitos en caso Ayotzinapa - Pol\u00edticos al Desnudo<\/title>\n<meta name=\"robots\" content=\"index, follow, max-snippet:-1, max-image-preview:large, max-video-preview:-1\" \/>\n<link rel=\"canonical\" href=\"https:\/\/politicosaldesnudo.com.mx\/index.php\/2022\/09\/22\/otorgan-amparo-de-murillo-karam-por-delitos-en-caso-ayotzinapa\/\" \/>\n<meta property=\"og:locale\" content=\"es_ES\" \/>\n<meta property=\"og:type\" content=\"article\" \/>\n<meta property=\"og:title\" content=\"Otorgan amparo a Murillo Karam por delitos en caso Ayotzinapa - Pol\u00edticos al Desnudo\" \/>\n<meta property=\"og:description\" content=\"&nbsp; CIUDAD DE M\u00c9XICO. El juzgado 16 de distrito en materia de amparo otorg\u00f3 una suspensi\u00f3n provisional en favor del [&hellip;]\" \/>\n<meta property=\"og:url\" content=\"https:\/\/politicosaldesnudo.com.mx\/index.php\/2022\/09\/22\/otorgan-amparo-de-murillo-karam-por-delitos-en-caso-ayotzinapa\/\" \/>\n<meta property=\"og:site_name\" content=\"Pol\u00edticos al Desnudo\" \/>\n<meta property=\"article:publisher\" content=\"https:\/\/www.facebook.com\/PoliticosAD\" \/>\n<meta property=\"article:published_time\" content=\"2022-09-22T22:26:09+00:00\" \/>\n<meta property=\"article:modified_time\" content=\"2022-09-22T22:27:18+00:00\" \/>\n<meta property=\"og:image\" content=\"https:\/\/i0.wp.com\/politicosaldesnudo.com.mx\/wp-content\/uploads\/2022\/09\/P-MURILLO-KARAM.png?fit=1816%2C1016&ssl=1\" \/>\n\t<meta property=\"og:image:width\" content=\"1816\" \/>\n\t<meta property=\"og:image:height\" content=\"1016\" \/>\n\t<meta property=\"og:image:type\" content=\"image\/png\" \/>\n<meta name=\"author\" content=\"Redacci\u00f3n Pol\u00edticos\" \/>\n<meta name=\"twitter:card\" content=\"summary_large_image\" \/>\n<meta name=\"twitter:label1\" content=\"Escrito por\" \/>\n\t<meta name=\"twitter:data1\" content=\"Redacci\u00f3n Pol\u00edticos\" \/>\n\t<meta name=\"twitter:label2\" content=\"Tiempo de lectura\" \/>\n\t<meta name=\"twitter:data2\" content=\"1 minuto\" \/>\n<script type=\"application\/ld+json\" class=\"yoast-schema-graph\">{\"@context\":\"https:\\\/\\\/schema.org\",\"@graph\":[{\"@type\":\"Article\",\"@id\":\"https:\\\/\\\/politicosaldesnudo.com.mx\\\/index.php\\\/2022\\\/09\\\/22\\\/otorgan-amparo-de-murillo-karam-por-delitos-en-caso-ayotzinapa\\\/#article\",\"isPartOf\":{\"@id\":\"https:\\\/\\\/politicosaldesnudo.com.mx\\\/index.php\\\/2022\\\/09\\\/22\\\/otorgan-amparo-de-murillo-karam-por-delitos-en-caso-ayotzinapa\\\/\"},\"author\":{\"name\":\"Redacci\u00f3n Pol\u00edticos\",\"@id\":\"https:\\\/\\\/politicosaldesnudo.com.mx\\\/#\\\/schema\\\/person\\\/ef3a64e561cc3f3f5dc52fab81adde7e\"},\"headline\":\"Otorgan amparo a Murillo Karam por delitos en caso Ayotzinapa\",\"datePublished\":\"2022-09-22T22:26:09+00:00\",\"dateModified\":\"2022-09-22T22:27:18+00:00\",\"mainEntityOfPage\":{\"@id\":\"https:\\\/\\\/politicosaldesnudo.com.mx\\\/index.php\\\/2022\\\/09\\\/22\\\/otorgan-amparo-de-murillo-karam-por-delitos-en-caso-ayotzinapa\\\/\"},\"wordCount\":257,\"publisher\":{\"@id\":\"https:\\\/\\\/politicosaldesnudo.com.mx\\\/#organization\"},\"image\":{\"@id\":\"https:\\\/\\\/politicosaldesnudo.com.mx\\\/index.php\\\/2022\\\/09\\\/22\\\/otorgan-amparo-de-murillo-karam-por-delitos-en-caso-ayotzinapa\\\/#primaryimage\"},\"thumbnailUrl\":\"https:\\\/\\\/i0.wp.com\\\/politicosaldesnudo.com.mx\\\/wp-content\\\/uploads\\\/2022\\\/09\\\/P-MURILLO-KARAM.png?fit=1816%2C1016&ssl=1\",\"keywords\":[\"AMPARO\",\"JESUS MURILLO KARAM\"],\"articleSection\":[\"NACIONAL\"],\"inLanguage\":\"es\"},{\"@type\":\"WebPage\",\"@id\":\"https:\\\/\\\/politicosaldesnudo.com.mx\\\/index.php\\\/2022\\\/09\\\/22\\\/otorgan-amparo-de-murillo-karam-por-delitos-en-caso-ayotzinapa\\\/\",\"url\":\"https:\\\/\\\/politicosaldesnudo.com.mx\\\/index.php\\\/2022\\\/09\\\/22\\\/otorgan-amparo-de-murillo-karam-por-delitos-en-caso-ayotzinapa\\\/\",\"name\":\"Otorgan amparo a Murillo Karam por delitos en caso Ayotzinapa - Pol\u00edticos al Desnudo\",\"isPartOf\":{\"@id\":\"https:\\\/\\\/politicosaldesnudo.com.mx\\\/#website\"},\"primaryImageOfPage\":{\"@id\":\"https:\\\/\\\/politicosaldesnudo.com.mx\\\/index.php\\\/2022\\\/09\\\/22\\\/otorgan-amparo-de-murillo-karam-por-delitos-en-caso-ayotzinapa\\\/#primaryimage\"},\"image\":{\"@id\":\"https:\\\/\\\/politicosaldesnudo.com.mx\\\/index.php\\\/2022\\\/09\\\/22\\\/otorgan-amparo-de-murillo-karam-por-delitos-en-caso-ayotzinapa\\\/#primaryimage\"},\"thumbnailUrl\":\"https:\\\/\\\/i0.wp.com\\\/politicosaldesnudo.com.mx\\\/wp-content\\\/uploads\\\/2022\\\/09\\\/P-MURILLO-KARAM.png?fit=1816%2C1016&ssl=1\",\"datePublished\":\"2022-09-22T22:26:09+00:00\",\"dateModified\":\"2022-09-22T22:27:18+00:00\",\"breadcrumb\":{\"@id\":\"https:\\\/\\\/politicosaldesnudo.com.mx\\\/index.php\\\/2022\\\/09\\\/22\\\/otorgan-amparo-de-murillo-karam-por-delitos-en-caso-ayotzinapa\\\/#breadcrumb\"},\"inLanguage\":\"es\",\"potentialAction\":[{\"@type\":\"ReadAction\",\"target\":[\"https:\\\/\\\/politicosaldesnudo.com.mx\\\/index.php\\\/2022\\\/09\\\/22\\\/otorgan-amparo-de-murillo-karam-por-delitos-en-caso-ayotzinapa\\\/\"]}]},{\"@type\":\"ImageObject\",\"inLanguage\":\"es\",\"@id\":\"https:\\\/\\\/politicosaldesnudo.com.mx\\\/index.php\\\/2022\\\/09\\\/22\\\/otorgan-amparo-de-murillo-karam-por-delitos-en-caso-ayotzinapa\\\/#primaryimage\",\"url\":\"https:\\\/\\\/i0.wp.com\\\/politicosaldesnudo.com.mx\\\/wp-content\\\/uploads\\\/2022\\\/09\\\/P-MURILLO-KARAM.png?fit=1816%2C1016&ssl=1\",\"contentUrl\":\"https:\\\/\\\/i0.wp.com\\\/politicosaldesnudo.com.mx\\\/wp-content\\\/uploads\\\/2022\\\/09\\\/P-MURILLO-KARAM.png?fit=1816%2C1016&ssl=1\",\"width\":1816,\"height\":1016},{\"@type\":\"BreadcrumbList\",\"@id\":\"https:\\\/\\\/politicosaldesnudo.com.mx\\\/index.php\\\/2022\\\/09\\\/22\\\/otorgan-amparo-de-murillo-karam-por-delitos-en-caso-ayotzinapa\\\/#breadcrumb\",\"itemListElement\":[{\"@type\":\"ListItem\",\"position\":1,\"name\":\"Portada\",\"item\":\"https:\\\/\\\/politicosaldesnudo.com.mx\\\/\"},{\"@type\":\"ListItem\",\"position\":2,\"name\":\"Otorgan amparo a Murillo Karam por delitos en caso Ayotzinapa\"}]},{\"@type\":\"WebSite\",\"@id\":\"https:\\\/\\\/politicosaldesnudo.com.mx\\\/#website\",\"url\":\"https:\\\/\\\/politicosaldesnudo.com.mx\\\/\",\"name\":\"Pol\u00edticos al Desnudo\",\"description\":\"\",\"publisher\":{\"@id\":\"https:\\\/\\\/politicosaldesnudo.com.mx\\\/#organization\"},\"potentialAction\":[{\"@type\":\"SearchAction\",\"target\":{\"@type\":\"EntryPoint\",\"urlTemplate\":\"https:\\\/\\\/politicosaldesnudo.com.mx\\\/?s={search_term_string}\"},\"query-input\":{\"@type\":\"PropertyValueSpecification\",\"valueRequired\":true,\"valueName\":\"search_term_string\"}}],\"inLanguage\":\"es\"},{\"@type\":\"Organization\",\"@id\":\"https:\\\/\\\/politicosaldesnudo.com.mx\\\/#organization\",\"name\":\"Pol\u00edticos al Desnudo\",\"url\":\"https:\\\/\\\/politicosaldesnudo.com.mx\\\/\",\"logo\":{\"@type\":\"ImageObject\",\"inLanguage\":\"es\",\"@id\":\"https:\\\/\\\/politicosaldesnudo.com.mx\\\/#\\\/schema\\\/logo\\\/image\\\/\",\"url\":\"https:\\\/\\\/i0.wp.com\\\/politicosaldesnudo.com.mx\\\/wp-content\\\/uploads\\\/2026\\\/08\\\/cropped-logo.webp?fit=400%2C126&ssl=1\",\"contentUrl\":\"https:\\\/\\\/i0.wp.com\\\/politicosaldesnudo.com.mx\\\/wp-content\\\/uploads\\\/2026\\\/08\\\/cropped-logo.webp?fit=400%2C126&ssl=1\",\"width\":400,\"height\":126,\"caption\":\"Pol\u00edticos al Desnudo\"},\"image\":{\"@id\":\"https:\\\/\\\/politicosaldesnudo.com.mx\\\/#\\\/schema\\\/logo\\\/image\\\/\"},\"sameAs\":[\"https:\\\/\\\/www.facebook.com\\\/PoliticosAD\"]},{\"@type\":\"Person\",\"@id\":\"https:\\\/\\\/politicosaldesnudo.com.mx\\\/#\\\/schema\\\/person\\\/ef3a64e561cc3f3f5dc52fab81adde7e\",\"name\":\"Redacci\u00f3n Pol\u00edticos\",\"url\":\"https:\\\/\\\/politicosaldesnudo.com.mx\\\/index.php\\\/author\\\/redaccion-politicos\\\/\"}]}<\/script>\n<!-- \/ Yoast SEO plugin. -->","yoast_head_json":{"title":"Otorgan amparo a Murillo Karam por delitos en caso Ayotzinapa - Pol\u00edticos al Desnudo","robots":{"index":"index","follow":"follow","max-snippet":"max-snippet:-1","max-image-preview":"max-image-preview:large","max-video-preview":"max-video-preview:-1"},"canonical":"https:\/\/politicosaldesnudo.com.mx\/index.php\/2022\/09\/22\/otorgan-amparo-de-murillo-karam-por-delitos-en-caso-ayotzinapa\/","og_locale":"es_ES","og_type":"article","og_title":"Otorgan amparo a Murillo Karam por delitos en caso Ayotzinapa - Pol\u00edticos al Desnudo","og_description":"&nbsp; CIUDAD DE M\u00c9XICO. El juzgado 16 de distrito en materia de amparo otorg\u00f3 una suspensi\u00f3n provisional en favor del [&hellip;]","og_url":"https:\/\/politicosaldesnudo.com.mx\/index.php\/2022\/09\/22\/otorgan-amparo-de-murillo-karam-por-delitos-en-caso-ayotzinapa\/","og_site_name":"Pol\u00edticos al Desnudo","article_publisher":"https:\/\/www.facebook.com\/PoliticosAD","article_published_time":"2022-09-22T22:26:09+00:00","article_modified_time":"2022-09-22T22:27:18+00:00","og_image":[{"width":1816,"height":1016,"url":"https:\/\/i0.wp.com\/politicosaldesnudo.com.mx\/wp-content\/uploads\/2022\/09\/P-MURILLO-KARAM.png?fit=1816%2C1016&ssl=1","type":"image\/png"}],"author":"Redacci\u00f3n Pol\u00edticos","twitter_card":"summary_large_image","twitter_misc":{"Escrito por":"Redacci\u00f3n Pol\u00edticos","Tiempo de lectura":"1 minuto"},"schema":{"@context":"https:\/\/schema.org","@graph":[{"@type":"Article","@id":"https:\/\/politicosaldesnudo.com.mx\/index.php\/2022\/09\/22\/otorgan-amparo-de-murillo-karam-por-delitos-en-caso-ayotzinapa\/#article","isPartOf":{"@id":"https:\/\/politicosaldesnudo.com.mx\/index.php\/2022\/09\/22\/otorgan-amparo-de-murillo-karam-por-delitos-en-caso-ayotzinapa\/"},"author":{"name":"Redacci\u00f3n Pol\u00edticos","@id":"https:\/\/politicosaldesnudo.com.mx\/#\/schema\/person\/ef3a64e561cc3f3f5dc52fab81adde7e"},"headline":"Otorgan amparo a Murillo Karam por delitos en caso Ayotzinapa","datePublished":"2022-09-22T22:26:09+00:00","dateModified":"2022-09-22T22:27:18+00:00","mainEntityOfPage":{"@id":"https:\/\/politicosaldesnudo.com.mx\/index.php\/2022\/09\/22\/otorgan-amparo-de-murillo-karam-por-delitos-en-caso-ayotzinapa\/"},"wordCount":257,"publisher":{"@id":"https:\/\/politicosaldesnudo.com.mx\/#organization"},"image":{"@id":"https:\/\/politicosaldesnudo.com.mx\/index.php\/2022\/09\/22\/otorgan-amparo-de-murillo-karam-por-delitos-en-caso-ayotzinapa\/#primaryimage"},"thumbnailUrl":"https:\/\/i0.wp.com\/politicosaldesnudo.com.mx\/wp-content\/uploads\/2022\/09\/P-MURILLO-KARAM.png?fit=1816%2C1016&ssl=1","keywords":["AMPARO","JESUS MURILLO KARAM"],"articleSection":["NACIONAL"],"inLanguage":"es"},{"@type":"WebPage","@id":"https:\/\/politicosaldesnudo.com.mx\/index.php\/2022\/09\/22\/otorgan-amparo-de-murillo-karam-por-delitos-en-caso-ayotzinapa\/","url":"https:\/\/politicosaldesnudo.com.mx\/index.php\/2022\/09\/22\/otorgan-amparo-de-murillo-karam-por-delitos-en-caso-ayotzinapa\/","name":"Otorgan amparo a Murillo Karam por delitos en caso Ayotzinapa - Pol\u00edticos al Desnudo","isPartOf":{"@id":"https:\/\/politicosaldesnudo.com.mx\/#website"},"primaryImageOfPage":{"@id":"https:\/\/politicosaldesnudo.com.mx\/index.php\/2022\/09\/22\/otorgan-amparo-de-murillo-karam-por-delitos-en-caso-ayotzinapa\/#primaryimage"},"image":{"@id":"https:\/\/politicosaldesnudo.com.mx\/index.php\/2022\/09\/22\/otorgan-amparo-de-murillo-karam-por-delitos-en-caso-ayotzinapa\/#primaryimage"},"thumbnailUrl":"https:\/\/i0.wp.com\/politicosaldesnudo.com.mx\/wp-content\/uploads\/2022\/09\/P-MURILLO-KARAM.png?fit=1816%2C1016&ssl=1","datePublished":"2022-09-22T22:26:09+00:00","dateModified":"2022-09-22T22:27:18+00:00","breadcrumb":{"@id":"https:\/\/politicosaldesnudo.com.mx\/index.php\/2022\/09\/22\/otorgan-amparo-de-murillo-karam-por-delitos-en-caso-ayotzinapa\/#breadcrumb"},"inLanguage":"es","potentialAction":[{"@type":"ReadAction","target":["https:\/\/politicosaldesnudo.com.mx\/index.php\/2022\/09\/22\/otorgan-amparo-de-murillo-karam-por-delitos-en-caso-ayotzinapa\/"]}]},{"@type":"ImageObject","inLanguage":"es","@id":"https:\/\/politicosaldesnudo.com.mx\/index.php\/2022\/09\/22\/otorgan-amparo-de-murillo-karam-por-delitos-en-caso-ayotzinapa\/#primaryimage","url":"https:\/\/i0.wp.com\/politicosaldesnudo.com.mx\/wp-content\/uploads\/2022\/09\/P-MURILLO-KARAM.png?fit=1816%2C1016&ssl=1","contentUrl":"https:\/\/i0.wp.com\/politicosaldesnudo.com.mx\/wp-content\/uploads\/2022\/09\/P-MURILLO-KARAM.png?fit=1816%2C1016&ssl=1","width":1816,"height":1016},{"@type":"BreadcrumbList","@id":"https:\/\/politicosaldesnudo.com.mx\/index.php\/2022\/09\/22\/otorgan-amparo-de-murillo-karam-por-delitos-en-caso-ayotzinapa\/#breadcrumb","itemListElement":[{"@type":"ListItem","position":1,"name":"Portada","item":"https:\/\/politicosaldesnudo.com.mx\/"},{"@type":"ListItem","position":2,"name":"Otorgan amparo a Murillo Karam por delitos en caso Ayotzinapa"}]},{"@type":"WebSite","@id":"https:\/\/politicosaldesnudo.com.mx\/#website","url":"https:\/\/politicosaldesnudo.com.mx\/","name":"Pol\u00edticos al Desnudo","description":"","publisher":{"@id":"https:\/\/politicosaldesnudo.com.mx\/#organization"},"potentialAction":[{"@type":"SearchAction","target":{"@type":"EntryPoint","urlTemplate":"https:\/\/politicosaldesnudo.com.mx\/?s={search_term_string}"},"query-input":{"@type":"PropertyValueSpecification","valueRequired":true,"valueName":"search_term_string"}}],"inLanguage":"es"},{"@type":"Organization","@id":"https:\/\/politicosaldesnudo.com.mx\/#organization","name":"Pol\u00edticos al Desnudo","url":"https:\/\/politicosaldesnudo.com.mx\/","logo":{"@type":"ImageObject","inLanguage":"es","@id":"https:\/\/politicosaldesnudo.com.mx\/#\/schema\/logo\/image\/","url":"https:\/\/i0.wp.com\/politicosaldesnudo.com.mx\/wp-content\/uploads\/2026\/08\/cropped-logo.webp?fit=400%2C126&ssl=1","contentUrl":"https:\/\/i0.wp.com\/politicosaldesnudo.com.mx\/wp-content\/uploads\/2026\/08\/cropped-logo.webp?fit=400%2C126&ssl=1","width":400,"height":126,"caption":"Pol\u00edticos al Desnudo"},"image":{"@id":"https:\/\/politicosaldesnudo.com.mx\/#\/schema\/logo\/image\/"},"sameAs":["https:\/\/www.facebook.com\/PoliticosAD"]},{"@type":"Person","@id":"https:\/\/politicosaldesnudo.com.mx\/#\/schema\/person\/ef3a64e561cc3f3f5dc52fab81adde7e","name":"Redacci\u00f3n Pol\u00edticos","url":"https:\/\/politicosaldesnudo.com.mx\/index.php\/author\/redaccion-politicos\/"}]}},"jetpack_publicize_connections":[],"jetpack-related-posts":[{"id":28811,"url":"https:\/\/politicosaldesnudo.com.mx\/index.php\/2024\/01\/08\/va-lozoya-por-nuevo-amparo-contra-negativa-a-seguir-juicio-en-libertad\/","url_meta":{"origin":10480,"position":0},"title":"Va Lozoya por nuevo amparo contra negativa a seguir juicio en libertad","author":"Redacci\u00f3n Pol\u00edticos","date":"8 de enero de 2024","format":false,"excerpt":"Emilio Lozoya Austin, ex director de Petr\u00f3leos Mexicanos (Pemex), promovi\u00f3 un nuevo juicio de amparo contra la resoluci\u00f3n de un juez federal que le neg\u00f3 el cambio de medida cautelar para seguir su juicio en libertad por el caso Odebrecht. El ex funcionario inicio el juicio de amparo el pasado\u2026","rel":"","context":"En \u00abNACIONAL\u00bb","block_context":{"text":"NACIONAL","link":"https:\/\/politicosaldesnudo.com.mx\/index.php\/category\/nacional\/"},"img":{"alt_text":"","src":"https:\/\/i0.wp.com\/politicosaldesnudo.com.mx\/wp-content\/uploads\/2024\/01\/emilio-lozoya-2.jpeg?fit=1131%2C645&ssl=1&resize=350%2C200","width":350,"height":200,"srcset":"https:\/\/i0.wp.com\/politicosaldesnudo.com.mx\/wp-content\/uploads\/2024\/01\/emilio-lozoya-2.jpeg?fit=1131%2C645&ssl=1&resize=350%2C200 1x, https:\/\/i0.wp.com\/politicosaldesnudo.com.mx\/wp-content\/uploads\/2024\/01\/emilio-lozoya-2.jpeg?fit=1131%2C645&ssl=1&resize=525%2C300 1.5x, https:\/\/i0.wp.com\/politicosaldesnudo.com.mx\/wp-content\/uploads\/2024\/01\/emilio-lozoya-2.jpeg?fit=1131%2C645&ssl=1&resize=700%2C400 2x, https:\/\/i0.wp.com\/politicosaldesnudo.com.mx\/wp-content\/uploads\/2024\/01\/emilio-lozoya-2.jpeg?fit=1131%2C645&ssl=1&resize=1050%2C600 3x"},"classes":[]},{"id":87359,"url":"https:\/\/politicosaldesnudo.com.mx\/index.php\/2026\/07\/29\/estulticia-del-estado\/","url_meta":{"origin":10480,"position":1},"title":"Estulticia del estado","author":"Redacci\u00f3n Pol\u00edticos","date":"29 de julio de 2026","format":false,"excerpt":"Dentro de la abogac\u00eda independiente de la Federaci\u00f3n existe una preocupaci\u00f3n manifiesta por mejorar las instituciones de impartici\u00f3n de justicia, en verdad que hay problemas por resolver, sin embargo, los indicadores del Movimiento de Regeneraci\u00f3n Nacional son claros, vamos hacia la destrucci\u00f3n de la independencia del Poder Judicial Federal. Para\u2026","rel":"","context":"En \u00abOPINI\u00d3N\u00bb","block_context":{"text":"OPINI\u00d3N","link":"https:\/\/politicosaldesnudo.com.mx\/index.php\/category\/columnistas\/"},"img":{"alt_text":"","src":"https:\/\/i0.wp.com\/politicosaldesnudo.com.mx\/wp-content\/uploads\/2026\/03\/WOODLRICH.jpg?fit=800%2C445&ssl=1&resize=350%2C200","width":350,"height":200,"srcset":"https:\/\/i0.wp.com\/politicosaldesnudo.com.mx\/wp-content\/uploads\/2026\/03\/WOODLRICH.jpg?fit=800%2C445&ssl=1&resize=350%2C200 1x, https:\/\/i0.wp.com\/politicosaldesnudo.com.mx\/wp-content\/uploads\/2026\/03\/WOODLRICH.jpg?fit=800%2C445&ssl=1&resize=525%2C300 1.5x, https:\/\/i0.wp.com\/politicosaldesnudo.com.mx\/wp-content\/uploads\/2026\/03\/WOODLRICH.jpg?fit=800%2C445&ssl=1&resize=700%2C400 2x"},"classes":[]},{"id":88122,"url":"https:\/\/politicosaldesnudo.com.mx\/index.php\/2026\/08\/28\/asi-cambiara-el-poder-judicial-de-veracruz\/","url_meta":{"origin":10480,"position":2},"title":"As\u00ed cambiar\u00e1 el Poder Judicial de Veracruz","author":"Redacci\u00f3n Pol\u00edticos","date":"28 de agosto de 2026","format":false,"excerpt":"ALMA GRANDE POR: \u00c1NGEL \u00c1LVARO PE\u00d1A El Poder Judicial de Veracruz est\u00e1 a punto de cambiar de manera profunda. El Congreso del Estado aprob\u00f3 una reforma a su Ley Org\u00e1nica que establece las reglas para magistraturas y judicaturas electas por voto popular, adem\u00e1s de modificar la integraci\u00f3n de las presidencias\u2026","rel":"","context":"En \u00abOPINI\u00d3N\u00bb","block_context":{"text":"OPINI\u00d3N","link":"https:\/\/politicosaldesnudo.com.mx\/index.php\/category\/columnistas\/"},"img":{"alt_text":"","src":"https:\/\/i0.wp.com\/politicosaldesnudo.com.mx\/wp-content\/uploads\/2026\/08\/AG-2808.png?fit=1200%2C658&ssl=1&resize=350%2C200","width":350,"height":200,"srcset":"https:\/\/i0.wp.com\/politicosaldesnudo.com.mx\/wp-content\/uploads\/2026\/08\/AG-2808.png?fit=1200%2C658&ssl=1&resize=350%2C200 1x, https:\/\/i0.wp.com\/politicosaldesnudo.com.mx\/wp-content\/uploads\/2026\/08\/AG-2808.png?fit=1200%2C658&ssl=1&resize=525%2C300 1.5x, https:\/\/i0.wp.com\/politicosaldesnudo.com.mx\/wp-content\/uploads\/2026\/08\/AG-2808.png?fit=1200%2C658&ssl=1&resize=700%2C400 2x, https:\/\/i0.wp.com\/politicosaldesnudo.com.mx\/wp-content\/uploads\/2026\/08\/AG-2808.png?fit=1200%2C658&ssl=1&resize=1050%2C600 3x"},"classes":[]},{"id":87890,"url":"https:\/\/politicosaldesnudo.com.mx\/index.php\/2026\/08\/19\/la-foto-que-puede-costar-la-vida\/","url_meta":{"origin":10480,"position":3},"title":"La foto que puede costar la vida","author":"Redacci\u00f3n Pol\u00edticos","date":"19 de agosto de 2026","format":false,"excerpt":"Astrolabio Pol\u00edtico Por: Luis Ram\u00edrez Baqueiro \u201cNo hay malas hierbas ni hombres malos; s\u00f3lo hay malos cultivadores\u201d. \u2013 V\u00edctor Hugo. Algo peligroso est\u00e1 ocurriendo en las calles y carreteras de Xalapa y sus alrededores. El incremento de accidentes en motocicleta obliga a revisar no solamente el comportamiento de quienes conducen\u2026","rel":"","context":"En \u00abOPINI\u00d3N\u00bb","block_context":{"text":"OPINI\u00d3N","link":"https:\/\/politicosaldesnudo.com.mx\/index.php\/category\/columnistas\/"},"img":{"alt_text":"","src":"https:\/\/i0.wp.com\/politicosaldesnudo.com.mx\/wp-content\/uploads\/2026\/08\/COLUMNISTAS-PAD-1-1.png?fit=1200%2C659&ssl=1&resize=350%2C200","width":350,"height":200,"srcset":"https:\/\/i0.wp.com\/politicosaldesnudo.com.mx\/wp-content\/uploads\/2026\/08\/COLUMNISTAS-PAD-1-1.png?fit=1200%2C659&ssl=1&resize=350%2C200 1x, https:\/\/i0.wp.com\/politicosaldesnudo.com.mx\/wp-content\/uploads\/2026\/08\/COLUMNISTAS-PAD-1-1.png?fit=1200%2C659&ssl=1&resize=525%2C300 1.5x, https:\/\/i0.wp.com\/politicosaldesnudo.com.mx\/wp-content\/uploads\/2026\/08\/COLUMNISTAS-PAD-1-1.png?fit=1200%2C659&ssl=1&resize=700%2C400 2x, https:\/\/i0.wp.com\/politicosaldesnudo.com.mx\/wp-content\/uploads\/2026\/08\/COLUMNISTAS-PAD-1-1.png?fit=1200%2C659&ssl=1&resize=1050%2C600 3x"},"classes":[]},{"id":88233,"url":"https:\/\/politicosaldesnudo.com.mx\/index.php\/2026\/08\/31\/argentina-en-alerta-tragedia-en-nepal-desata-presion-contra-milei-por-reforma-a-los-glaciares\/","url_meta":{"origin":10480,"position":4},"title":"Argentina en alerta: tragedia en Nepal desata presi\u00f3n contra Milei por reforma a los glaciares","author":"Redacci\u00f3n Pol\u00edticos","date":"31 de agosto de 2026","format":false,"excerpt":"La tragedia provocada por el colapso de una masa de hielo en Nepal encendi\u00f3 las alarmas a miles de kil\u00f3metros de distancia. En Argentina, organizaciones ambientalistas retomaron las protestas contra la reforma impulsada por Javier Milei, que flexibiliz\u00f3 la protecci\u00f3n de los glaciares y permiti\u00f3 el avance de proyectos mineros\u2026","rel":"","context":"En \u00abINTERNACIONAL\u00bb","block_context":{"text":"INTERNACIONAL","link":"https:\/\/politicosaldesnudo.com.mx\/index.php\/category\/internacional\/"},"img":{"alt_text":"","src":"https:\/\/i0.wp.com\/politicosaldesnudo.com.mx\/wp-content\/uploads\/2026\/08\/glaciar-perito-moreno-1280x720-1.jpg?fit=1200%2C675&ssl=1&resize=350%2C200","width":350,"height":200,"srcset":"https:\/\/i0.wp.com\/politicosaldesnudo.com.mx\/wp-content\/uploads\/2026\/08\/glaciar-perito-moreno-1280x720-1.jpg?fit=1200%2C675&ssl=1&resize=350%2C200 1x, https:\/\/i0.wp.com\/politicosaldesnudo.com.mx\/wp-content\/uploads\/2026\/08\/glaciar-perito-moreno-1280x720-1.jpg?fit=1200%2C675&ssl=1&resize=525%2C300 1.5x, https:\/\/i0.wp.com\/politicosaldesnudo.com.mx\/wp-content\/uploads\/2026\/08\/glaciar-perito-moreno-1280x720-1.jpg?fit=1200%2C675&ssl=1&resize=700%2C400 2x, https:\/\/i0.wp.com\/politicosaldesnudo.com.mx\/wp-content\/uploads\/2026\/08\/glaciar-perito-moreno-1280x720-1.jpg?fit=1200%2C675&ssl=1&resize=1050%2C600 3x"},"classes":[]},{"id":87967,"url":"https:\/\/politicosaldesnudo.com.mx\/index.php\/2026\/08\/22\/mexico-extradita-a-argentina-a-presunto-lider-de-una-red-de-explotacion-sexual\/","url_meta":{"origin":10480,"position":5},"title":"M\u00e9xico extradita a Argentina a presunto l\u00edder de una red de explotaci\u00f3n sexual","author":"Redacci\u00f3n Pol\u00edticos","date":"22 de agosto de 2026","format":false,"excerpt":"Despu\u00e9s de una prolongada batalla judicial para evitar su traslado, Ra\u00fal \u201cN\u201d fue entregado por autoridades mexicanas a agentes de Argentina, donde es investigado por su presunta participaci\u00f3n en una organizaci\u00f3n dedicada a la trata de personas y al lavado de dinero. La operaci\u00f3n se realiz\u00f3 en el Aeropuerto Internacional\u2026","rel":"","context":"En \u00abINTERNACIONAL\u00bb","block_context":{"text":"INTERNACIONAL","link":"https:\/\/politicosaldesnudo.com.mx\/index.php\/category\/internacional\/"},"img":{"alt_text":"","src":"https:\/\/i0.wp.com\/politicosaldesnudo.com.mx\/wp-content\/uploads\/2026\/08\/fgr-entrega-a-argentina-a-presunto-tratante-de-personas-1200x675-1.webp?fit=1200%2C675&ssl=1&resize=350%2C200","width":350,"height":200,"srcset":"https:\/\/i0.wp.com\/politicosaldesnudo.com.mx\/wp-content\/uploads\/2026\/08\/fgr-entrega-a-argentina-a-presunto-tratante-de-personas-1200x675-1.webp?fit=1200%2C675&ssl=1&resize=350%2C200 1x, https:\/\/i0.wp.com\/politicosaldesnudo.com.mx\/wp-content\/uploads\/2026\/08\/fgr-entrega-a-argentina-a-presunto-tratante-de-personas-1200x675-1.webp?fit=1200%2C675&ssl=1&resize=525%2C300 1.5x, https:\/\/i0.wp.com\/politicosaldesnudo.com.mx\/wp-content\/uploads\/2026\/08\/fgr-entrega-a-argentina-a-presunto-tratante-de-personas-1200x675-1.webp?fit=1200%2C675&ssl=1&resize=700%2C400 2x, https:\/\/i0.wp.com\/politicosaldesnudo.com.mx\/wp-content\/uploads\/2026\/08\/fgr-entrega-a-argentina-a-presunto-tratante-de-personas-1200x675-1.webp?fit=1200%2C675&ssl=1&resize=1050%2C600 3x"},"classes":[]}],"jetpack_sharing_enabled":true,"jetpack_featured_media_url":"https:\/\/i0.wp.com\/politicosaldesnudo.com.mx\/wp-content\/uploads\/2022\/09\/P-MURILLO-KARAM.png?fit=1816%2C1016&ssl=1","_links":{"self":[{"href":"https:\/\/politicosaldesnudo.com.mx\/index.php\/wp-json\/wp\/v2\/posts\/10480","targetHints":{"allow":["GET"]}}],"collection":[{"href":"https:\/\/politicosaldesnudo.com.mx\/index.php\/wp-json\/wp\/v2\/posts"}],"about":[{"href":"https:\/\/politicosaldesnudo.com.mx\/index.php\/wp-json\/wp\/v2\/types\/post"}],"author":[{"embeddable":true,"href":"https:\/\/politicosaldesnudo.com.mx\/index.php\/wp-json\/wp\/v2\/users\/4"}],"replies":[{"embeddable":true,"href":"https:\/\/politicosaldesnudo.com.mx\/index.php\/wp-json\/wp\/v2\/comments?post=10480"}],"version-history":[{"count":0,"href":"https:\/\/politicosaldesnudo.com.mx\/index.php\/wp-json\/wp\/v2\/posts\/10480\/revisions"}],"wp:featuredmedia":[{"embeddable":true,"href":"https:\/\/politicosaldesnudo.com.mx\/index.php\/wp-json\/wp\/v2\/media\/10481"}],"wp:attachment":[{"href":"https:\/\/politicosaldesnudo.com.mx\/index.php\/wp-json\/wp\/v2\/media?parent=10480"}],"wp:term":[{"taxonomy":"category","embeddable":true,"href":"https:\/\/politicosaldesnudo.com.mx\/index.php\/wp-json\/wp\/v2\/categories?post=10480"},{"taxonomy":"post_tag","embeddable":true,"href":"https:\/\/politicosaldesnudo.com.mx\/index.php\/wp-json\/wp\/v2\/tags?post=10480"}],"curies":[{"name":"wp","href":"https:\/\/api.w.org\/{rel}","templated":true}]}}