{"id":10504,"date":"2022-09-23T10:56:53","date_gmt":"2022-09-23T15:56:53","guid":{"rendered":"https:\/\/politicosaldesnudo.com.mx\/?p=10504"},"modified":"2022-09-23T10:58:10","modified_gmt":"2022-09-23T15:58:10","slug":"desaparicion-forzada-aprobada-por-diputados-como-delito-de-lesa-humanidad","status":"publish","type":"post","link":"https:\/\/politicosaldesnudo.com.mx\/index.php\/2022\/09\/23\/desaparicion-forzada-aprobada-por-diputados-como-delito-de-lesa-humanidad\/","title":{"rendered":"Desaparici\u00f3n forzada aprobada por diputados como delito de lesa humanidad"},"content":{"rendered":"<p>&nbsp;<\/p>\n<p class=\"p1\"><span style=\"font-size: 14pt;\"><em><strong>CIUDAD DE M\u00c9XICO.<\/strong><\/em> El pleno de la <span style=\"color: #139eca;\"><strong>C\u00e1mara de Diputados aval\u00f3 modificaciones para elevar las sanciones en materia de desapariciones forzadas<\/strong><\/span>, incluida establecer que dicho delito sea<strong> catalogado como de lesa humanidad<\/strong>.<\/span><\/p>\n<p class=\"p1\"><span style=\"font-size: 14pt;\">La iniciativa, que significa que este delito no prescribir\u00e1 nunca, fue avalada con 470 votos a favor, cero en contra y una abstenci\u00f3n.<\/span><\/p>\n<p class=\"p1\"><span style=\"font-size: 18pt;\"><strong>La reforma establece que se dar\u00e1 por autores del delito, no solo a quienes cometan la desaparici\u00f3n forzada per s\u00e9, sino tambi\u00e9n a los superiores jer\u00e1rquicos cuando \u00abhayan tenido conocimiento de que los subordinados, bajo su autoridad y control, estaban cometiendo o se propon\u00edan cometer un delito de desaparici\u00f3n forzada, o haya conscientemente hecho caso omiso de informaci\u00f3n que lo indicase claramente\u00bb.<\/strong><\/span><\/p>\n<p>&nbsp;<\/p>\n<p><img data-recalc-dims=\"1\" loading=\"lazy\" decoding=\"async\" class=\"aligncenter wp-image-10505 size-large\" src=\"https:\/\/i0.wp.com\/politicosaldesnudo.com.mx\/wp-content\/uploads\/2022\/09\/P-DESAPARICIO%CC%81NFORZADA-1-1024x573.png?resize=800%2C448&#038;ssl=1\" alt=\"\" width=\"800\" height=\"448\" srcset=\"https:\/\/i0.wp.com\/politicosaldesnudo.com.mx\/wp-content\/uploads\/2022\/09\/P-DESAPARICIO%CC%81NFORZADA-1.png?resize=1024%2C573&amp;ssl=1 1024w, https:\/\/i0.wp.com\/politicosaldesnudo.com.mx\/wp-content\/uploads\/2022\/09\/P-DESAPARICIO%CC%81NFORZADA-1.png?resize=300%2C168&amp;ssl=1 300w, https:\/\/i0.wp.com\/politicosaldesnudo.com.mx\/wp-content\/uploads\/2022\/09\/P-DESAPARICIO%CC%81NFORZADA-1.png?resize=768%2C430&amp;ssl=1 768w, https:\/\/i0.wp.com\/politicosaldesnudo.com.mx\/wp-content\/uploads\/2022\/09\/P-DESAPARICIO%CC%81NFORZADA-1.png?resize=1536%2C859&amp;ssl=1 1536w, https:\/\/i0.wp.com\/politicosaldesnudo.com.mx\/wp-content\/uploads\/2022\/09\/P-DESAPARICIO%CC%81NFORZADA-1.png?w=1816&amp;ssl=1 1816w, https:\/\/i0.wp.com\/politicosaldesnudo.com.mx\/wp-content\/uploads\/2022\/09\/P-DESAPARICIO%CC%81NFORZADA-1.png?w=1600&amp;ssl=1 1600w\" sizes=\"auto, (max-width: 800px) 100vw, 800px\" \/><\/p>\n<p>&nbsp;<\/p>\n<p class=\"p1\"><span style=\"font-size: 14pt;\">Tambi\u00e9n ser\u00e1n considerados infractores de ese flagelo, cuando hayan ejercido su responsabilidad y control efectivos sobre las actividades con las que el delito de desaparici\u00f3n forzada guardaba relaci\u00f3n, y cuando no hayan adoptado todas las medidas necesarias y razonables a su alcance para prevenir o impedir que se cometiese una desaparici\u00f3n forzada.<\/span><\/p>\n<p class=\"p1\"><span style=\"font-size: 18pt;\"><strong>Adem\u00e1s, impone <span style=\"color: #139eca;\">pena de 20 a 30 a\u00f1os de prisi\u00f3n y de 500 a 800 veces la Unidad de Medida y Actualizaci\u00f3n, a quien omita entregar a la autoridad o familiares al ni\u00f1o o ni\u00f1a nacidos durante el cautiverio de su madre sometida a una desaparici\u00f3n forzada<\/span>; sustraiga o se apropie del ni\u00f1o o ni\u00f1a sometidos a desaparici\u00f3n forzada, o cuyo padre, madre o tutor hayan sido sometidos a desaparici\u00f3n forzada y, oculte, destruya o falsifique aquellos documentos que prueben la identidad de los ni\u00f1os mencionados en las fracciones anteriores.<\/strong><\/span><\/p>\n<p class=\"p1\"><span style=\"font-size: 14pt;\">Asimismo establece que la investigaci\u00f3n, persecuci\u00f3n, procesamiento y sanci\u00f3n de las conductas relacionadas con el delito de desaparici\u00f3n forzada de personas y desaparici\u00f3n cometida por particulares s\u00f3lo ser\u00e1 competencia de las autoridades federales o estatales del orden civil, aun cuando dichas conductas sean realizadas por un militar en contra de otro militar.<\/span><\/p>\n<p>&nbsp;<\/p>\n<p><img data-recalc-dims=\"1\" loading=\"lazy\" decoding=\"async\" class=\"aligncenter wp-image-10507 size-large\" src=\"https:\/\/i0.wp.com\/politicosaldesnudo.com.mx\/wp-content\/uploads\/2022\/09\/P-DESAPARICIO%CC%81NFORZADA-3-1024x573.png?resize=800%2C448&#038;ssl=1\" alt=\"\" width=\"800\" height=\"448\" srcset=\"https:\/\/i0.wp.com\/politicosaldesnudo.com.mx\/wp-content\/uploads\/2022\/09\/P-DESAPARICIO%CC%81NFORZADA-3.png?resize=1024%2C573&amp;ssl=1 1024w, https:\/\/i0.wp.com\/politicosaldesnudo.com.mx\/wp-content\/uploads\/2022\/09\/P-DESAPARICIO%CC%81NFORZADA-3.png?resize=300%2C168&amp;ssl=1 300w, https:\/\/i0.wp.com\/politicosaldesnudo.com.mx\/wp-content\/uploads\/2022\/09\/P-DESAPARICIO%CC%81NFORZADA-3.png?resize=768%2C430&amp;ssl=1 768w, https:\/\/i0.wp.com\/politicosaldesnudo.com.mx\/wp-content\/uploads\/2022\/09\/P-DESAPARICIO%CC%81NFORZADA-3.png?resize=1536%2C859&amp;ssl=1 1536w, https:\/\/i0.wp.com\/politicosaldesnudo.com.mx\/wp-content\/uploads\/2022\/09\/P-DESAPARICIO%CC%81NFORZADA-3.png?w=1816&amp;ssl=1 1816w, https:\/\/i0.wp.com\/politicosaldesnudo.com.mx\/wp-content\/uploads\/2022\/09\/P-DESAPARICIO%CC%81NFORZADA-3.png?w=1600&amp;ssl=1 1600w\" sizes=\"auto, (max-width: 800px) 100vw, 800px\" \/><\/p>\n<p>&nbsp;<\/p>\n<p class=\"p1\"><span style=\"font-size: 18pt;\"><strong>La impulsora de la propuesta, la morenista Karla Yuritzi Almaz\u00e1n Burgos, consider\u00f3 que con este dictamen se da un paso importante en favor de miles de personas que han sido v\u00edctimas del delito de desaparici\u00f3n forzada.<\/strong><\/span><\/p>\n<p class=\"p1\"><span style=\"font-size: 14pt;\">En la discusi\u00f3n en lo particular, se acept\u00f3 la reserva presentada por el diputado Mario Alberto Rodr\u00edguez Carrillo (MC), con la finalidad de establecer que el delito de desaparici\u00f3n forzada de personas constituye un crimen de lesa humanidad, esto en t\u00e9rminos del Estatuto Roma.<\/span><\/p>\n<p>&nbsp;<\/p>\n<p>&nbsp;<\/p>\n<p>&nbsp;<\/p>\n<p>&nbsp;<\/p>\n<p>&nbsp;<\/p>\n","protected":false},"excerpt":{"rendered":"<p>&nbsp; CIUDAD DE M\u00c9XICO. El pleno de la C\u00e1mara de Diputados aval\u00f3 modificaciones para elevar las sanciones en materia de<\/p>\n","protected":false},"author":4,"featured_media":10506,"comment_status":"closed","ping_status":"closed","sticky":false,"template":"","format":"standard","meta":{"colormag_page_container_layout":"default_layout","colormag_page_sidebar_layout":"default_layout","_jetpack_memberships_contains_paid_content":false,"footnotes":"","jetpack_publicize_message":"","jetpack_publicize_feature_enabled":true,"jetpack_social_post_already_shared":false,"jetpack_social_options":{"image_generator_settings":{"template":"highway","default_image_id":0,"font":"","enabled":false},"version":2}},"categories":[33],"tags":[1501,323,1500,1502,42,63],"class_list":["post-10504","post","type-post","status-publish","format-standard","has-post-thumbnail","hentry","category-nacional","tag-deiputados","tag-desaparicion","tag-forzada","tag-karla-yuritzi-almazan","tag-mexico","tag-morena"],"jetpack_publicize_connections":[],"jetpack_featured_media_url":"https:\/\/i0.wp.com\/politicosaldesnudo.com.mx\/wp-content\/uploads\/2022\/09\/P-DESAPARICIO%CC%81NFORZADA-2.png?fit=1816%2C1016&ssl=1","jetpack-related-posts":[],"jetpack_sharing_enabled":true,"_links":{"self":[{"href":"https:\/\/politicosaldesnudo.com.mx\/index.php\/wp-json\/wp\/v2\/posts\/10504","targetHints":{"allow":["GET"]}}],"collection":[{"href":"https:\/\/politicosaldesnudo.com.mx\/index.php\/wp-json\/wp\/v2\/posts"}],"about":[{"href":"https:\/\/politicosaldesnudo.com.mx\/index.php\/wp-json\/wp\/v2\/types\/post"}],"author":[{"embeddable":true,"href":"https:\/\/politicosaldesnudo.com.mx\/index.php\/wp-json\/wp\/v2\/users\/4"}],"replies":[{"embeddable":true,"href":"https:\/\/politicosaldesnudo.com.mx\/index.php\/wp-json\/wp\/v2\/comments?post=10504"}],"version-history":[{"count":0,"href":"https:\/\/politicosaldesnudo.com.mx\/index.php\/wp-json\/wp\/v2\/posts\/10504\/revisions"}],"wp:featuredmedia":[{"embeddable":true,"href":"https:\/\/politicosaldesnudo.com.mx\/index.php\/wp-json\/wp\/v2\/media\/10506"}],"wp:attachment":[{"href":"https:\/\/politicosaldesnudo.com.mx\/index.php\/wp-json\/wp\/v2\/media?parent=10504"}],"wp:term":[{"taxonomy":"category","embeddable":true,"href":"https:\/\/politicosaldesnudo.com.mx\/index.php\/wp-json\/wp\/v2\/categories?post=10504"},{"taxonomy":"post_tag","embeddable":true,"href":"https:\/\/politicosaldesnudo.com.mx\/index.php\/wp-json\/wp\/v2\/tags?post=10504"}],"curies":[{"name":"wp","href":"https:\/\/api.w.org\/{rel}","templated":true}]}}