{"id":10566,"date":"2022-09-26T01:12:29","date_gmt":"2022-09-26T06:12:29","guid":{"rendered":"https:\/\/politicosaldesnudo.com.mx\/?p=10566"},"modified":"2022-09-26T01:12:38","modified_gmt":"2022-09-26T06:12:38","slug":"la-crisis-de-liderazgos-sociales-y-politicos","status":"publish","type":"post","link":"https:\/\/politicosaldesnudo.com.mx\/index.php\/2022\/09\/26\/la-crisis-de-liderazgos-sociales-y-politicos\/","title":{"rendered":"La crisis de liderazgos sociales y pol\u00edticos"},"content":{"rendered":"<p>&nbsp;<\/p>\n<p class=\"p1\"><span style=\"font-size: 18pt;\"><b>Por Ricardo Homs<\/b><\/span><\/p>\n<p class=\"p1\"><span style=\"font-size: 14pt;\">Es una verdad incuestionable que en este mundo convulso que nos est\u00e1 tocando vivir hay una crisis de liderazgos sociales y pol\u00edticos, ocasionada por la p\u00e9rdida de credibilidad y confianza en quienes hoy ejercen poder pol\u00edtico, principalmente.<\/span><\/p>\n<p class=\"p1\"><span style=\"font-size: 14pt;\">La ciudadan\u00eda le ha perdido respeto y confianza a quienes hoy encabezan las instituciones p\u00fablicas, -tanto del \u00e1mbito gubernamental-, como social.<\/span><\/p>\n<p class=\"p1\"><span style=\"font-size: 14pt;\">La pregunta que debi\u00e9semos hacernos es: \u00bfqu\u00e9 se ha quebrado?&#8230; \u00bfQu\u00e9 origin\u00f3 esta debacle que nos est\u00e1 llevando a conflictos insospechados?<\/span><\/p>\n<p class=\"p1\"><span style=\"font-size: 14pt;\">Es incuestionable tambi\u00e9n que esta ruptura tiene que ver con la p\u00e9rdida de autoridad moral.<\/span><\/p>\n<p class=\"p1\"><span style=\"font-size: 14pt;\">Si usted est\u00e1 pensando en M\u00e9xico, tiene raz\u00f3n, pues \u00e9ste es hoy nuestro conflicto cotidiano. En todas las encuestas de confianza los pol\u00edticos est\u00e1n en lo m\u00e1s bajo del ranking de aprobaci\u00f3n ciudadana. De esc\u00e1ndalo en esc\u00e1ndalo se deteriora lo poco que queda de confianza en ellos.<span class=\"Apple-converted-space\">\u00a0<\/span><\/span><\/p>\n<p class=\"p1\"><span style=\"font-size: 14pt;\">Hoy las campa\u00f1as electorales y las discusiones legislativas no son competencias honorables, sino conflictos que parten de la estrategia de ensuciar la reputaci\u00f3n del contrario. Hoy las campa\u00f1as no las gana el mejor, sino el menos peor de los contendientes, quien qued\u00f3 menos da\u00f1ado despu\u00e9s de la exhibici\u00f3n medi\u00e1tica y en redes sociales de informaci\u00f3n moralmente cuestionable identificada en su \u00e1mbito personal y en su vida p\u00fablica y privada. La tradicional secrec\u00eda de la vida privada hoy ya no existe<\/span><\/p>\n<p class=\"p1\"><span style=\"font-size: 14pt;\"><span class=\"Apple-converted-space\">\u00a0<\/span>Al candidato menos da\u00f1ado la autoridad electoral le levanta el brazo como triunfador, aunque tambi\u00e9n est\u00e9 con una reputaci\u00f3n desfalleciente, que le impedir\u00e1 gobernar con holgura.<span class=\"Apple-converted-space\">\u00a0<\/span><\/span><\/p>\n<p class=\"p1\"><span style=\"font-size: 14pt;\">Sin embargo, s\u00f3lo manipulando la confianza p\u00fablica con chantaje emocional y apelando a rencores inconscientes y a\u00f1ejos, -as\u00ed como a estrategias de confrontaci\u00f3n de fuerte hedor ideol\u00f3gico-, se puede alcanzar la aprobaci\u00f3n de los sectores menos informados de la sociedad, que en este pa\u00eds son mayoritarios. Por ello, en estos casos las estad\u00edsticas publicadas suelen ser reales.<\/span><\/p>\n<p class=\"p1\"><span style=\"font-size: 14pt;\">El resultado de esta crisis de liderazgos es un pa\u00eds con una gran crisis moral que ya impacta a la sociedad, que adem\u00e1s est\u00e1 totalmente dividida y confrontada.<span class=\"Apple-converted-space\">\u00a0<\/span><\/span><\/p>\n<p class=\"p1\"><span style=\"font-size: 14pt;\">Sin embargo, este es un problema global.<span class=\"Apple-converted-space\">\u00a0<\/span><\/span><\/p>\n<p class=\"p1\"><span style=\"font-size: 14pt;\">Cuando la fiscal general de Nueva York, -Letitia James-, present\u00f3 hace unos d\u00edas una demanda por fraude al expresidente y posible precandidato a la presidencia de Estados Unidos Donald Trump, acus\u00e1ndolo a \u00e9l, a sus hijos y a sus empresas de inflar en miles de millones de d\u00f3lares el valor neto de sus activos, surge la pregunta: \u00bfCon qu\u00e9 autoridad moral encabez\u00f3 el presidente Trump el sistema tributario de su pa\u00eds para obligar a los dem\u00e1s ciudadanos norteamericanos y a las empresas a pagar correctamente sus impuestos?<\/span><\/p>\n<p class=\"p1\"><span style=\"font-size: 14pt;\">Estas incongruencias debilitan cualquier liderazgo y hoy est\u00e1n en todas partes.<\/span><\/p>\n<p class=\"p1\"><span style=\"font-size: 14pt;\">Lo que hoy sucede es que en M\u00e9xico y el mundo el contexto social y pol\u00edtico cambi\u00f3. La tecnolog\u00eda hoy permite escudri\u00f1ar la vida p\u00fablica y privada de los l\u00edderes y de cualquier persona. Cualquier hacker puede seguir la pista de nuestras vidas y nuestros asuntos. Sin embargo, la de las figuras p\u00fablicas siempre despierta curiosidad y morbo.<\/span><\/p>\n<p class=\"p1\"><span style=\"font-size: 14pt;\">Por ello millones de dispositivos m\u00f3viles con c\u00e1mara y acceso a redes sociales en todo el mundo mantienen sobre vigilancia continua a las figuras p\u00fablicas que ejercen liderazgo.<span class=\"Apple-converted-space\">\u00a0<\/span><\/span><\/p>\n<p class=\"p1\"><span style=\"font-size: 14pt;\">Muy dif\u00edcil ocultar el pasado en esta era de la transparencia.<span class=\"Apple-converted-space\">\u00a0 <\/span>La parte moralmente cuestionable de la conducta de cualquier persona poderosa hoy se convierte en la debilidad que le destroza la reputaci\u00f3n y con ello, su credibilidad, que es el eje del liderazgo.<\/span><\/p>\n<p class=\"p1\"><span style=\"font-size: 14pt;\">Por tanto, hoy nos encontramos en una crisis de liderazgos. Es evidente que vivimos una transici\u00f3n entre un mundo caracterizado por la opacidad, -como era el previo a la irrupci\u00f3n de la tecnolog\u00eda digital, la Web y las redes sociales- y el de hoy, caracterizado por una exigencia de transparencia.<span class=\"Apple-converted-space\">\u00a0<\/span><\/span><\/p>\n<p class=\"p1\"><span style=\"font-size: 14pt;\">Hoy no se puede ejercer un liderazgo poderoso si no se tiene un pasado incuestionable y transparente.<\/span><\/p>\n<p class=\"p1\"><span style=\"font-size: 14pt;\">Todo lo anterior nos lleva a concluir que esta transici\u00f3n est\u00e1 a la espera de las nuevas generaciones de l\u00edderes, que por su edad a\u00fan no han tenido tiempo de ensuciar su reputaci\u00f3n con conductas inmorales, corrupci\u00f3n, negocios turbios o alianzas con la delincuencia.<\/span><\/p>\n<p class=\"p1\"><span style=\"font-size: 14pt;\">Seguramente cuando empiecen a llegar l\u00edderes fuertes, -con una reputaci\u00f3n s\u00f3lida que les otorgue autoridad moral-, es que rescataremos la credibilidad y la confianza en las figuras p\u00fablicas que ejercen liderazgo social y pol\u00edtico.<\/span><\/p>\n<p class=\"p1\"><span style=\"font-size: 14pt;\">El reto que tenemos que asumir es estar cerca de esta generaci\u00f3n, concientiz\u00e1ndoles de estos nuevos condicionamientos sociales que impactan la credibilidad y la confianza.<\/span><\/p>\n<p class=\"p1\"><span style=\"font-size: 14pt;\">Con esta visi\u00f3n es que un grupo de amigos hemos asumido el reto de tratar de participar en la formaci\u00f3n de las nuevas generaciones de l\u00edderes y por ello hemos fundado el Instituto de Liderazgo Social A.C.<span class=\"Apple-converted-space\">\u00a0<\/span><\/span><\/p>\n<p class=\"p1\"><span style=\"font-size: 14pt;\">Este instituto fue fundado en 2021 con el compromiso de formar l\u00edderes j\u00f3venes con una visi\u00f3n \u00e9tica y de compromiso social, que a lo largo de todo el pa\u00eds impulsen proyectos en sus comunidades, a fin de construir el M\u00e9xico que todos queremos.<\/span><\/p>\n<p class=\"p1\"><span style=\"font-size: 14pt;\">Este pasado s\u00e1bado 24 de septiembre se llev\u00f3 a cabo el lanzamiento nacional de este instituto desde el Teatro Fernando Guti\u00e9rrez Barrios, de Boca del R\u00edo, Veracruz, a partir de un seminario titulado \u201cLiderazgo p\u00fablico en la era digital\u201d con la asistencia de casi cuatrocientos j\u00f3venes que manifestaron vocaci\u00f3n de servicio a favor de su comunidad y se inscribieron.<\/span><\/p>\n<p class=\"p1\"><span style=\"font-size: 14pt;\">Los promotores de este proyecto fuimos Juan Pablo Casta\u00f1\u00f3n, -quien qued\u00f3 a cargo de la presidencia-, Ricardo Homs, presidente ejecutivo y responsable de la operaci\u00f3n y Carlos Ch\u00e1vez de Icaza, presidente de relaciones institucionales. Como director ejecutivo fue nombrado Agust\u00edn Arcos Gamboa.<\/span><\/p>\n<p class=\"p1\"><span style=\"font-size: 14pt;\">Juan Pablo Casta\u00f1\u00f3n fue presidente nacional de Coparmex y posteriormente, -a inicios de este sexenio-, encabez\u00f3 el Consejo Coordinador Empresarial.<\/span><\/p>\n<p class=\"p1\"><span style=\"font-size: 14pt;\">Adem\u00e1s, este instituto est\u00e1 forjando una alianza para sumar esfuerzos y ampliar su capacidad de impacto p\u00fablico, con la \u201cEscuela de Ciudadanos\u201d, reci\u00e9n formada por el influencer Max K\u00e1iser.<span class=\"Apple-converted-space\">\u00a0<\/span><\/span><\/p>\n<p class=\"p1\"><span style=\"font-size: 14pt;\">Este instituto, -totalmente ciudadano, sin fines de lucro y sin compromisos pol\u00edticos ni partidistas-, ha centrado su objetivo en quienes est\u00e1n en el rango de edad de entre 20 y 35 a\u00f1os.<\/span><\/p>\n<p class=\"p1\"><span style=\"font-size: 14pt;\">De este modo ofrecer\u00e1 seminarios gratuitos a estos j\u00f3venes a lo largo de todo el pa\u00eds y adem\u00e1s, un programa de actualizaci\u00f3n posterior, -sobre temas especializados-, donde contar\u00e1 con la participaci\u00f3n de especialistas de reconocido prestigio nacional y alta credibilidad.\u00a0<\/span><\/p>\n<p>&nbsp;<\/p>\n<p>&nbsp;<\/p>\n<p class=\"p1\"><span style=\"font-size: 18pt;\"><strong>\u00bfA usted qu\u00e9 le parece?<\/strong><\/span><\/p>\n<p>&nbsp;<\/p>\n<p class=\"p1\"><span style=\"font-size: 18pt;\"><strong>Facebook:<a href=\"https:\/\/www.facebook.com\/Ricardo.Homs1\">@Ricardo.Homs1<\/a><\/strong><\/span><\/p>\n<p class=\"p1\"><span style=\"font-size: 18pt;\"><strong>Twitter:\u00a0<\/strong><a href=\"https:\/\/twitter.com\/homsricardo\"><strong>@homsricardo<\/strong><\/a><\/span><\/p>\n<p class=\"p1\"><span style=\"font-size: 18pt;\"><strong>Linkedin:\u00a0<a href=\"https:\/\/www.linkedin.com\/in\/ricardo-homs-3920449\/?originalSubdomain=mx\">RicardoHoms<\/a><\/strong><\/span><\/p>\n<p class=\"p1\"><span style=\"font-size: 18pt;\"><a href=\"https:\/\/ricardohoms.com\/\"><strong>www.ricardohoms.com<\/strong><\/a><\/span><\/p>\n<p>&nbsp;<\/p>\n<p><span style=\"font-size: 18pt; color: #319eca;\"><em><strong>**Las columnas firmadas en este medio son responsabilidad de quienes las firman**<\/strong><\/em><\/span><\/p>\n<p>&nbsp;<\/p>\n<p>&nbsp;<\/p>\n","protected":false},"excerpt":{"rendered":"<p>&nbsp; Por Ricardo Homs Es una verdad incuestionable que en este mundo convulso que nos est\u00e1 tocando vivir hay una<\/p>\n","protected":false},"author":4,"featured_media":3778,"comment_status":"closed","ping_status":"closed","sticky":false,"template":"","format":"standard","meta":{"colormag_page_container_layout":"default_layout","colormag_page_sidebar_layout":"default_layout","_jetpack_memberships_contains_paid_content":false,"footnotes":"","jetpack_publicize_message":"","jetpack_publicize_feature_enabled":true,"jetpack_social_post_already_shared":false,"jetpack_social_options":{"image_generator_settings":{"template":"highway","default_image_id":0,"font":"","enabled":false},"version":2}},"categories":[26],"tags":[],"class_list":["post-10566","post","type-post","status-publish","format-standard","has-post-thumbnail","hentry","category-columnistas"],"jetpack_publicize_connections":[],"jetpack_featured_media_url":"https:\/\/i0.wp.com\/politicosaldesnudo.com.mx\/wp-content\/uploads\/2022\/04\/RICARDO-HOMS.png?fit=1816%2C1016&ssl=1","jetpack-related-posts":[],"jetpack_sharing_enabled":true,"_links":{"self":[{"href":"https:\/\/politicosaldesnudo.com.mx\/index.php\/wp-json\/wp\/v2\/posts\/10566","targetHints":{"allow":["GET"]}}],"collection":[{"href":"https:\/\/politicosaldesnudo.com.mx\/index.php\/wp-json\/wp\/v2\/posts"}],"about":[{"href":"https:\/\/politicosaldesnudo.com.mx\/index.php\/wp-json\/wp\/v2\/types\/post"}],"author":[{"embeddable":true,"href":"https:\/\/politicosaldesnudo.com.mx\/index.php\/wp-json\/wp\/v2\/users\/4"}],"replies":[{"embeddable":true,"href":"https:\/\/politicosaldesnudo.com.mx\/index.php\/wp-json\/wp\/v2\/comments?post=10566"}],"version-history":[{"count":0,"href":"https:\/\/politicosaldesnudo.com.mx\/index.php\/wp-json\/wp\/v2\/posts\/10566\/revisions"}],"wp:featuredmedia":[{"embeddable":true,"href":"https:\/\/politicosaldesnudo.com.mx\/index.php\/wp-json\/wp\/v2\/media\/3778"}],"wp:attachment":[{"href":"https:\/\/politicosaldesnudo.com.mx\/index.php\/wp-json\/wp\/v2\/media?parent=10566"}],"wp:term":[{"taxonomy":"category","embeddable":true,"href":"https:\/\/politicosaldesnudo.com.mx\/index.php\/wp-json\/wp\/v2\/categories?post=10566"},{"taxonomy":"post_tag","embeddable":true,"href":"https:\/\/politicosaldesnudo.com.mx\/index.php\/wp-json\/wp\/v2\/tags?post=10566"}],"curies":[{"name":"wp","href":"https:\/\/api.w.org\/{rel}","templated":true}]}}