{"id":10577,"date":"2022-09-26T01:24:51","date_gmt":"2022-09-26T06:24:51","guid":{"rendered":"https:\/\/politicosaldesnudo.com.mx\/?p=10577"},"modified":"2022-09-26T01:25:43","modified_gmt":"2022-09-26T06:25:43","slug":"militares-en-cuarteless-no-le-sirven-al-pais-es-mejor-eliminarlos","status":"publish","type":"post","link":"https:\/\/politicosaldesnudo.com.mx\/index.php\/2022\/09\/26\/militares-en-cuarteless-no-le-sirven-al-pais-es-mejor-eliminarlos\/","title":{"rendered":"Militares en cuarteles no le sirven al pa\u00eds, es mejor eliminarlos"},"content":{"rendered":"<p>&nbsp;<\/p>\n<p class=\"p2\"><span class=\"s1\" style=\"font-size: 18pt;\"><b>Por Jos\u00e9 Lima Cobos<span class=\"Apple-converted-space\">\u00a0<\/span><\/b><\/span><\/p>\n<p class=\"p2\"><span style=\"font-size: 14pt;\">Ante la alharaca o esc\u00e1ndalo que ha armado el PRI, PAN y PRD al oponerse que la Guardia Nacional pase a formar parte de la Secretar\u00eda de la Defensa Nacional y afrontar con seriedad la batalla contra la delincuencia organizada que desde los gobiernos de Salinas, Zedillo, Fox, Calder\u00f3n y Pe\u00f1a Nieto, han hecho de las suyas en este pa\u00eds y ahora que se cuida celosamente los Derechos Humanos por parte del presidente de la Rep\u00fablica, Andr\u00e9s Manuel L\u00f3pez Obrador, que -desconozco que tenga alg\u00fan grado militar- exista el temor Infundado por cierto que con las reformas<span class=\"Apple-converted-space\">\u00a0 <\/span>propuestas se est\u00e1 militarizando el pa\u00eds, es algo tan aberrante que raya en la burla m\u00e1s absurda, todo por sacar tajada y aparentar que son celosos guardianes de la prudencia y el cuidado de los ciudadanos.<\/span><\/p>\n<p class=\"p2\"><span style=\"font-size: 14pt;\">El jefe del Ej\u00e9rcito-vaya, quien porta las armas de uso exclusivo- es el presidente de la Rep\u00fablica y los secretarios de la Defensa, Marina, Fuerza A\u00e9rea. La Guardia Nacional y de todas las polic\u00eda del pa\u00eds que est\u00e1n por disposici\u00f3n<span class=\"Apple-converted-space\">\u00a0 <\/span>Constitucional bajo<span class=\"Apple-converted-space\">\u00a0 <\/span>su mando y es el responsable \u00fanico, no el culpable, quien ejerce el poder ejecutivo, nadie m\u00e1s y nadie menos porque en cualquier momento los puede destituir, luego entonces, regatear la legalidad de los actos de los miembros de esas corporaciones que es elemental, para enmarcado jur\u00eddicamente, evidencia perversidad, pues viendo la gravedad del problema no se hincan, al contrario, quieren aparentar que todo se ir\u00e1 por la borda.<\/span><\/p>\n<p class=\"p2\"><span style=\"font-size: 14pt;\">Los cr\u00edmenes nefandos que se<span class=\"Apple-converted-space\">\u00a0 <\/span>han cometido<span class=\"Apple-converted-space\">\u00a0 <\/span>en este pa\u00eds, han sido ordenados por el presidente de la Rep\u00fablica<span class=\"Apple-converted-space\">\u00a0 <\/span>al trav\u00e9s de su Estado Mayor presidencial que con sus ocho mil efectivos, su fuerza pol\u00edtica y econ\u00f3mica no ten\u00eda l\u00edmites y ah\u00ed, se aplicaba el Art\u00edculo cero y lo mismo suced\u00eda con la Polic\u00eda Federal de Seguridad que depend\u00eda de la Secretar\u00eda de Gobernaci\u00f3n en tanto<span class=\"Apple-converted-space\">\u00a0 <\/span>los secretarios de la Defensa y Marina, no ten\u00edan participaci\u00f3n, salvo en lo concerniente a auxilios a la poblaci\u00f3n o menesteres de m\u00ednima importancia, pero lo fuerte, donde se deciden el fondo, estaba en la c\u00fapula, por eso, no es extra\u00f1ar que Diaz Ordaz y Echeverr\u00eda, asumieron abiertamente su responsabilidad en su momento, sin embargo, ahora por cierto no deben de espantarse que eso suceda que exista en el orden jur\u00eddico constitucional todo un orden estrat\u00e9gico pues de otra suerte, todo se queda a la deriva.<span class=\"Apple-converted-space\">\u00a0<\/span><\/span><\/p>\n<p>&nbsp;<\/p>\n<p class=\"p2\"><span style=\"font-size: 18pt; color: #139eca;\"><b>CR\u00cdMENES ORDENADOS<span class=\"Apple-converted-space\">\u00a0<\/span><\/b><\/span><\/p>\n<p class=\"p2\"><span style=\"font-size: 14pt;\">Ah\u00ed est\u00e1n los crimines de Jaramillo o Lucio Caba\u00f1as, o bien la emboscadas en Aguas Blancas o en Acteal, y ya no se diga el \u201cGrupo Olimpia\u201d que oper\u00f3 por \u00f3rdenes del presidente Diaz Ordaz en la masacre del 2 de octubre de 1968, o en la represi\u00f3n de Echeverria en 10 de junio , en s\u00edntesis, esos cr\u00edmenes y muchos m\u00e1s, han provenido de la voz o la mirada de los presidentes, porque solo a ellos obedecen.<\/span><\/p>\n<p class=\"p2\"><span style=\"font-size: 14pt;\">Para una mejor comprensi\u00f3n est\u00e1 la an\u00e9cdota que se cuenta que cuando el presidente \u00c1vila Camacho llega al gobierno y quiere que Narciso Bassols -comunista \u2013 ocupe la Secretar\u00eda de Educaci\u00f3n P\u00fablica y se niega a aceptar el cargo,- pese a una larga amistad que sosten\u00edan-,<span class=\"Apple-converted-space\">\u00a0 <\/span>y al preguntarle la razones de su negativa,<span class=\"Apple-converted-space\">\u00a0 <\/span>le expresa es que \u201cno coincido con tus ideas<span class=\"Apple-converted-space\">\u00a0 <\/span>y menos voy a coincidir con tu gobierno, pero solo te quiero pedir un favor, como amigos, que cuando nos veamos me saludes y que jam\u00e1s hagas un comentario en mi contra\u201d, petici\u00f3n que fue cumplida en s\u00edntesis, pero los tiempos han cambiado y se tiene que actuar contra todo g\u00e9nero de delincuencia respetando los derechos y los principios elementales de presunci\u00f3n de inocencia y debido proceso, sin embargo, el \u201cmat\u00e1los en caliente \u201ctiene que quedar sepultado\u201d, pues est\u00e1 el caso de Tlatlaya o Nochitl\u00e1n,<span class=\"Apple-converted-space\">\u00a0 <\/span>Atenco, Ayotzinapa<span class=\"Apple-converted-space\">\u00a0 <\/span>y tantos m\u00e1s en que el ej\u00e9rcito ha tenido que<span class=\"Apple-converted-space\">\u00a0 <\/span>actuar por la lealtad al presidente, recibiendo \u00f3rdenes.<\/span><\/p>\n<p class=\"p2\"><span style=\"font-size: 14pt;\">El caso de Atenco de Fox \u2013 panista y farsante &#8211; es por dem\u00e1s emblem\u00e1tico y poco se aborda, porque a\u00fan no llega la justicia. Veamos, pues, que la Corte interamericana de derechos humanos conden\u00f3 al Estado Mexicano a castigar a todos<span class=\"Apple-converted-space\">\u00a0 <\/span>los responsables, lo que no se ha hecho en forma integral, menos a\u00fan cuando los ministros de la Suprema Corte de Justicia de la naci\u00f3n,-<span class=\"Apple-converted-space\">\u00a0 <\/span>siervos entonces del gran poder presidencial-, esos que dicen que respetan la constituci\u00f3n y son garantes de la justicia, se negaron a aprobar el proyecto que el ministro G\u00f3ngora Pimental<span class=\"Apple-converted-space\">\u00a0 <\/span>present\u00f3, en base a la investigaci\u00f3n ordenada por esa misma corte, en que se determin\u00f3 que Pe\u00f1a Nieto, gobernador del Estado, Medina Mora, Procurador General de la Rep\u00fablica, el Director de Seguridad P\u00fablica<span class=\"Apple-converted-space\">\u00a0 <\/span>y cinco funcionarios m\u00e1s <span class=\"Apple-converted-space\">\u00a0 <\/span>tendr\u00edan que ser castigado,- caso similar el de Ayotzinapa en que un tribunal colegiado dict\u00f3 una sentencia similar que se encuentra en v\u00edas de cumplimiento y donde , por v\u00eda de mientras, ya est\u00e1 el exprocurador Murillo y varios militares de alto rango en prisi\u00f3n.<\/span><\/p>\n<p class=\"p2\"><span style=\"font-size: 14pt;\">Ahora bien, si lo que se quiere es la ilegalidad y que no exista la transparencia que ahora se respira, para que vuelva la opacidad es sencillamente desaparecer a las fuerzas armadas y dejarle el camino libre a los saqueadores y atracadores de la naci\u00f3n, para que se sigan enriqueci\u00e9ndose y extorsionado al pueblo, los empresarios de cuello blanco, defraudadores y que el gobierno este al servicio de los intereses extranjeros, dictando leyes contra<span class=\"Apple-converted-space\">\u00a0 <\/span>la naci\u00f3n, como es el caso de la energ\u00eda el\u00e9ctrica o entregando concesiones de petr\u00f3leo y miner\u00eda de forma descomunal <span class=\"Apple-converted-space\">\u00a0 <\/span>y hay que ver con seriedad<span class=\"Apple-converted-space\">\u00a0 <\/span>profunda<span class=\"Apple-converted-space\">\u00a0 <\/span>la actitud<span class=\"Apple-converted-space\">\u00a0 <\/span>y conducta de 230 diputados<span class=\"Apple-converted-space\">\u00a0 <\/span>en esa reforma, pues<span class=\"Apple-converted-space\">\u00a0 <\/span>se ubican claramente como traidores a la patria en t\u00e9rminos del Art\u00edculo 123 del C\u00f3digo Penal ,que esperamos que la denuncia presentada prospere y no quede en el archivo muerto, porque una cosa es que no pueden ser reconvenidos por sus<span class=\"Apple-converted-space\">\u00a0 <\/span>ideas y otras que atenten contra el pa\u00eds en su econom\u00eda.<\/span><\/p>\n<p>&nbsp;<\/p>\n<p class=\"p2\"><span style=\"font-size: 18pt; color: #139eca;\"><b>SOSTENIENDO AL PA\u00cdS<\/b><\/span><\/p>\n<p class=\"p2\"><span style=\"font-size: 14pt;\">Las fuerzas armadas tienden la grave y gran responsabilidad de estar en todo lo que da\u00f1e y afecte al pa\u00eds-jam\u00e1s tendremos que un extra\u00f1o enemigo que vulnere nuestras patria, los tenemos dentro- por lo mismo las leyes que norma y horman la conducta de todos- con el uso moderado de la fuerza. Tienen que hacerse cumplir, sin respetar fueros malentendidos para proteger la corrupci\u00f3n y la impunidad, por ello causa escozor como algunos se llenan de orgullo cuando los militares son agredidos y festinan la conducta de los criminales a quienes, siendo humanos, se les tiene que respetar sus derechos y, solo en caso extremo, llegar abatirlos, as\u00ed que no se hagan piruetas, pues ese Ej\u00e9rcito disciplinado, preparado y leal al poder civil, &#8211; as\u00ed lo ha demostrado- no<span class=\"Apple-converted-space\">\u00a0 <\/span>solo va servir para apagar incendios, apoyar en los casos de desastre, sino impedir que el pa\u00eds se desintegre, porque su funci\u00f3n es social y no para la guerra, esa palabra solo cabe en los panistas y sus mentes corruptas y oportunistas.<\/span><\/p>\n<p>&nbsp;<\/p>\n<p>&nbsp;<\/p>\n<p class=\"p2\"><strong><span style=\"font-size: 18pt;\">Correo: <a href=\"mailto:limacobos@hotmail.com\">limacobos@hotmail.com<\/a><\/span><\/strong><\/p>\n<p class=\"p2\"><strong><span style=\"font-size: 18pt;\">Twitter: <a href=\"https:\/\/twitter.com\/limacobos1\">@limacobos1<\/a><\/span><\/strong><\/p>\n<p>&nbsp;<\/p>\n<p><span style=\"font-size: 18pt; color: #319eca;\"><em><strong>**Las columnas firmadas en este medio son responsabilidad de quienes las firman**<\/strong><\/em><\/span><\/p>\n<p>&nbsp;<\/p>\n<p>&nbsp;<\/p>\n<p>&nbsp;<\/p>\n","protected":false},"excerpt":{"rendered":"<p>&nbsp; Por Jos\u00e9 Lima Cobos\u00a0 Ante la alharaca o esc\u00e1ndalo que ha armado el PRI, PAN y PRD al oponerse<\/p>\n","protected":false},"author":4,"featured_media":4215,"comment_status":"closed","ping_status":"closed","sticky":false,"template":"","format":"standard","meta":{"colormag_page_container_layout":"default_layout","colormag_page_sidebar_layout":"default_layout","_jetpack_memberships_contains_paid_content":false,"footnotes":"","jetpack_publicize_message":"","jetpack_publicize_feature_enabled":true,"jetpack_social_post_already_shared":false,"jetpack_social_options":{"image_generator_settings":{"template":"highway","default_image_id":0,"font":"","enabled":false},"version":2}},"categories":[26],"tags":[],"class_list":["post-10577","post","type-post","status-publish","format-standard","has-post-thumbnail","hentry","category-columnistas"],"jetpack_publicize_connections":[],"jetpack_featured_media_url":"https:\/\/i0.wp.com\/politicosaldesnudo.com.mx\/wp-content\/uploads\/2022\/04\/JOSE%CC%81-LIMA-COBOS.png?fit=1816%2C1016&ssl=1","jetpack-related-posts":[],"jetpack_sharing_enabled":true,"_links":{"self":[{"href":"https:\/\/politicosaldesnudo.com.mx\/index.php\/wp-json\/wp\/v2\/posts\/10577","targetHints":{"allow":["GET"]}}],"collection":[{"href":"https:\/\/politicosaldesnudo.com.mx\/index.php\/wp-json\/wp\/v2\/posts"}],"about":[{"href":"https:\/\/politicosaldesnudo.com.mx\/index.php\/wp-json\/wp\/v2\/types\/post"}],"author":[{"embeddable":true,"href":"https:\/\/politicosaldesnudo.com.mx\/index.php\/wp-json\/wp\/v2\/users\/4"}],"replies":[{"embeddable":true,"href":"https:\/\/politicosaldesnudo.com.mx\/index.php\/wp-json\/wp\/v2\/comments?post=10577"}],"version-history":[{"count":0,"href":"https:\/\/politicosaldesnudo.com.mx\/index.php\/wp-json\/wp\/v2\/posts\/10577\/revisions"}],"wp:featuredmedia":[{"embeddable":true,"href":"https:\/\/politicosaldesnudo.com.mx\/index.php\/wp-json\/wp\/v2\/media\/4215"}],"wp:attachment":[{"href":"https:\/\/politicosaldesnudo.com.mx\/index.php\/wp-json\/wp\/v2\/media?parent=10577"}],"wp:term":[{"taxonomy":"category","embeddable":true,"href":"https:\/\/politicosaldesnudo.com.mx\/index.php\/wp-json\/wp\/v2\/categories?post=10577"},{"taxonomy":"post_tag","embeddable":true,"href":"https:\/\/politicosaldesnudo.com.mx\/index.php\/wp-json\/wp\/v2\/tags?post=10577"}],"curies":[{"name":"wp","href":"https:\/\/api.w.org\/{rel}","templated":true}]}}