{"id":10602,"date":"2022-09-26T02:34:09","date_gmt":"2022-09-26T07:34:09","guid":{"rendered":"https:\/\/politicosaldesnudo.com.mx\/?p=10602"},"modified":"2022-09-26T04:06:07","modified_gmt":"2022-09-26T09:06:07","slug":"cesar-verastegui-tamaulipas-polvorin-electoral","status":"publish","type":"post","link":"https:\/\/politicosaldesnudo.com.mx\/index.php\/2022\/09\/26\/cesar-verastegui-tamaulipas-polvorin-electoral\/","title":{"rendered":"C\u00e9sar Ver\u00e1stegui,\u00a0Tamaulipas polvor\u00edn electoral\u2028"},"content":{"rendered":"<p>&nbsp;<\/p>\n<p class=\"p1\"><span style=\"font-size: 18pt;\"><b>&lt;&lt; Nadie quiere ceder ante una batalla electoral a muerte, donde est\u00e1n de por medio c\u00e1rcel y desprestigio &gt;&gt;<\/b><\/span><\/p>\n<p class=\"p1\"><b>\u00a0<\/b><\/p>\n<p class=\"p1\"><span style=\"font-size: 18pt;\"><b>Por \u00c1ngel \u00c1lvaro Pe\u00f1a<\/b><\/span><\/p>\n<p class=\"p1\"><span style=\"font-size: 14pt;\">La prepotencia de quienes consideran que pueden comprar todo con dinero suelen chocar con la realidad y cambiarse la suerte por adelantar v\u00edsperas. En el camino se llevan entre las patas al INE, ex consejeros electorales y al tribunal electoral, burlando la voluntad popular expresada en las urnas.<\/span><\/p>\n<p class=\"p1\"><span style=\"font-size: 18pt;\"><strong>El vocero del candidato a la gubernatura C\u00e9sar Truko Ver\u00e1stegui Ostos, declar\u00f3, en una reuni\u00f3n de panistas que el mi\u00e9rcoles ser\u00e1 invalidada la elecci\u00f3n donde gan\u00f3 el morenista Am\u00e9rico Villarreal Anaya, quien tiene programado rendir protesta en el primer minuto del 1 de octubre.<\/strong><\/span><\/p>\n<p class=\"p1\"><span style=\"font-size: 14pt;\">El intento de salida del gobernador de Tamaulipas se ha complicado desde hace varios meses y se ha echado mano de todas las instancias habidas y por haber para impedir que un partido diferente al que se encuentra gobernado llegue a la gubernatura.<\/span><\/p>\n<p class=\"p1\"><span style=\"font-size: 14pt;\">Ahora, el esc\u00e1ndalo en la alianza opositora pareciera cerrar un ciclo de artima\u00f1as dedicadas a que el gobernador saliente no s\u00f3lo llegue a buen t\u00e9rmino con su sexenio, sino que no haya obst\u00e1culo para que pueda descansar tranquilo luego de su gesti\u00f3n.<\/span><\/p>\n<p class=\"p1\"><span style=\"font-size: 18pt;\"><strong>En el camino se han comprado diputados locales, federales, \u00faltimamente hasta columnistas que interpusieron estados de cuenta del Banco de Holanda falsos, donde se\u00f1alaban que el hijo de Am\u00e9rico Villarreal ten\u00eda dep\u00f3sitos millonarios que proven\u00edan del crimen organizado. Al solicitarse oficialmente esos estados de cuenta se lleg\u00f3 a la conclusi\u00f3n de que eran falsos. Todo esto fue asentado como cierto por un columnista en un diario de circulaci\u00f3n nacional.<\/strong><\/span><\/p>\n<p>&nbsp;<\/p>\n<p><img data-recalc-dims=\"1\" loading=\"lazy\" decoding=\"async\" class=\"aligncenter wp-image-10605 size-large\" src=\"https:\/\/i0.wp.com\/politicosaldesnudo.com.mx\/wp-content\/uploads\/2022\/09\/P-AMERICO-VILLARREAL1-1024x573.png?resize=800%2C448&#038;ssl=1\" alt=\"\" width=\"800\" height=\"448\" srcset=\"https:\/\/i0.wp.com\/politicosaldesnudo.com.mx\/wp-content\/uploads\/2022\/09\/P-AMERICO-VILLARREAL1.png?resize=1024%2C573&amp;ssl=1 1024w, https:\/\/i0.wp.com\/politicosaldesnudo.com.mx\/wp-content\/uploads\/2022\/09\/P-AMERICO-VILLARREAL1.png?resize=300%2C168&amp;ssl=1 300w, https:\/\/i0.wp.com\/politicosaldesnudo.com.mx\/wp-content\/uploads\/2022\/09\/P-AMERICO-VILLARREAL1.png?resize=768%2C430&amp;ssl=1 768w, https:\/\/i0.wp.com\/politicosaldesnudo.com.mx\/wp-content\/uploads\/2022\/09\/P-AMERICO-VILLARREAL1.png?resize=1536%2C859&amp;ssl=1 1536w, https:\/\/i0.wp.com\/politicosaldesnudo.com.mx\/wp-content\/uploads\/2022\/09\/P-AMERICO-VILLARREAL1.png?w=1816&amp;ssl=1 1816w, https:\/\/i0.wp.com\/politicosaldesnudo.com.mx\/wp-content\/uploads\/2022\/09\/P-AMERICO-VILLARREAL1.png?w=1600&amp;ssl=1 1600w\" sizes=\"auto, (max-width: 800px) 100vw, 800px\" \/><\/p>\n<p>&nbsp;<\/p>\n<p class=\"p1\"><span style=\"font-size: 14pt;\">Los empe\u00f1os para que la salida del gobernador actual sea lo m\u00e1s limpia posible, antes de la medianoche del \u00faltimo d\u00eda del mes, han sido registrados por los medios y no tiene precedente en la historia del pa\u00eds.<\/span><\/p>\n<p class=\"p1\"><span style=\"font-size: 14pt;\">Si en realidad existi\u00f3 esa compra de voluntades de los magistrados del Tribunal Electoral, se ver\u00e1 muy burda la maniobra, porque dicho funcionario del PAN en la entidad, pareciera que act\u00faa contra los supuestos acuerdos que seguramente tendr\u00edan dinero de por medio y, de ser cierto, los magistrados no se arriesgar\u00edan a perder sus cargos por la cantidad que fuera, porque pr\u00e1cticamente quedar\u00edan sin credibilidad como personas y como instituci\u00f3n.<\/span><\/p>\n<p class=\"p1\"><span style=\"font-size: 14pt;\">Am\u00e9rico Villarreal Anaya demand\u00f3 la semana pasada al TEPJF para que se pronuncie de una vez para validar la elecci\u00f3n, pues cuando faltan escasas horas para que rinda protesta, todav\u00eda son analizadas las impugnaciones, como si se tratara de ganar tiempo, y a\u00fan no hay certeza sobre su triunfo en las urnas.<\/span><\/p>\n<p class=\"p1\"><span style=\"font-size: 14pt;\">En las \u00faltimas semanas pudo apreciarse que dos diputadas locales de Morena se pasaron a las filas del PAN para votar en contra del desafuero del actual gobernador, despu\u00e9s, esas mismas diputadas regresaron a Morena, y fueron recibidas con los brazos abiertos porque ellas son las que inclinan la balanza de la mayor\u00eda en el Congreso de Tamaulipas.<\/span><\/p>\n<p class=\"p1\"><span style=\"font-size: 14pt;\">Tambi\u00e9n se ha apreciado que un ex consejero electoral est\u00e1 al servicio del gobernador salientes y del candidato de la alianza opositora y tiene como objetivo utilizar toda su experiencia en evitar que Am\u00e9rico Villarreal llegue a tomar posesi\u00f3n.<\/span><\/p>\n<p class=\"p1\"><span style=\"font-size: 18pt;\"><strong>As\u00ed, se han falsificado documentos, comprado y vendido inmuebles para despistar a la justicia, lo cierto es que hay varias denuncias penales contra el gobernador saliente, entre las cuales se encuentran los delitos de lavado de dinero, peculado, asociaci\u00f3n delictuosa entre otras. Todas ellas levantadas cuando Santiago Nieto encabezaba la Unidad de Inteligencia Financiera, que ahora preside Pablo G\u00f3mez.<\/strong><\/span><\/p>\n<p class=\"p1\"><span style=\"font-size: 14pt;\">Pero Am\u00e9rico Villarreal contrat\u00f3 a Santiago Nieto para que encabezara el equipo de transici\u00f3n, con miras a que se convierta en el fiscal de Tamaulipas en los pr\u00f3ximos meses.<\/span><\/p>\n<p class=\"p1\"><span style=\"font-size: 14pt;\">La guerra de demandas, cr\u00edticas, cuestionamientos, verdades y mentiras que se lanzan entre el gobernador saliente, el candidato perdedor y el ganador de Morena, Am\u00e9rico Villarreal hace de la pol\u00edtica el pa\u00eds una muestra de las formas que tienen algunos jueces de ponerle precio a sus fallos, ya sea por \u00f3rdenes superiores o simplemente porque les llegan al precio.<\/span><\/p>\n<p class=\"p1\"><span style=\"font-size: 14pt;\">Desafortunadamente se trata de una entidad federativa donde m\u00e1s de un exgobernador est\u00e1 en la c\u00e1rcel y el resto han sido se\u00f1alados como c\u00f3mplices de delincuentes peligrosos. El propio padre de Am\u00e9rico Villarreal, del mismo nombre, tuvo problemas de ese tipo cuando fue gobernador del PRI.<\/span><\/p>\n<p class=\"p1\"><span style=\"font-size: 14pt;\">De ser cierta la presunci\u00f3n sobre el \u201carreglo\u201d de los magistrados electorales para tumbar la elecci\u00f3n de gobernador, se convertir\u00eda no s\u00f3lo en un esc\u00e1ndalo medi\u00e1tico sino que polarizar\u00eda a la sociedad tamaulipeca, y obligar\u00eda a enfrentamientos donde muy posiblemente intervenga la sociedad.<\/span><\/p>\n<p class=\"p1\"><span style=\"font-size: 18pt;\"><strong>Estamos a unos d\u00edas de la toma de posesi\u00f3n, en una espera donde todav\u00eda no se aclara nada y el suspenso est\u00e1 exactamente igual que el d\u00eda de la jornada electoral. Y aunque hubo una gran diferencia de votos a favor de Morena,<span style=\"color: #139eca;\"> se ha peleado desde hace semanas que fueron pagados y realizados por el crimen organizado y por eso contrataron al ex consejero Marco Antonio Ba\u00f1os, para que compruebe dicha versi\u00f3n.<\/span><\/strong><\/span><\/p>\n<p>&nbsp;<\/p>\n<p><img data-recalc-dims=\"1\" loading=\"lazy\" decoding=\"async\" class=\"aligncenter wp-image-10606 size-large\" src=\"https:\/\/i0.wp.com\/politicosaldesnudo.com.mx\/wp-content\/uploads\/2022\/09\/P-MARCO-BAN%CC%83OS-1024x573.png?resize=800%2C448&#038;ssl=1\" alt=\"\" width=\"800\" height=\"448\" srcset=\"https:\/\/i0.wp.com\/politicosaldesnudo.com.mx\/wp-content\/uploads\/2022\/09\/P-MARCO-BAN%CC%83OS.png?resize=1024%2C573&amp;ssl=1 1024w, https:\/\/i0.wp.com\/politicosaldesnudo.com.mx\/wp-content\/uploads\/2022\/09\/P-MARCO-BAN%CC%83OS.png?resize=300%2C168&amp;ssl=1 300w, https:\/\/i0.wp.com\/politicosaldesnudo.com.mx\/wp-content\/uploads\/2022\/09\/P-MARCO-BAN%CC%83OS.png?resize=768%2C430&amp;ssl=1 768w, https:\/\/i0.wp.com\/politicosaldesnudo.com.mx\/wp-content\/uploads\/2022\/09\/P-MARCO-BAN%CC%83OS.png?resize=1536%2C859&amp;ssl=1 1536w, https:\/\/i0.wp.com\/politicosaldesnudo.com.mx\/wp-content\/uploads\/2022\/09\/P-MARCO-BAN%CC%83OS.png?w=1816&amp;ssl=1 1816w, https:\/\/i0.wp.com\/politicosaldesnudo.com.mx\/wp-content\/uploads\/2022\/09\/P-MARCO-BAN%CC%83OS.png?w=1600&amp;ssl=1 1600w\" sizes=\"auto, (max-width: 800px) 100vw, 800px\" \/><\/p>\n<p>&nbsp;<\/p>\n<p>&nbsp;<\/p>\n<p class=\"p1\"><span style=\"font-size: 18pt;\"><strong>Las sospechas de un Tribunal Electoral poco \u00e9tico ya surgieron y no precisamente por los rumores de que compraron su voluntad sino por la tardanza para dar a conocer su fallo irrevocable. En el PAN de la entidad hay mucho entusiasmo porque el rumor sobre la compra de magistrados dio ox\u00edgeno a los \u00e1nimos ca\u00eddos de quienes insisten que debe repetirse la elecci\u00f3n.<\/strong><\/span><\/p>\n<p class=\"p1\"><span style=\"font-size: 14pt;\">\u201cLo digo por conocimiento de causa, la verdad, y porque he estado presente y cr\u00e9anme que hay muchas posibilidades de que se caiga la elecci\u00f3n y que podamos volver a trabajar juntos en varios meses con nuestro mismo candidato, con nuestro mismo equipo, y si Dios quiere ah\u00ed nos vamos a ver, si Dios quiere ah\u00ed nos vamos a ver\u201d, agreg\u00f3 el simpatizante del candidato panista.<\/span><\/p>\n<p class=\"p1\"><span style=\"font-size: 14pt;\">Estos ser\u00e1n los cinco d\u00edas m\u00e1s largos de la historia de Tamaulipas, frente a una justicia electoral trasnochada y con poca o nula credibilidad, un par de partidos en contienda, cuya trayectoria no es del todo limpia, dos candidatos que se dicen vencedores y un gobernador saliente que quiere darse ba\u00f1os de pureza y para ello es capaz de comprar a todo el que se deje.<\/span><\/p>\n<p class=\"p1\"><span style=\"font-size: 14pt;\">Los medios el INE, el tribunal, los jueces, los candidatos, los partidos est\u00e1n en el banquillo de los acusados y trat\u00e1ndose de Tamaulipas no hay v\u00edctima inocente en este proceso.<\/span><\/p>\n<p>&nbsp;<\/p>\n<p>&nbsp;<\/p>\n<p>&nbsp;<\/p>\n<p>&nbsp;<\/p>\n<p>&nbsp;<\/p>\n","protected":false},"excerpt":{"rendered":"<p>&nbsp; &lt;&lt; Nadie quiere ceder ante una batalla electoral a muerte, donde est\u00e1n de por medio c\u00e1rcel y desprestigio &gt;&gt;<\/p>\n","protected":false},"author":4,"featured_media":10603,"comment_status":"closed","ping_status":"closed","sticky":false,"template":"","format":"standard","meta":{"colormag_page_container_layout":"default_layout","colormag_page_sidebar_layout":"default_layout","_jetpack_memberships_contains_paid_content":false,"footnotes":"","jetpack_publicize_message":"","jetpack_publicize_feature_enabled":true,"jetpack_social_post_already_shared":false,"jetpack_social_options":{"image_generator_settings":{"template":"highway","default_image_id":0,"font":"","enabled":false},"version":2}},"categories":[33],"tags":[1520,1519,1516,103],"class_list":["post-10602","post","type-post","status-publish","format-standard","has-post-thumbnail","hentry","category-nacional","tag-americo-villarreal","tag-cesar-truko-verastegui","tag-marco-banos","tag-pan"],"jetpack_publicize_connections":[],"jetpack_featured_media_url":"https:\/\/i0.wp.com\/politicosaldesnudo.com.mx\/wp-content\/uploads\/2022\/09\/P-TRUKO-TAMAULIPAS-1.png?fit=1816%2C1016&ssl=1","jetpack-related-posts":[],"jetpack_sharing_enabled":true,"_links":{"self":[{"href":"https:\/\/politicosaldesnudo.com.mx\/index.php\/wp-json\/wp\/v2\/posts\/10602","targetHints":{"allow":["GET"]}}],"collection":[{"href":"https:\/\/politicosaldesnudo.com.mx\/index.php\/wp-json\/wp\/v2\/posts"}],"about":[{"href":"https:\/\/politicosaldesnudo.com.mx\/index.php\/wp-json\/wp\/v2\/types\/post"}],"author":[{"embeddable":true,"href":"https:\/\/politicosaldesnudo.com.mx\/index.php\/wp-json\/wp\/v2\/users\/4"}],"replies":[{"embeddable":true,"href":"https:\/\/politicosaldesnudo.com.mx\/index.php\/wp-json\/wp\/v2\/comments?post=10602"}],"version-history":[{"count":0,"href":"https:\/\/politicosaldesnudo.com.mx\/index.php\/wp-json\/wp\/v2\/posts\/10602\/revisions"}],"wp:featuredmedia":[{"embeddable":true,"href":"https:\/\/politicosaldesnudo.com.mx\/index.php\/wp-json\/wp\/v2\/media\/10603"}],"wp:attachment":[{"href":"https:\/\/politicosaldesnudo.com.mx\/index.php\/wp-json\/wp\/v2\/media?parent=10602"}],"wp:term":[{"taxonomy":"category","embeddable":true,"href":"https:\/\/politicosaldesnudo.com.mx\/index.php\/wp-json\/wp\/v2\/categories?post=10602"},{"taxonomy":"post_tag","embeddable":true,"href":"https:\/\/politicosaldesnudo.com.mx\/index.php\/wp-json\/wp\/v2\/tags?post=10602"}],"curies":[{"name":"wp","href":"https:\/\/api.w.org\/{rel}","templated":true}]}}