{"id":10619,"date":"2022-09-26T13:54:51","date_gmt":"2022-09-26T18:54:51","guid":{"rendered":"https:\/\/politicosaldesnudo.com.mx\/?p=10619"},"modified":"2022-09-26T13:56:12","modified_gmt":"2022-09-26T18:56:12","slug":"rementeria-pedira-comparecencia-del-titular-de-salud-por-desperdicio-de-5-millones-de-vacunas","status":"publish","type":"post","link":"https:\/\/politicosaldesnudo.com.mx\/index.php\/2022\/09\/26\/rementeria-pedira-comparecencia-del-titular-de-salud-por-desperdicio-de-5-millones-de-vacunas\/","title":{"rendered":"Rementer\u00eda pedir\u00e1 comparecencia del titular de Salud por desperdicio de 5 millones de vacunas"},"content":{"rendered":"<p>&nbsp;<\/p>\n<p class=\"p1\"><span style=\"font-size: 18pt;\"><strong>&lt;&lt; Estamos pagando muy caro la incompetencia de Morena en el gobierno, sentenci\u00f3 el senador panista &gt;&gt;\u00a0<\/strong><\/span><\/p>\n<p>&nbsp;<\/p>\n<p class=\"p1\"><span style=\"font-size: 14pt;\"><em><strong>CIUDAD DE M\u00c9XICO.<\/strong> <\/em>El Coordinador de Senadores de Acci\u00f3n Nacional, Julen Rementer\u00eda del Puerto, solicitar\u00e1 la comparecencia del titular de la Secretar\u00eda de Salud, Jorge Alcocer Varela, para que explique el desperdicio de los m\u00e1s de 5 millones de vacunas contra el Covid 19.<\/span><\/p>\n<p>&nbsp;<\/p>\n<blockquote>\n<p class=\"p1\"><span style=\"font-size: 14pt;\">Solicitar\u00e9 que comparezca ante el senado de la Rep\u00fablica, el Secretario de Salud para que rinda cuentas ante esta situaci\u00f3n reprochable en todos los sentidos.<span class=\"Apple-converted-space\">\u00a0<\/span><\/span><span style=\"font-size: 14pt;\">Adem\u00e1s, presentaremos denuncias para fincar responsabilidades a los funcionarios que, por negligencia u omisi\u00f3n, dejaron sin vacunas a millones de personas\u201d<\/span><\/p>\n<\/blockquote>\n<p>&nbsp;<\/p>\n<p class=\"p1\"><span style=\"font-size: 14pt;\">El senador veracruzano se\u00f1al\u00f3 que fue a trav\u00e9s de una investigaci\u00f3n period\u00edstica, como la Secretar\u00eda de Salud tuvo que reconocer que estos cinco millones de dosis tendr\u00e1n que ser desechadas en el drenaje por falta de una estrategia adecuada del Gobierno Federal, pero sobre todo por incompetencia.<\/span><\/p>\n<p>&nbsp;<\/p>\n<blockquote>\n<p class=\"p1\"><span style=\"font-size: 14pt;\">Vemos que el Subsecretario de Salud habla mucho, pero resuelve poco y el titular igual, nosotros como mexicanos estamos pagando muy caro la incompetencia de Morena en el gobierno, tanto como con la salud y con vidas\u201d<\/span><\/p>\n<\/blockquote>\n<p>&nbsp;<\/p>\n<p class=\"p1\"><span style=\"font-size: 14pt;\">Rementer\u00eda del Puerto, record\u00f3 que el actual gobierno de la Cuarta Transformaci\u00f3n destruy\u00f3 el Seguro Popular en aras de fortalecer el Instituto de Salud para el Bienestar (INSABI), el cual al d\u00eda de hoy solo existe en n\u00f3mina, pero no consolidado para atender la salud de millones de mexicanos.<\/span><\/p>\n<p class=\"p1\"><span style=\"font-size: 14pt;\">Julen Rementer\u00eda fustig\u00f3 que, en cualquier otro pa\u00eds, por un esc\u00e1ndalo similar, el titular de Salud tendr\u00eda que estar presentando su renuncia de forma inmediata.<\/span><\/p>\n<p>&nbsp;<\/p>\n<blockquote>\n<p class=\"p1\"><span style=\"font-size: 14pt;\">Haremos un llamado formal desde la C\u00e1mara Alta, para llamar a cuentas al Secretario y al Subsecretario de Salud que tanto habla pero no resuelve nada. Y de darse el caso, fincar responsabilidades\u00bb<\/span><\/p>\n<\/blockquote>\n<p>&nbsp;<\/p>\n<p><img data-recalc-dims=\"1\" loading=\"lazy\" decoding=\"async\" class=\"aligncenter wp-image-10621 size-large\" src=\"https:\/\/i0.wp.com\/politicosaldesnudo.com.mx\/wp-content\/uploads\/2022\/09\/P-JULEN-REMENTERIA2-1024x573.png?resize=800%2C448&#038;ssl=1\" alt=\"\" width=\"800\" height=\"448\" srcset=\"https:\/\/i0.wp.com\/politicosaldesnudo.com.mx\/wp-content\/uploads\/2022\/09\/P-JULEN-REMENTERIA2.png?resize=1024%2C573&amp;ssl=1 1024w, https:\/\/i0.wp.com\/politicosaldesnudo.com.mx\/wp-content\/uploads\/2022\/09\/P-JULEN-REMENTERIA2.png?resize=300%2C168&amp;ssl=1 300w, https:\/\/i0.wp.com\/politicosaldesnudo.com.mx\/wp-content\/uploads\/2022\/09\/P-JULEN-REMENTERIA2.png?resize=768%2C430&amp;ssl=1 768w, https:\/\/i0.wp.com\/politicosaldesnudo.com.mx\/wp-content\/uploads\/2022\/09\/P-JULEN-REMENTERIA2.png?resize=1536%2C859&amp;ssl=1 1536w, https:\/\/i0.wp.com\/politicosaldesnudo.com.mx\/wp-content\/uploads\/2022\/09\/P-JULEN-REMENTERIA2.png?w=1816&amp;ssl=1 1816w, https:\/\/i0.wp.com\/politicosaldesnudo.com.mx\/wp-content\/uploads\/2022\/09\/P-JULEN-REMENTERIA2.png?w=1600&amp;ssl=1 1600w\" sizes=\"auto, (max-width: 800px) 100vw, 800px\" \/><\/p>\n<p>&nbsp;<\/p>\n<p class=\"p1\"><span style=\"font-size: 14pt;\">Sobre la Consulta Popular, para que las Fuerzas Armadas contin\u00faen haci\u00e9ndose cargo de la seguridad en las calles del pa\u00eds hasta el 2028, Julen Rementer\u00eda calific\u00f3 que es una aut\u00e9ntica vacilada, cuando lo que realmente quiere el pa\u00eds es cambiar la estrategia y decisiones firmes y contundentes en materia de seguridad.<span class=\"Apple-converted-space\">\u00a0<\/span><\/span><\/p>\n<p>&nbsp;<\/p>\n<blockquote>\n<p class=\"p1\"><span style=\"font-size: 14pt;\">El Presidente quiere seguir derrochando dinero y seguir violentando nuestra carta magna con sus consultas populares. La consulta no sirve, no ha funcionado, eso est\u00e1 muy probado\u201d<\/span><\/p>\n<\/blockquote>\n<p>&nbsp;<\/p>\n<p class=\"p1\"><span style=\"font-size: 14pt;\">El Senador veracruzano expres\u00f3 que la oposici\u00f3n se ha manifestado por establecer un parlamento abierto con legisladores, acad\u00e9micos, especialistas en materia de seguridad, con los propios integrantes de las Fuerzas Armadas para poder tomar decisiones.<span class=\"Apple-converted-space\">\u00a0<\/span><\/span><\/p>\n<p>&nbsp;<\/p>\n<blockquote>\n<p class=\"p1\"><span style=\"font-size: 14pt;\">\u201cPara que podamos establecer una ruta que debemos seguir como pa\u00eds, como estado y con los municipios para tomar decisiones importantes en materia de seguridad. La Federaci\u00f3n presume logros, pero ha crecido la delincuencia, las extorsiones, los feminicidios, ah\u00ed est\u00e1n los datos, no son m\u00edos, son datos del Sistema Nacional de Seguridad P\u00fablica, de c\u00f3mo han crecido los delitos\u201d<\/span><\/p>\n<\/blockquote>\n<p>&nbsp;<\/p>\n<p class=\"p1\"><span style=\"font-size: 14pt;\">Rementer\u00eda del Puerto dej\u00f3 en claro que ning\u00fan diputado o senador de oposici\u00f3n quiere que se retire la Marina-Armada de M\u00e9xico o el Ej\u00e9rcito Mexicano de las calles de los estados o de los municipios del pa\u00eds; sino qu\u00e9, lo que los legisladores y senadores de Acci\u00f3n Nacional se oponen es a que haya \u00fanicamente control militar en las fuerzas de seguridad p\u00fablica para intervenir en situaciones en las que las Polic\u00edas Municipales o Estatales puedan hacerse cargo.<\/span><\/p>\n<p>&nbsp;<\/p>\n<p>&nbsp;<\/p>\n<p>&nbsp;<\/p>\n<p>&nbsp;<\/p>\n<p>&nbsp;<\/p>\n","protected":false},"excerpt":{"rendered":"<p>&nbsp; &lt;&lt; Estamos pagando muy caro la incompetencia de Morena en el gobierno, sentenci\u00f3 el senador panista &gt;&gt;\u00a0 &nbsp; CIUDAD<\/p>\n","protected":false},"author":4,"featured_media":10620,"comment_status":"closed","ping_status":"closed","sticky":false,"template":"","format":"standard","meta":{"colormag_page_container_layout":"default_layout","colormag_page_sidebar_layout":"default_layout","_jetpack_memberships_contains_paid_content":false,"footnotes":"","jetpack_publicize_message":"","jetpack_publicize_feature_enabled":true,"jetpack_social_post_already_shared":false,"jetpack_social_options":{"image_generator_settings":{"template":"highway","default_image_id":0,"font":"","enabled":false},"version":2}},"categories":[30],"tags":[],"class_list":["post-10619","post","type-post","status-publish","format-standard","has-post-thumbnail","hentry","category-estados"],"jetpack_publicize_connections":[],"jetpack_featured_media_url":"https:\/\/i0.wp.com\/politicosaldesnudo.com.mx\/wp-content\/uploads\/2022\/09\/P-JULEN-REMENTERIA1.png?fit=1816%2C1016&ssl=1","jetpack-related-posts":[],"jetpack_sharing_enabled":true,"_links":{"self":[{"href":"https:\/\/politicosaldesnudo.com.mx\/index.php\/wp-json\/wp\/v2\/posts\/10619","targetHints":{"allow":["GET"]}}],"collection":[{"href":"https:\/\/politicosaldesnudo.com.mx\/index.php\/wp-json\/wp\/v2\/posts"}],"about":[{"href":"https:\/\/politicosaldesnudo.com.mx\/index.php\/wp-json\/wp\/v2\/types\/post"}],"author":[{"embeddable":true,"href":"https:\/\/politicosaldesnudo.com.mx\/index.php\/wp-json\/wp\/v2\/users\/4"}],"replies":[{"embeddable":true,"href":"https:\/\/politicosaldesnudo.com.mx\/index.php\/wp-json\/wp\/v2\/comments?post=10619"}],"version-history":[{"count":0,"href":"https:\/\/politicosaldesnudo.com.mx\/index.php\/wp-json\/wp\/v2\/posts\/10619\/revisions"}],"wp:featuredmedia":[{"embeddable":true,"href":"https:\/\/politicosaldesnudo.com.mx\/index.php\/wp-json\/wp\/v2\/media\/10620"}],"wp:attachment":[{"href":"https:\/\/politicosaldesnudo.com.mx\/index.php\/wp-json\/wp\/v2\/media?parent=10619"}],"wp:term":[{"taxonomy":"category","embeddable":true,"href":"https:\/\/politicosaldesnudo.com.mx\/index.php\/wp-json\/wp\/v2\/categories?post=10619"},{"taxonomy":"post_tag","embeddable":true,"href":"https:\/\/politicosaldesnudo.com.mx\/index.php\/wp-json\/wp\/v2\/tags?post=10619"}],"curies":[{"name":"wp","href":"https:\/\/api.w.org\/{rel}","templated":true}]}}