{"id":10624,"date":"2022-09-27T06:53:10","date_gmt":"2022-09-27T11:53:10","guid":{"rendered":"https:\/\/politicosaldesnudo.com.mx\/?p=10624"},"modified":"2022-09-27T06:53:10","modified_gmt":"2022-09-27T11:53:10","slug":"sentido-comun","status":"publish","type":"post","link":"https:\/\/politicosaldesnudo.com.mx\/index.php\/2022\/09\/27\/sentido-comun\/","title":{"rendered":"Sentido com\u00fan"},"content":{"rendered":"<p>&nbsp;<\/p>\n<p class=\"p2\"><span style=\"font-size: 14pt;\"><span style=\"font-size: 18pt;\"><strong>Por Alberto Woolrich Ort\u00edz<\/strong><\/span><\/span><\/p>\n<p class=\"p2\"><span style=\"font-size: 14pt;\">El sentido com\u00fan de la Cuarta Transformaci\u00f3n de la Naci\u00f3n, del que decimos muchos togados que es el menos com\u00fan de los sentidos, es el eje &#8212;o debe serlo&#8212; de todos los actos de buen gobierno. Como no lo es, malo. Porque el buen gobierno como dec\u00eda Arist\u00f3teles: \u201cEs la verdadera garant\u00eda y consiste en vigilar la ejecuci\u00f3n de las leyes y no permitir nunca la m\u00ednima infracci\u00f3n\u201d. Toda peque\u00f1a infracci\u00f3n es insensible, pero estas transgresiones son como los peque\u00f1os gastos que, multiplic\u00e1ndose, llevan a la ruina. Inicialmente no se perciben, pero por tal causa, es indispensable acabar con el mal en su origen.<\/span><\/p>\n<p class=\"p2\"><span style=\"font-size: 14pt;\">En nuestro M\u00e9xico no se encuentra muy claro qui\u00e9n es y qui\u00e9n no es buen gobernante. En principio, es buen gobernante aqu\u00e9l que evite y sancione los actos de corrupci\u00f3n de sus jueces, magistrados, fiscales y\/o garantes de la sociedad, para lo cu\u00e1l es necesario implementar las medidas indispensables para enfrentarse a otro tipo de fen\u00f3menos como podr\u00eda serlo el de la narco-pol\u00edtica. Ello es tener sentido com\u00fan de buen gobierno y nada m\u00e1s. Por eso, esos gobernantes que como pol\u00edticos act\u00faan, s\u00f3lo contribuyen a la confusi\u00f3n, por carecer de ese sentido com\u00fan para gobernar.<span class=\"Apple-converted-space\">\u00a0<\/span><\/span><\/p>\n<p class=\"p2\"><span style=\"font-size: 14pt;\">Confucio en el ayer opin\u00f3 tambi\u00e9n respecto al tema en cuesti\u00f3n: \u201cRectificar\u201d. Para bien gobernar, lo primero que importa es el buen ejemplo que el gobernante debe de dar.<\/span><\/p>\n<p class=\"p2\"><span style=\"font-size: 14pt;\">Seg\u00fan el sentido com\u00fan de aquellos que conformamos el ateneo de estudios jur\u00eddico-penales del Foro de M\u00e9xico, en nuestra Patria, durante la \u00e9poca del neoliberalismo y en \u00e9sta cuarta transformaci\u00f3n, los pol\u00edticos y gobernantes de los diversos partidos no resultan ser profesionales de la pol\u00edtica ni lo fueron nunca, ni lo ser\u00e1n jam\u00e1s. A los partidos pol\u00edticos a los cu\u00e1les pertenecen o pertenecieron, s\u00f3lo acogieron en su seno a quienes no son ni fueron profesionales del arte de la pol\u00edtica, por tanto, integraron algo tan parad\u00f3jico y contradictorio como un grupo de &#8212;pol\u00edticos no eficientes&#8212;. Es decir, algunos mercenarios y delincuentes. Y que conste que me refiero casi a todos. Insistimos, para que no se mal interprete nuestro sentido com\u00fan, nos referimos casi a todos, pues existen honrosas excepciones. Si en el Foro Independiente llamamos pol\u00edticos a esos gobernantes, no podemos quejarnos de la confusi\u00f3n de nuestro sentido com\u00fan.<span class=\"Apple-converted-space\">\u00a0<\/span><\/span><\/p>\n<p class=\"p2\"><span style=\"font-size: 14pt;\">Pero, en fin, hablemos de los pol\u00edticos de verdad. Claro que existen. Si queremos hacernos una idea de lo que son los verdaderos pol\u00edticos, deber\u00edamos empezar por repasar las palabras de J. A. Barbey D\u2019 Aurevilly, asentada en una de sus obras: \u201cNi los que aman la verdad, ni los que aman la justicia pueden ocuparse de la pol\u00edtica, ya que \u00e9sta, a su vez, nada se ocupa de la justicia ni de la verdad\u201d. palabras siempre vivas y enormemente cr\u00edticas.<\/span><\/p>\n<p class=\"p2\"><span style=\"font-size: 14pt;\">En la pol\u00edtica actual y del ayer, nuestro sentido com\u00fan insiste en expresar que en ellas aparecen las promesas incumplidas, el enga\u00f1o, los delitos, la corrupci\u00f3n, la narco-pol\u00edtica, el inter\u00e9s y esa larga lista de etc\u00e9teras que Andr\u00e9s Manuel no quiere o no sabe rectificar.<span class=\"Apple-converted-space\"> \u00a0<\/span>Es cuanto.<\/span><\/p>\n<p>&nbsp;<\/p>\n<p>&nbsp;<\/p>\n<p class=\"p1\"><strong><span style=\"font-size: 18pt;\">Lic. Alberto Woolrich Ort\u00edz<\/span><\/strong><\/p>\n<p class=\"p1\"><strong><span style=\"font-size: 18pt;\">Presidente de la Academia de Derecho Penal<\/span><\/strong><\/p>\n<p class=\"p1\"><strong><span style=\"font-size: 18pt;\">del Colegio de Abogados de M\u00e9xico, A.C.<\/span><\/strong><\/p>\n<p>&nbsp;<\/p>\n<p><span style=\"font-size: 18pt; color: #139eca;\"><em><strong>**Las columnas firmadas en este medio son responsabilidad de quienes las firman**<\/strong><\/em><\/span><\/p>\n<p>&nbsp;<\/p>\n<p>&nbsp;<\/p>\n<p>&nbsp;<\/p>\n<p>&nbsp;<\/p>\n<p>&nbsp;<\/p>\n<p>&nbsp;<\/p>\n<p>&nbsp;<\/p>\n","protected":false},"excerpt":{"rendered":"<p>&nbsp; Por Alberto Woolrich Ort\u00edz El sentido com\u00fan de la Cuarta Transformaci\u00f3n de la Naci\u00f3n, del que decimos muchos togados<\/p>\n","protected":false},"author":4,"featured_media":3845,"comment_status":"closed","ping_status":"closed","sticky":false,"template":"","format":"standard","meta":{"colormag_page_container_layout":"default_layout","colormag_page_sidebar_layout":"default_layout","_jetpack_memberships_contains_paid_content":false,"footnotes":"","jetpack_publicize_message":"","jetpack_publicize_feature_enabled":true,"jetpack_social_post_already_shared":false,"jetpack_social_options":{"image_generator_settings":{"template":"highway","default_image_id":0,"font":"","enabled":false},"version":2}},"categories":[26],"tags":[],"class_list":["post-10624","post","type-post","status-publish","format-standard","has-post-thumbnail","hentry","category-columnistas"],"jetpack_publicize_connections":[],"jetpack_featured_media_url":"https:\/\/i0.wp.com\/politicosaldesnudo.com.mx\/wp-content\/uploads\/2022\/04\/CABEZAL-ALBERTO-WOOD.png?fit=1816%2C1016&ssl=1","jetpack-related-posts":[],"jetpack_sharing_enabled":true,"_links":{"self":[{"href":"https:\/\/politicosaldesnudo.com.mx\/index.php\/wp-json\/wp\/v2\/posts\/10624","targetHints":{"allow":["GET"]}}],"collection":[{"href":"https:\/\/politicosaldesnudo.com.mx\/index.php\/wp-json\/wp\/v2\/posts"}],"about":[{"href":"https:\/\/politicosaldesnudo.com.mx\/index.php\/wp-json\/wp\/v2\/types\/post"}],"author":[{"embeddable":true,"href":"https:\/\/politicosaldesnudo.com.mx\/index.php\/wp-json\/wp\/v2\/users\/4"}],"replies":[{"embeddable":true,"href":"https:\/\/politicosaldesnudo.com.mx\/index.php\/wp-json\/wp\/v2\/comments?post=10624"}],"version-history":[{"count":0,"href":"https:\/\/politicosaldesnudo.com.mx\/index.php\/wp-json\/wp\/v2\/posts\/10624\/revisions"}],"wp:featuredmedia":[{"embeddable":true,"href":"https:\/\/politicosaldesnudo.com.mx\/index.php\/wp-json\/wp\/v2\/media\/3845"}],"wp:attachment":[{"href":"https:\/\/politicosaldesnudo.com.mx\/index.php\/wp-json\/wp\/v2\/media?parent=10624"}],"wp:term":[{"taxonomy":"category","embeddable":true,"href":"https:\/\/politicosaldesnudo.com.mx\/index.php\/wp-json\/wp\/v2\/categories?post=10624"},{"taxonomy":"post_tag","embeddable":true,"href":"https:\/\/politicosaldesnudo.com.mx\/index.php\/wp-json\/wp\/v2\/tags?post=10624"}],"curies":[{"name":"wp","href":"https:\/\/api.w.org\/{rel}","templated":true}]}}