{"id":10711,"date":"2022-09-28T07:40:53","date_gmt":"2022-09-28T12:40:53","guid":{"rendered":"https:\/\/politicosaldesnudo.com.mx\/?p=10711"},"modified":"2022-09-28T07:41:01","modified_gmt":"2022-09-28T12:41:01","slug":"llega-a-tuxpan-el-festival-de-musica-raiz-mexico","status":"publish","type":"post","link":"https:\/\/politicosaldesnudo.com.mx\/index.php\/2022\/09\/28\/llega-a-tuxpan-el-festival-de-musica-raiz-mexico\/","title":{"rendered":"Llega a Tuxpan el Festival de M\u00fasica Ra\u00edz M\u00e9xico"},"content":{"rendered":"<p>&nbsp;<\/p>\n<p class=\"p1\"><span style=\"font-size: 18pt;\"><strong>&lt;&lt; Dos d\u00edas de actividades art\u00edsticas en la Plaza C\u00edvica &gt;&gt;<\/strong><\/span><\/p>\n<p>&nbsp;<\/p>\n<p class=\"p1\"><span style=\"font-size: 14pt;\"><em><strong>TUXPAN, VERACRUZ.<\/strong> <\/em>La Secretar\u00eda de Cultura del Gobierno de M\u00e9xico, el Gobierno del Estado de Veracruz, a trav\u00e9s del Instituto Veracruzano de Cultura (IVEC); la Secretar\u00eda de Turismo y Cultura del Estado de Veracruz, y el Ayuntamiento de Tuxpan, en una suma de esfuerzos traen a nuestro municipio la <strong>primera emisi\u00f3n del <span style=\"color: #139eca;\">Festival de M\u00fasica Ra\u00edz M\u00e9xico.<\/span><\/strong><\/span><\/p>\n<p class=\"p1\"><span style=\"font-size: 18pt;\"><strong>En la plaza c\u00edvica, el<span style=\"color: #139eca;\"> viernes 30 de septiembre a las 18:00 horas<\/span>, se presentar\u00e1n los grupos veracruzanos Percutam D\u00fao, con la propuesta \u201cContempo di Folklore\u201d; y Paquito Cruz Tr\u00edo, con el recital \u201cCielo y Tierra\u201d.<\/strong><\/span><\/p>\n<p class=\"p1\"><span style=\"font-size: 18pt;\"><strong>Mientras que el <span style=\"color: #139eca;\">s\u00e1bado 01 de octubre, a partir de las 19:00 horas<\/span>, participar\u00e1n Greta y Oleg: Dueto de Viol\u00edn y Piano, con el programa \u201cM\u00fasicos legendarios de Veracruz\u201d; y la Xalapa Jazz Orchestra Sexteto, con el musical \u201cLa semilla sembrada, m\u00fasica de compositores veracruzanos\u201d.<span class=\"Apple-converted-space\">\u00a0<\/span><\/strong><\/span><\/p>\n<p class=\"p1\"><span style=\"font-size: 14pt;\">El proyecto Ra\u00edz M\u00e9xico tiene como prop\u00f3sito que la poblaci\u00f3n tenga acceso -de manera gratuita- a contenidos musicales de calidad; adem\u00e1s de generar una mayor visibilidad de las propuestas art\u00edsticas nacionales a nivel estatal y regional, lo que impulsar\u00e1 la reactivaci\u00f3n econ\u00f3mica de quienes se dedican a esta actividad.<\/span><\/p>\n<p class=\"p1\"><span style=\"font-size: 18pt;\"><strong>Se invita a la ciudadan\u00eda a disfrutar de este evento que sin duda dar\u00e1 cuenta de la riqueza art\u00edstica y cultural de nuestro estado.<\/strong><\/span><\/p>\n<p>&nbsp;<\/p>\n<p>&nbsp;<\/p>\n<p>&nbsp;<\/p>\n","protected":false},"excerpt":{"rendered":"<p>&nbsp; &lt;&lt; Dos d\u00edas de actividades art\u00edsticas en la Plaza C\u00edvica &gt;&gt; &nbsp; TUXPAN, VERACRUZ. La Secretar\u00eda de Cultura del<\/p>\n","protected":false},"author":4,"featured_media":10712,"comment_status":"closed","ping_status":"closed","sticky":false,"template":"","format":"standard","meta":{"colormag_page_container_layout":"default_layout","colormag_page_sidebar_layout":"default_layout","_jetpack_memberships_contains_paid_content":false,"footnotes":"","jetpack_publicize_message":"","jetpack_publicize_feature_enabled":true,"jetpack_social_post_already_shared":false,"jetpack_social_options":{"image_generator_settings":{"template":"highway","default_image_id":0,"font":"","enabled":false},"version":2}},"categories":[1082],"tags":[1537,1538,70,100],"class_list":["post-10711","post","type-post","status-publish","format-standard","has-post-thumbnail","hentry","category-tuxpan","tag-festival","tag-musica-raiz-mexico","tag-tuxpan","tag-veracruz"],"jetpack_publicize_connections":[],"jetpack_featured_media_url":"https:\/\/i0.wp.com\/politicosaldesnudo.com.mx\/wp-content\/uploads\/2022\/09\/P-FESTIVAL-RAIZMEXICO-1.png?fit=1816%2C1016&ssl=1","jetpack-related-posts":[],"jetpack_sharing_enabled":true,"_links":{"self":[{"href":"https:\/\/politicosaldesnudo.com.mx\/index.php\/wp-json\/wp\/v2\/posts\/10711","targetHints":{"allow":["GET"]}}],"collection":[{"href":"https:\/\/politicosaldesnudo.com.mx\/index.php\/wp-json\/wp\/v2\/posts"}],"about":[{"href":"https:\/\/politicosaldesnudo.com.mx\/index.php\/wp-json\/wp\/v2\/types\/post"}],"author":[{"embeddable":true,"href":"https:\/\/politicosaldesnudo.com.mx\/index.php\/wp-json\/wp\/v2\/users\/4"}],"replies":[{"embeddable":true,"href":"https:\/\/politicosaldesnudo.com.mx\/index.php\/wp-json\/wp\/v2\/comments?post=10711"}],"version-history":[{"count":0,"href":"https:\/\/politicosaldesnudo.com.mx\/index.php\/wp-json\/wp\/v2\/posts\/10711\/revisions"}],"wp:featuredmedia":[{"embeddable":true,"href":"https:\/\/politicosaldesnudo.com.mx\/index.php\/wp-json\/wp\/v2\/media\/10712"}],"wp:attachment":[{"href":"https:\/\/politicosaldesnudo.com.mx\/index.php\/wp-json\/wp\/v2\/media?parent=10711"}],"wp:term":[{"taxonomy":"category","embeddable":true,"href":"https:\/\/politicosaldesnudo.com.mx\/index.php\/wp-json\/wp\/v2\/categories?post=10711"},{"taxonomy":"post_tag","embeddable":true,"href":"https:\/\/politicosaldesnudo.com.mx\/index.php\/wp-json\/wp\/v2\/tags?post=10711"}],"curies":[{"name":"wp","href":"https:\/\/api.w.org\/{rel}","templated":true}]}}