{"id":10853,"date":"2022-10-01T19:00:04","date_gmt":"2022-10-02T00:00:04","guid":{"rendered":"https:\/\/politicosaldesnudo.com.mx\/?p=10853"},"modified":"2022-10-03T01:21:50","modified_gmt":"2022-10-03T06:21:50","slug":"ivec-y-gobierno-de-tuxpan-firman-contrato-de-comodato-del-museo-de-la-hermandad-mexico-cuba","status":"publish","type":"post","link":"https:\/\/politicosaldesnudo.com.mx\/index.php\/2022\/10\/01\/ivec-y-gobierno-de-tuxpan-firman-contrato-de-comodato-del-museo-de-la-hermandad-mexico-cuba\/","title":{"rendered":"IVEC y Gobierno de Tuxpan firman Contrato de Comodato del Museo de la Hermandad M\u00e9xico-Cuba"},"content":{"rendered":"<p class=\"p2\">\n<p class=\"p2\"><span style=\"font-size: 14pt;\"><em><strong>TUXPAN, VERACRUZ.\u00a0<\/strong><\/em> El <strong>Ayuntamiento de Tuxpan y el Instituto Veracruzano de la Cultura<\/strong> (IVEC) celebraron la firma del <strong>Contrato de Comodato sobre el inmueble que alberga al Museo de la Hermandad M\u00e9xico-Cuba.<\/strong><\/span><\/p>\n<p class=\"p2\"><span style=\"font-size: 14pt;\">En este acto, el Gobierno Municipal estuvo representado por el alcalde Jos\u00e9 Manuel Pozos Castro, y la s\u00edndica \u00fanica\u00a0 Beatriz Pi\u00f1a Vergara; mientras que la representaci\u00f3n del IVEC estuvo a cargo de Silvia Alejandre Prado, directora general de este instituto.<\/span><\/p>\n<p>&nbsp;<\/p>\n<p><img data-recalc-dims=\"1\" loading=\"lazy\" decoding=\"async\" class=\"aligncenter wp-image-10855 size-large\" src=\"https:\/\/i0.wp.com\/politicosaldesnudo.com.mx\/wp-content\/uploads\/2022\/10\/P-IVEC-TUXPAN-MUSEO-HERMANDAD-2-1024x573.png?resize=800%2C448&#038;ssl=1\" alt=\"\" width=\"800\" height=\"448\" srcset=\"https:\/\/i0.wp.com\/politicosaldesnudo.com.mx\/wp-content\/uploads\/2022\/10\/P-IVEC-TUXPAN-MUSEO-HERMANDAD-2.png?resize=1024%2C573&amp;ssl=1 1024w, https:\/\/i0.wp.com\/politicosaldesnudo.com.mx\/wp-content\/uploads\/2022\/10\/P-IVEC-TUXPAN-MUSEO-HERMANDAD-2.png?resize=300%2C168&amp;ssl=1 300w, https:\/\/i0.wp.com\/politicosaldesnudo.com.mx\/wp-content\/uploads\/2022\/10\/P-IVEC-TUXPAN-MUSEO-HERMANDAD-2.png?resize=768%2C430&amp;ssl=1 768w, https:\/\/i0.wp.com\/politicosaldesnudo.com.mx\/wp-content\/uploads\/2022\/10\/P-IVEC-TUXPAN-MUSEO-HERMANDAD-2.png?resize=1536%2C859&amp;ssl=1 1536w, https:\/\/i0.wp.com\/politicosaldesnudo.com.mx\/wp-content\/uploads\/2022\/10\/P-IVEC-TUXPAN-MUSEO-HERMANDAD-2.png?w=1816&amp;ssl=1 1816w, https:\/\/i0.wp.com\/politicosaldesnudo.com.mx\/wp-content\/uploads\/2022\/10\/P-IVEC-TUXPAN-MUSEO-HERMANDAD-2.png?w=1600&amp;ssl=1 1600w\" sizes=\"auto, (max-width: 800px) 100vw, 800px\" \/><\/p>\n<p>&nbsp;<\/p>\n<p class=\"p2\"><span style=\"font-size: 14pt;\">Atestiguaron esta firma los regidores Luis Demetrio L\u00f3pez Mar\u00edn, comisionado en Cultura, y Luciano Folgueras Pioli, comisionado en Turismo; el delegado regional de la SEV en Tuxpan, On\u00e9simo P\u00e9rez Ramos; y Eduardo Andrade Rocha, director de Asuntos Jur\u00eddicos del Ayuntamiento de Tuxpan.<span class=\"Apple-converted-space\">\u00a0<\/span><\/span><\/p>\n<p class=\"p2\"><span style=\"font-size: 18pt;\"><strong>El alcalde Jos\u00e9 Manuel Pozos Castro destac\u00f3 la importancia de este recinto que<span style=\"color: #139eca;\"> \u201csirvi\u00f3 de g\u00e9nesis para uno de los hitos m\u00e1s significativos del siglo XX, como fue la Revoluci\u00f3n Cubana\u201d.<\/span><\/strong><\/span><\/p>\n<p>&nbsp;<\/p>\n<p><img data-recalc-dims=\"1\" loading=\"lazy\" decoding=\"async\" class=\"aligncenter wp-image-10856 size-large\" src=\"https:\/\/i0.wp.com\/politicosaldesnudo.com.mx\/wp-content\/uploads\/2022\/10\/P-IVEC-TUXPAN-MUSEO-HERMANDAD-3-1024x573.png?resize=800%2C448&#038;ssl=1\" alt=\"\" width=\"800\" height=\"448\" srcset=\"https:\/\/i0.wp.com\/politicosaldesnudo.com.mx\/wp-content\/uploads\/2022\/10\/P-IVEC-TUXPAN-MUSEO-HERMANDAD-3.png?resize=1024%2C573&amp;ssl=1 1024w, https:\/\/i0.wp.com\/politicosaldesnudo.com.mx\/wp-content\/uploads\/2022\/10\/P-IVEC-TUXPAN-MUSEO-HERMANDAD-3.png?resize=300%2C168&amp;ssl=1 300w, https:\/\/i0.wp.com\/politicosaldesnudo.com.mx\/wp-content\/uploads\/2022\/10\/P-IVEC-TUXPAN-MUSEO-HERMANDAD-3.png?resize=768%2C430&amp;ssl=1 768w, https:\/\/i0.wp.com\/politicosaldesnudo.com.mx\/wp-content\/uploads\/2022\/10\/P-IVEC-TUXPAN-MUSEO-HERMANDAD-3.png?resize=1536%2C859&amp;ssl=1 1536w, https:\/\/i0.wp.com\/politicosaldesnudo.com.mx\/wp-content\/uploads\/2022\/10\/P-IVEC-TUXPAN-MUSEO-HERMANDAD-3.png?w=1816&amp;ssl=1 1816w, https:\/\/i0.wp.com\/politicosaldesnudo.com.mx\/wp-content\/uploads\/2022\/10\/P-IVEC-TUXPAN-MUSEO-HERMANDAD-3.png?w=1600&amp;ssl=1 1600w\" sizes=\"auto, (max-width: 800px) 100vw, 800px\" \/><\/p>\n<p>&nbsp;<\/p>\n<p class=\"p2\"><span style=\"font-size: 18pt;\"><strong>Celebr\u00f3 el inter\u00e9s que existe por parte del gobernador Cuitl\u00e1huac Garc\u00eda Jim\u00e9nez para desarrollar alianzas impulsen estos grandes proyectos, cuyo objetivo es preservar y difundir la cultura y la historia.<\/strong><\/span><\/p>\n<p>&nbsp;<\/p>\n<blockquote>\n<p class=\"p2\"><span style=\"font-size: 14pt;\">El museo de la hermandad M\u00e9xico-Cuba es un espacio hist\u00f3rico que contribuye a la conformaci\u00f3n de nuestra identidad latinoamericana; es historia, es cultura, es educaci\u00f3n, porque desde aqu\u00ed parti\u00f3 el yate Granma en 1956\u201d<\/span><\/p>\n<\/blockquote>\n<p>&nbsp;<\/p>\n<p class=\"p2\"><span style=\"font-size: 18pt;\"><strong>A\u00f1adi\u00f3 que este museo \u201ces punto de encuentro de quienes pensamos que las injusticias y las desigualdades sociales y econ\u00f3micas en el mundo se pueden erradicar\u201d, expres\u00f3 el mun\u00edcipe.<span class=\"Apple-converted-space\">\u00a0<\/span><\/strong><\/span><\/p>\n<p class=\"p2\"><span style=\"font-size: 14pt;\">Finaliz\u00f3 su mensaje asegurando que Cuba siembre habr\u00e1 de contar con Tuxpan; con el respaldo, respeto y apoyo del pueblo tuxpe\u00f1o. \u201cAmigas y hermanos cubanos, Tuxpan es su casa\u201d.<\/span><\/p>\n<p class=\"p2\"><span style=\"font-size: 18pt;\"><strong>Por su parte, Silvia Alejandre Prado <span style=\"color: #139eca;\">felicit\u00f3 al Gobierno Municipal por el impulso que se le est\u00e1 dando al desarrollo de Tuxpan.<\/span><\/strong><\/span><\/p>\n<p>&nbsp;<\/p>\n<p><img data-recalc-dims=\"1\" loading=\"lazy\" decoding=\"async\" class=\"aligncenter wp-image-10857 size-large\" src=\"https:\/\/i0.wp.com\/politicosaldesnudo.com.mx\/wp-content\/uploads\/2022\/10\/P-IVEC-TUXPAN-MUSEO-HERMANDAD-4-1024x573.png?resize=800%2C448&#038;ssl=1\" alt=\"\" width=\"800\" height=\"448\" srcset=\"https:\/\/i0.wp.com\/politicosaldesnudo.com.mx\/wp-content\/uploads\/2022\/10\/P-IVEC-TUXPAN-MUSEO-HERMANDAD-4.png?resize=1024%2C573&amp;ssl=1 1024w, https:\/\/i0.wp.com\/politicosaldesnudo.com.mx\/wp-content\/uploads\/2022\/10\/P-IVEC-TUXPAN-MUSEO-HERMANDAD-4.png?resize=300%2C168&amp;ssl=1 300w, https:\/\/i0.wp.com\/politicosaldesnudo.com.mx\/wp-content\/uploads\/2022\/10\/P-IVEC-TUXPAN-MUSEO-HERMANDAD-4.png?resize=768%2C430&amp;ssl=1 768w, https:\/\/i0.wp.com\/politicosaldesnudo.com.mx\/wp-content\/uploads\/2022\/10\/P-IVEC-TUXPAN-MUSEO-HERMANDAD-4.png?resize=1536%2C859&amp;ssl=1 1536w, https:\/\/i0.wp.com\/politicosaldesnudo.com.mx\/wp-content\/uploads\/2022\/10\/P-IVEC-TUXPAN-MUSEO-HERMANDAD-4.png?w=1816&amp;ssl=1 1816w, https:\/\/i0.wp.com\/politicosaldesnudo.com.mx\/wp-content\/uploads\/2022\/10\/P-IVEC-TUXPAN-MUSEO-HERMANDAD-4.png?w=1600&amp;ssl=1 1600w\" sizes=\"auto, (max-width: 800px) 100vw, 800px\" \/><\/p>\n<p>&nbsp;<\/p>\n<p class=\"p2\"><span style=\"font-size: 18pt;\"><strong>Destac\u00f3 que este Museo es una muestra de la riqueza del patrimonio de esta regi\u00f3n, y se\u00f1al\u00f3 que al recibir este patrimonio se adquieren derechos, pero tambi\u00e9n obligaciones como cuidarlo y difundirlo.<\/strong><\/span><\/p>\n<p class=\"p2\"><span style=\"font-size: 18pt;\"><strong>Detall\u00f3 que actualmente se est\u00e1 trabajando en la rehabilitaci\u00f3n y renovaci\u00f3n del gui\u00f3n museogr\u00e1fico; y que el museo a petici\u00f3n del alcalde de Tuxpan, ahora ser\u00e1 denominado <span style=\"color: #139eca;\">\u201cMuseo de la Hermandad\u201d<\/span>, que es lo que nos une con el pueblo cubano, ya que tenemos en com\u00fan el esp\u00edritu de lucha.<span class=\"Apple-converted-space\">\u00a0<\/span><\/strong><\/span><\/p>\n<p class=\"p2\"><span style=\"font-size: 14pt;\">Por \u00faltimo, invit\u00f3 a la ciudadan\u00eda a visitar este museo una vez que sea reabierto.<span class=\"Apple-converted-space\">\u00a0<\/span><\/span><\/p>\n<p class=\"p2\"><span style=\"font-size: 14pt;\">En este evento se cont\u00f3 con la participaci\u00f3n del Ballet Municipal Xochiqu\u00e9tzal.<\/span><\/p>\n<p>&nbsp;<\/p>\n<p>&nbsp;<\/p>\n<p>&nbsp;<\/p>\n<p>&nbsp;<\/p>\n","protected":false},"excerpt":{"rendered":"<p>TUXPAN, VERACRUZ.\u00a0 El Ayuntamiento de Tuxpan y el Instituto Veracruzano de la Cultura (IVEC) celebraron la firma del Contrato de<\/p>\n","protected":false},"author":4,"featured_media":10854,"comment_status":"closed","ping_status":"closed","sticky":false,"template":"","format":"standard","meta":{"colormag_page_container_layout":"default_layout","colormag_page_sidebar_layout":"default_layout","_jetpack_memberships_contains_paid_content":false,"footnotes":"","jetpack_publicize_message":"","jetpack_publicize_feature_enabled":true,"jetpack_social_post_already_shared":false,"jetpack_social_options":{"image_generator_settings":{"template":"highway","default_image_id":0,"font":"","enabled":false},"version":2}},"categories":[1082],"tags":[1557,576,1559,1558,1560,70,100],"class_list":["post-10853","post","type-post","status-publish","format-standard","has-post-thumbnail","hentry","category-tuxpan","tag-ivec","tag-jose-manuel-pozos","tag-mexico-cuba","tag-museo-de-la-hermandad","tag-silvia-alejandre-prado","tag-tuxpan","tag-veracruz"],"jetpack_publicize_connections":[],"jetpack_featured_media_url":"https:\/\/i0.wp.com\/politicosaldesnudo.com.mx\/wp-content\/uploads\/2022\/10\/P-IVEC-TUXPAN-MUSEO-HERMANDAD-1.png?fit=1816%2C1016&ssl=1","jetpack-related-posts":[],"jetpack_sharing_enabled":true,"_links":{"self":[{"href":"https:\/\/politicosaldesnudo.com.mx\/index.php\/wp-json\/wp\/v2\/posts\/10853","targetHints":{"allow":["GET"]}}],"collection":[{"href":"https:\/\/politicosaldesnudo.com.mx\/index.php\/wp-json\/wp\/v2\/posts"}],"about":[{"href":"https:\/\/politicosaldesnudo.com.mx\/index.php\/wp-json\/wp\/v2\/types\/post"}],"author":[{"embeddable":true,"href":"https:\/\/politicosaldesnudo.com.mx\/index.php\/wp-json\/wp\/v2\/users\/4"}],"replies":[{"embeddable":true,"href":"https:\/\/politicosaldesnudo.com.mx\/index.php\/wp-json\/wp\/v2\/comments?post=10853"}],"version-history":[{"count":0,"href":"https:\/\/politicosaldesnudo.com.mx\/index.php\/wp-json\/wp\/v2\/posts\/10853\/revisions"}],"wp:featuredmedia":[{"embeddable":true,"href":"https:\/\/politicosaldesnudo.com.mx\/index.php\/wp-json\/wp\/v2\/media\/10854"}],"wp:attachment":[{"href":"https:\/\/politicosaldesnudo.com.mx\/index.php\/wp-json\/wp\/v2\/media?parent=10853"}],"wp:term":[{"taxonomy":"category","embeddable":true,"href":"https:\/\/politicosaldesnudo.com.mx\/index.php\/wp-json\/wp\/v2\/categories?post=10853"},{"taxonomy":"post_tag","embeddable":true,"href":"https:\/\/politicosaldesnudo.com.mx\/index.php\/wp-json\/wp\/v2\/tags?post=10853"}],"curies":[{"name":"wp","href":"https:\/\/api.w.org\/{rel}","templated":true}]}}