{"id":10866,"date":"2022-10-02T01:31:05","date_gmt":"2022-10-02T06:31:05","guid":{"rendered":"https:\/\/politicosaldesnudo.com.mx\/?p=10866"},"modified":"2022-10-03T01:31:18","modified_gmt":"2022-10-03T06:31:18","slug":"con-gran-exito-concluye-el-festival-de-musica-raiz-de-mexico","status":"publish","type":"post","link":"https:\/\/politicosaldesnudo.com.mx\/index.php\/2022\/10\/02\/con-gran-exito-concluye-el-festival-de-musica-raiz-de-mexico\/","title":{"rendered":"Con gran \u00e9xito concluye el Festival de M\u00fasica Ra\u00edz de M\u00e9xico"},"content":{"rendered":"<p class=\"p2\"><span style=\"font-size: 14pt;\"><em><strong>TUXPAN, VERACRUZ.<\/strong><\/em> Con la presentaci\u00f3n de las <strong>agrupaciones veracruzanas Greta y Oleg: Dueto de Viol\u00edn y Piano, y Xalapa Jazz Orchestra Sexteto<\/strong>, finaliz\u00f3 en nuestro municipio el Festival de M\u00fasica Ra\u00edz M\u00e9xico, regi\u00f3n sur.<\/span><\/p>\n<p class=\"p2\"><span style=\"font-size: 18pt;\"><strong>Con broche de oro cerraron los dos d\u00edas de actividades que se desarrollaron en la explanada municipal y fueron deleite de un gran n\u00famero de familias tuxpe\u00f1as.<\/strong><\/span><\/p>\n<p>&nbsp;<\/p>\n<p><img data-recalc-dims=\"1\" loading=\"lazy\" decoding=\"async\" class=\"aligncenter wp-image-10860 size-large\" src=\"https:\/\/i0.wp.com\/politicosaldesnudo.com.mx\/wp-content\/uploads\/2022\/10\/P-FESTIVAL-FINAL-3-1024x573.png?resize=800%2C448&#038;ssl=1\" alt=\"\" width=\"800\" height=\"448\" srcset=\"https:\/\/i0.wp.com\/politicosaldesnudo.com.mx\/wp-content\/uploads\/2022\/10\/P-FESTIVAL-FINAL-3.png?resize=1024%2C573&amp;ssl=1 1024w, https:\/\/i0.wp.com\/politicosaldesnudo.com.mx\/wp-content\/uploads\/2022\/10\/P-FESTIVAL-FINAL-3.png?resize=300%2C168&amp;ssl=1 300w, https:\/\/i0.wp.com\/politicosaldesnudo.com.mx\/wp-content\/uploads\/2022\/10\/P-FESTIVAL-FINAL-3.png?resize=768%2C430&amp;ssl=1 768w, https:\/\/i0.wp.com\/politicosaldesnudo.com.mx\/wp-content\/uploads\/2022\/10\/P-FESTIVAL-FINAL-3.png?resize=1536%2C859&amp;ssl=1 1536w, https:\/\/i0.wp.com\/politicosaldesnudo.com.mx\/wp-content\/uploads\/2022\/10\/P-FESTIVAL-FINAL-3.png?w=1816&amp;ssl=1 1816w, https:\/\/i0.wp.com\/politicosaldesnudo.com.mx\/wp-content\/uploads\/2022\/10\/P-FESTIVAL-FINAL-3.png?w=1600&amp;ssl=1 1600w\" sizes=\"auto, (max-width: 800px) 100vw, 800px\" \/><\/p>\n<p>&nbsp;<\/p>\n<p class=\"p2\"><span style=\"font-size: 18pt;\"><strong>Greta y Oleg: Dueto de Viol\u00edn y Piano interpretaron m\u00fasica folcl\u00f3rica y popular de M\u00e9xico y Am\u00e9rica Latina de grandes compositores; mientras que Xalapa Jazz Orchestra Sexteto interpret\u00f3 un variado repertorio, desde lo cl\u00e1sico hasta lo moderno.<span class=\"Apple-converted-space\">\u00a0<\/span><\/strong><\/span><\/p>\n<p>&nbsp;<\/p>\n<p><img data-recalc-dims=\"1\" loading=\"lazy\" decoding=\"async\" class=\"aligncenter wp-image-10863 size-large\" src=\"https:\/\/i0.wp.com\/politicosaldesnudo.com.mx\/wp-content\/uploads\/2022\/10\/P-FESTIVAL-FINAL-6-1024x573.png?resize=800%2C448&#038;ssl=1\" alt=\"\" width=\"800\" height=\"448\" srcset=\"https:\/\/i0.wp.com\/politicosaldesnudo.com.mx\/wp-content\/uploads\/2022\/10\/P-FESTIVAL-FINAL-6.png?resize=1024%2C573&amp;ssl=1 1024w, https:\/\/i0.wp.com\/politicosaldesnudo.com.mx\/wp-content\/uploads\/2022\/10\/P-FESTIVAL-FINAL-6.png?resize=300%2C168&amp;ssl=1 300w, https:\/\/i0.wp.com\/politicosaldesnudo.com.mx\/wp-content\/uploads\/2022\/10\/P-FESTIVAL-FINAL-6.png?resize=768%2C430&amp;ssl=1 768w, https:\/\/i0.wp.com\/politicosaldesnudo.com.mx\/wp-content\/uploads\/2022\/10\/P-FESTIVAL-FINAL-6.png?resize=1536%2C859&amp;ssl=1 1536w, https:\/\/i0.wp.com\/politicosaldesnudo.com.mx\/wp-content\/uploads\/2022\/10\/P-FESTIVAL-FINAL-6.png?w=1816&amp;ssl=1 1816w, https:\/\/i0.wp.com\/politicosaldesnudo.com.mx\/wp-content\/uploads\/2022\/10\/P-FESTIVAL-FINAL-6.png?w=1600&amp;ssl=1 1600w\" sizes=\"auto, (max-width: 800px) 100vw, 800px\" \/><\/p>\n<p>&nbsp;<\/p>\n<p class=\"p2\"><span style=\"font-size: 18pt;\"><strong>El Festival de m\u00fasica Ra\u00edz M\u00e9xico se ha convertido en una plataforma en la que los artistas nacionales pueden exponer diferentes g\u00e9neros musicales, as\u00ed como obras teatrales.<\/strong><\/span><\/p>\n<p class=\"p2\"><span style=\"font-size: 14pt;\">Para la realizaci\u00f3n de este evento coadyubaron la Secretar\u00eda de Cultura del Gobierno de M\u00e9xico, el Gobierno de Veracruz -a trav\u00e9s del Instituto Veracruzano de la Cultura-, y el Gobierno Municipal, creando una estrategia para acercar la cultura y el arte a la poblaci\u00f3n.<span class=\"Apple-converted-space\">\u00a0<\/span><\/span><\/p>\n<p class=\"p2\"><span style=\"font-size: 18pt;\"><strong>La participaci\u00f3n de los tres niveles de Gobierno, pero principalmente de la sociedad, fueron fundamentales para que este festival se consolidara, logrando impulsar valores y abonando a la reconstrucci\u00f3n del tejido social.<\/strong><\/span><\/p>\n<p>&nbsp;<\/p>\n<p><img data-recalc-dims=\"1\" loading=\"lazy\" decoding=\"async\" class=\"aligncenter wp-image-10862 size-large\" src=\"https:\/\/i0.wp.com\/politicosaldesnudo.com.mx\/wp-content\/uploads\/2022\/10\/P-FESTIVAL-FINAL-5-1024x573.png?resize=800%2C448&#038;ssl=1\" alt=\"\" width=\"800\" height=\"448\" srcset=\"https:\/\/i0.wp.com\/politicosaldesnudo.com.mx\/wp-content\/uploads\/2022\/10\/P-FESTIVAL-FINAL-5.png?resize=1024%2C573&amp;ssl=1 1024w, https:\/\/i0.wp.com\/politicosaldesnudo.com.mx\/wp-content\/uploads\/2022\/10\/P-FESTIVAL-FINAL-5.png?resize=300%2C168&amp;ssl=1 300w, https:\/\/i0.wp.com\/politicosaldesnudo.com.mx\/wp-content\/uploads\/2022\/10\/P-FESTIVAL-FINAL-5.png?resize=768%2C430&amp;ssl=1 768w, https:\/\/i0.wp.com\/politicosaldesnudo.com.mx\/wp-content\/uploads\/2022\/10\/P-FESTIVAL-FINAL-5.png?resize=1536%2C859&amp;ssl=1 1536w, https:\/\/i0.wp.com\/politicosaldesnudo.com.mx\/wp-content\/uploads\/2022\/10\/P-FESTIVAL-FINAL-5.png?w=1816&amp;ssl=1 1816w, https:\/\/i0.wp.com\/politicosaldesnudo.com.mx\/wp-content\/uploads\/2022\/10\/P-FESTIVAL-FINAL-5.png?w=1600&amp;ssl=1 1600w\" sizes=\"auto, (max-width: 800px) 100vw, 800px\" \/><\/p>\n<p>&nbsp;<\/p>\n<p class=\"p2\"><span style=\"font-size: 18pt;\"><strong>En el evento estuvieron presentes el alcalde Jos\u00e9 Manuel Pozos Castro, acompa\u00f1ado por su esposa Pamela Morales de Pozos, presidenta del DIF Tuxpan; Silvia Alejandre Prado, directora general del Instituto Veracruzano de la Cultura, y la s\u00edndica \u00fanica Beatriz Pi\u00f1a Vergara.<span class=\"Apple-converted-space\">\u00a0<\/span><\/strong><\/span><\/p>\n<p class=\"p2\"><span style=\"font-size: 14pt;\">El capit\u00e1n segundo de Infanter\u00eda Jes\u00fas Eduardo Soberanes Hern\u00e1ndez, en representaci\u00f3n del Gral. Brigadier DEM Fernando Antonio Solares Lammel, comandante de la 19\u00aa. Zona Militar; el Capit\u00e1n de Fragata Cuerpo General David Oswaldo Silva Dehesa, jefe de la secci\u00f3n segunda de la 5\u00aa Zona Naval, en representaci\u00f3n del contralmirante Cuerpo Gral. DEM Juan Carlos Vera Salinas, comandante de la 5\u00aa Zona Naval.<\/span><\/p>\n<p>&nbsp;<\/p>\n<p><img data-recalc-dims=\"1\" loading=\"lazy\" decoding=\"async\" class=\"aligncenter wp-image-10861 size-large\" src=\"https:\/\/i0.wp.com\/politicosaldesnudo.com.mx\/wp-content\/uploads\/2022\/10\/P-FESTIVAL-FINAL-4-1024x573.png?resize=800%2C448&#038;ssl=1\" alt=\"\" width=\"800\" height=\"448\" srcset=\"https:\/\/i0.wp.com\/politicosaldesnudo.com.mx\/wp-content\/uploads\/2022\/10\/P-FESTIVAL-FINAL-4.png?resize=1024%2C573&amp;ssl=1 1024w, https:\/\/i0.wp.com\/politicosaldesnudo.com.mx\/wp-content\/uploads\/2022\/10\/P-FESTIVAL-FINAL-4.png?resize=300%2C168&amp;ssl=1 300w, https:\/\/i0.wp.com\/politicosaldesnudo.com.mx\/wp-content\/uploads\/2022\/10\/P-FESTIVAL-FINAL-4.png?resize=768%2C430&amp;ssl=1 768w, https:\/\/i0.wp.com\/politicosaldesnudo.com.mx\/wp-content\/uploads\/2022\/10\/P-FESTIVAL-FINAL-4.png?resize=1536%2C859&amp;ssl=1 1536w, https:\/\/i0.wp.com\/politicosaldesnudo.com.mx\/wp-content\/uploads\/2022\/10\/P-FESTIVAL-FINAL-4.png?w=1816&amp;ssl=1 1816w, https:\/\/i0.wp.com\/politicosaldesnudo.com.mx\/wp-content\/uploads\/2022\/10\/P-FESTIVAL-FINAL-4.png?w=1600&amp;ssl=1 1600w\" sizes=\"auto, (max-width: 800px) 100vw, 800px\" \/><\/p>\n<p>&nbsp;<\/p>\n<p class=\"p2\"><span style=\"font-size: 14pt;\">Asimismo el guardia Paul Gonz\u00e1lez Dom\u00ednguez, en representaci\u00f3n del Segundo Subinspector Armando Dur\u00e1n Navarrete, titular de la Estaci\u00f3n Tuxpan de la Guardia Nacional de Carreteras; y directores y coordinadores de las diferentes \u00e1reas del Ayuntamiento presenciaron este gran concierto.<\/span><\/p>\n<p>&nbsp;<\/p>\n<p>&nbsp;<\/p>\n<p>&nbsp;<\/p>\n<p>&nbsp;<\/p>\n<p>&nbsp;<\/p>\n<p>&nbsp;<\/p>\n","protected":false},"excerpt":{"rendered":"<p>TUXPAN, VERACRUZ. Con la presentaci\u00f3n de las agrupaciones veracruzanas Greta y Oleg: Dueto de Viol\u00edn y Piano, y Xalapa Jazz<\/p>\n","protected":false},"author":4,"featured_media":10858,"comment_status":"closed","ping_status":"closed","sticky":false,"template":"","format":"standard","meta":{"colormag_page_container_layout":"default_layout","colormag_page_sidebar_layout":"default_layout","_jetpack_memberships_contains_paid_content":false,"footnotes":"","jetpack_publicize_message":"","jetpack_publicize_feature_enabled":true,"jetpack_social_post_already_shared":false,"jetpack_social_options":{"image_generator_settings":{"template":"highway","default_image_id":0,"font":"","enabled":false},"version":2}},"categories":[1082],"tags":[1553,1561,576,70,100,1562],"class_list":["post-10866","post","type-post","status-publish","format-standard","has-post-thumbnail","hentry","category-tuxpan","tag-festival-raiz-mexico","tag-greta-y-oleg","tag-jose-manuel-pozos","tag-tuxpan","tag-veracruz","tag-xalapa-jazz-orchestra-sexteto"],"jetpack_publicize_connections":[],"jetpack_featured_media_url":"https:\/\/i0.wp.com\/politicosaldesnudo.com.mx\/wp-content\/uploads\/2022\/10\/P-FESTIVAL-FINAL-1.png?fit=1816%2C1016&ssl=1","jetpack-related-posts":[],"jetpack_sharing_enabled":true,"_links":{"self":[{"href":"https:\/\/politicosaldesnudo.com.mx\/index.php\/wp-json\/wp\/v2\/posts\/10866","targetHints":{"allow":["GET"]}}],"collection":[{"href":"https:\/\/politicosaldesnudo.com.mx\/index.php\/wp-json\/wp\/v2\/posts"}],"about":[{"href":"https:\/\/politicosaldesnudo.com.mx\/index.php\/wp-json\/wp\/v2\/types\/post"}],"author":[{"embeddable":true,"href":"https:\/\/politicosaldesnudo.com.mx\/index.php\/wp-json\/wp\/v2\/users\/4"}],"replies":[{"embeddable":true,"href":"https:\/\/politicosaldesnudo.com.mx\/index.php\/wp-json\/wp\/v2\/comments?post=10866"}],"version-history":[{"count":0,"href":"https:\/\/politicosaldesnudo.com.mx\/index.php\/wp-json\/wp\/v2\/posts\/10866\/revisions"}],"wp:featuredmedia":[{"embeddable":true,"href":"https:\/\/politicosaldesnudo.com.mx\/index.php\/wp-json\/wp\/v2\/media\/10858"}],"wp:attachment":[{"href":"https:\/\/politicosaldesnudo.com.mx\/index.php\/wp-json\/wp\/v2\/media?parent=10866"}],"wp:term":[{"taxonomy":"category","embeddable":true,"href":"https:\/\/politicosaldesnudo.com.mx\/index.php\/wp-json\/wp\/v2\/categories?post=10866"},{"taxonomy":"post_tag","embeddable":true,"href":"https:\/\/politicosaldesnudo.com.mx\/index.php\/wp-json\/wp\/v2\/tags?post=10866"}],"curies":[{"name":"wp","href":"https:\/\/api.w.org\/{rel}","templated":true}]}}