{"id":1096,"date":"2021-12-27T23:11:56","date_gmt":"2021-12-28T05:11:56","guid":{"rendered":"https:\/\/politicosaldesnudo.com.mx\/?p=1096"},"modified":"2023-03-24T20:15:40","modified_gmt":"2023-03-25T02:15:40","slug":"en-enero-santiago-nieto-se-incorpora-al-gobierno-de-nayarit","status":"publish","type":"post","link":"https:\/\/politicosaldesnudo.com.mx\/index.php\/2021\/12\/27\/en-enero-santiago-nieto-se-incorpora-al-gobierno-de-nayarit\/","title":{"rendered":"En enero, Santiago Nieto se incorpora al gobierno de Nayarit"},"content":{"rendered":"<p class=\"p1\"><strong>TEPIC.\u00a0Por su experiencia en transparencia de la administraci\u00f3n p\u00fablica<\/strong>, el ex titular de la Unidad de Inteligencia Financiera, <strong>Santiago Nieto Castillo, se unir\u00e1 al equipo del gobierno de Nayarit en enero.<span class=\"Apple-converted-space\">\u00a0<\/span><\/strong><\/p>\n<p class=\"p1\"><strong>Fue el gobernador del estado, Miguel \u00c1ngel Navarro Quintero, quien inform\u00f3 de la incorporaci\u00f3n de ex funcionario de la UIF.<span class=\"Apple-converted-space\">\u00a0<\/span><\/strong><\/p>\n<blockquote>\n<p class=\"p1\">Vamos a tener la asesor\u00eda de \u00e9l y de un grupo de abogados, estuve con \u00e9l planteando algunas cosas que para m\u00ed son muy necesarias: reordenar las instituciones p\u00fablicas, manejar los recursos, sus transparencias y vinculaci\u00f3n a trav\u00e9s de los \u00f3rganos de inteligencia que \u00e9l conoce muy bien\u201d<\/p>\n<\/blockquote>\n<p class=\"p1\">Y es que cabe destacar que el gobernador ha dejo en claro se\u00f1alar que su administraci\u00f3n ser\u00e1 <strong>marcada por la transparencia en el manejo de los recursos econ\u00f3micos<\/strong> porque todo el dinero que se reciba, ser\u00e1 aplicado para el fin al que haya sido destinado.<\/p>\n<p class=\"p1\">Recordemos que<strong> bancariz\u00f3 todos los pagos que se hacen en la Secretar\u00eda de Movilidad<\/strong>, impidiendo as\u00ed que haya un desv\u00edo econ\u00f3mico al recibirse dinero en efectivo por tr\u00e1mites de licencias, placas, infracciones y otros tr\u00e1mites m\u00e1s.<span class=\"Apple-converted-space\">\u00a0<\/span><\/p>\n<p class=\"p1\"><strong>Es decir, ahora el usuario, o paga con tarjeta bancaria ya sea de cr\u00e9dito o d\u00e9bito, o bien, se le extiende una hoja con todos los datos respectivos para que acuda a pagar antes alguna tienda de conveniencia o banco.<\/strong><\/p>\n<p class=\"p1\">As\u00ed el mandatario estatal dio a conocer que en general, se pas\u00f3 de<strong> recaudar un mill\u00f3n de pesos diarios a tres o un poco m\u00e1s<\/strong>, ya que las fugas econ\u00f3micas no existen m\u00e1s.<\/p>\n<blockquote>\n<p class=\"p1\">Frente al compromiso de Navarro Quintero el ex titular de la UIF, Nieto Castillo, ser\u00e1 quien est\u00e9 asesorando directamente al gobierno de Nayarit, para que sus finanzas sean transparentes<\/p>\n<\/blockquote>\n","protected":false},"excerpt":{"rendered":"<p>TEPIC.\u00a0Por su experiencia en transparencia de la administraci\u00f3n p\u00fablica, el ex titular de la Unidad de Inteligencia Financiera, Santiago Nieto<\/p>\n","protected":false},"author":1,"featured_media":1097,"comment_status":"closed","ping_status":"closed","sticky":false,"template":"","format":"standard","meta":{"colormag_page_container_layout":"default_layout","colormag_page_sidebar_layout":"default_layout","_jetpack_memberships_contains_paid_content":false,"footnotes":"","jetpack_publicize_message":"","jetpack_publicize_feature_enabled":true,"jetpack_social_post_already_shared":false,"jetpack_social_options":{"image_generator_settings":{"template":"highway","default_image_id":0,"font":"","enabled":false},"version":2}},"categories":[30],"tags":[189,188,187,190],"class_list":["post-1096","post","type-post","status-publish","format-standard","has-post-thumbnail","hentry","category-estados","tag-miguel-angel-navarro-quintero","tag-nayarit","tag-santiago-nieto","tag-transparencia"],"jetpack_publicize_connections":[],"jetpack_featured_media_url":"https:\/\/i0.wp.com\/politicosaldesnudo.com.mx\/wp-content\/uploads\/2021\/12\/SANTIAGO2.png?fit=1816%2C1016&ssl=1","jetpack-related-posts":[],"jetpack_sharing_enabled":true,"_links":{"self":[{"href":"https:\/\/politicosaldesnudo.com.mx\/index.php\/wp-json\/wp\/v2\/posts\/1096","targetHints":{"allow":["GET"]}}],"collection":[{"href":"https:\/\/politicosaldesnudo.com.mx\/index.php\/wp-json\/wp\/v2\/posts"}],"about":[{"href":"https:\/\/politicosaldesnudo.com.mx\/index.php\/wp-json\/wp\/v2\/types\/post"}],"author":[{"embeddable":true,"href":"https:\/\/politicosaldesnudo.com.mx\/index.php\/wp-json\/wp\/v2\/users\/1"}],"replies":[{"embeddable":true,"href":"https:\/\/politicosaldesnudo.com.mx\/index.php\/wp-json\/wp\/v2\/comments?post=1096"}],"version-history":[{"count":0,"href":"https:\/\/politicosaldesnudo.com.mx\/index.php\/wp-json\/wp\/v2\/posts\/1096\/revisions"}],"wp:featuredmedia":[{"embeddable":true,"href":"https:\/\/politicosaldesnudo.com.mx\/index.php\/wp-json\/wp\/v2\/media\/1097"}],"wp:attachment":[{"href":"https:\/\/politicosaldesnudo.com.mx\/index.php\/wp-json\/wp\/v2\/media?parent=1096"}],"wp:term":[{"taxonomy":"category","embeddable":true,"href":"https:\/\/politicosaldesnudo.com.mx\/index.php\/wp-json\/wp\/v2\/categories?post=1096"},{"taxonomy":"post_tag","embeddable":true,"href":"https:\/\/politicosaldesnudo.com.mx\/index.php\/wp-json\/wp\/v2\/tags?post=1096"}],"curies":[{"name":"wp","href":"https:\/\/api.w.org\/{rel}","templated":true}]}}