{"id":10982,"date":"2022-10-05T07:01:30","date_gmt":"2022-10-05T12:01:30","guid":{"rendered":"https:\/\/politicosaldesnudo.com.mx\/?p=10982"},"modified":"2022-10-05T07:04:20","modified_gmt":"2022-10-05T12:04:20","slug":"militares-a-volar","status":"publish","type":"post","link":"https:\/\/politicosaldesnudo.com.mx\/index.php\/2022\/10\/05\/militares-a-volar\/","title":{"rendered":"Militares a volar"},"content":{"rendered":"<p>&nbsp;<\/p>\n<p class=\"p1\"><span style=\"font-size: 18pt;\"><b>Por \u00c1ngel \u00c1lvaro Pe\u00f1a<\/b><\/span><\/p>\n<p class=\"p1\"><span style=\"font-size: 14pt;\">La instituci\u00f3n m\u00e1s respetada y con mayor credibilidad, ahora es centro de las cr\u00edticas de la oposici\u00f3n. Todav\u00eda no entienden algunos pol\u00edticos, dentro y fuera de nuestras fronteras, que un Ej\u00e9rcito de paz, puede realizar tareas sociales que redunden en beneficio social, que esa deber\u00eda ser la funci\u00f3n de todo Ej\u00e9rcito en el mundo. Sin embargo, hay guerra y exterminio.<\/span><\/p>\n<p class=\"p1\"><span style=\"font-size: 18pt;\"><strong>Para ciertos grupos de personas los soldados deben matar, mantenerse en guerra contra cualquiera. Menosprecian la actividad de auxilios de las Fuerzas Armadas, pero ponderan sus acciones violentas durante<span style=\"color: #139eca;\"> la guerra contra el narcotr\u00e1fico ocurrida en el sexenio de Felipe Calder\u00f3n, donde hubo m\u00e1s civiles muertos que delincuentes.<\/span><\/strong><\/span><\/p>\n<p>&nbsp;<\/p>\n<p><img data-recalc-dims=\"1\" loading=\"lazy\" decoding=\"async\" class=\"aligncenter wp-image-10983 size-large\" src=\"https:\/\/i0.wp.com\/politicosaldesnudo.com.mx\/wp-content\/uploads\/2022\/10\/P-FELIPE-CALDERON-1024x573.png?resize=800%2C448&#038;ssl=1\" alt=\"\" width=\"800\" height=\"448\" srcset=\"https:\/\/i0.wp.com\/politicosaldesnudo.com.mx\/wp-content\/uploads\/2022\/10\/P-FELIPE-CALDERON.png?resize=1024%2C573&amp;ssl=1 1024w, https:\/\/i0.wp.com\/politicosaldesnudo.com.mx\/wp-content\/uploads\/2022\/10\/P-FELIPE-CALDERON.png?resize=300%2C168&amp;ssl=1 300w, https:\/\/i0.wp.com\/politicosaldesnudo.com.mx\/wp-content\/uploads\/2022\/10\/P-FELIPE-CALDERON.png?resize=768%2C430&amp;ssl=1 768w, https:\/\/i0.wp.com\/politicosaldesnudo.com.mx\/wp-content\/uploads\/2022\/10\/P-FELIPE-CALDERON.png?resize=1536%2C859&amp;ssl=1 1536w, https:\/\/i0.wp.com\/politicosaldesnudo.com.mx\/wp-content\/uploads\/2022\/10\/P-FELIPE-CALDERON.png?w=1816&amp;ssl=1 1816w, https:\/\/i0.wp.com\/politicosaldesnudo.com.mx\/wp-content\/uploads\/2022\/10\/P-FELIPE-CALDERON.png?w=1600&amp;ssl=1 1600w\" sizes=\"auto, (max-width: 800px) 100vw, 800px\" \/><\/p>\n<p>&nbsp;<\/p>\n<p class=\"p1\"><span style=\"font-size: 18pt;\"><strong><span style=\"color: #139eca;\">En el sexenio de Calder\u00f3n hubo 2,805 enfrentamientos con grupos delincuencias, es decir m\u00e1s de un enfrentamiento diariamente en promedio, que arroja un total de 121,883 muertes<\/span>. En todos estos casos el Ej\u00e9rcito estuvo involucrado, porque s\u00f3lo eran tomados en cuenta como carne de ca\u00f1\u00f3n para prop\u00f3sitos violentos, como si s\u00f3lo fueran fieras de ataque, sin respeto a su dignidad ni a sus derechos.<\/strong><\/span><\/p>\n<p class=\"p1\"><span style=\"font-size: 14pt;\">En ese momento por complicidad o convicci\u00f3n los panistas callaron y prefirieron centrar su atenci\u00f3n en otros temas y obsesiones. Ahora que los militares tienen tareas m\u00e1s dignas, m\u00e1s solidarias, donde se toma en cuenta su inteligencia, su experiencia, su sentido humanista, la oposici\u00f3n se viene encima, Es l\u00f3gico que para los conservadores los cambios o deben suceder ni dentro ni fuera de la administraci\u00f3n p\u00fablica, por eso son conservadores, no entienden que todo cambia y que el ej\u00e9rcito de calder\u00f3n no es el mimos que el actual y que debe tomarse como una instituci\u00f3n que complementa y enriquece las actividades de la administraci\u00f3n p\u00fablica.<\/span><\/p>\n<p class=\"p1\"><span style=\"font-size: 18pt; color: #139eca;\"><strong>Pero pareciera para la oposici\u00f3n que soldado que no tiene manchadas las manos de sangre no es soldado de verdad.<\/strong><\/span><\/p>\n<p class=\"p1\"><span style=\"font-size: 14pt;\">Las tareas de ingenier\u00eda civil, a\u00e9rea, militar utilizadas en el Aeropuerto Internacional Felipe \u00c1ngeles mostraron que puede hacerse una administraci\u00f3n p\u00fablica m\u00e1s eficaz, sin las comisiones a empresas constructoras, ni el sobrepago a constructoras que luego regresaban el moche a los funcionarios p\u00fablicos. Esto representa un ahorra importante.<\/span><\/p>\n<p class=\"p1\"><span style=\"font-size: 14pt;\">Esto no quiere decir que la corrupci\u00f3n se haya erradicado en M\u00e9xico, todav\u00eda hay mucho por hacer, pero basta y sobra saber que los castigos a los militares por il\u00edcitos en su trabajo son m\u00e1s severos que contra los civiles, con el objetivo de que disminuya esta actividad ilegal que debe erradicarse, y ocupar a los soldados en las obras p\u00fablicas en un avance.<\/span><\/p>\n<p class=\"p1\"><span style=\"font-size: 18pt;\"><strong>Las cr\u00edticas que se volcaron contra el aeropuerto de Santa Luc\u00eda ahora callan ante casi 50 mil pasajeros transportados en ese puerto a\u00e9reo. A pesar de que fue estrenado el 21 de marzo de este a\u00f1o.<\/strong><\/span><\/p>\n<p>&nbsp;<\/p>\n<p><img data-recalc-dims=\"1\" loading=\"lazy\" decoding=\"async\" class=\"aligncenter wp-image-10984 size-large\" src=\"https:\/\/i0.wp.com\/politicosaldesnudo.com.mx\/wp-content\/uploads\/2022\/10\/P-AMLO-1024x573.png?resize=800%2C448&#038;ssl=1\" alt=\"\" width=\"800\" height=\"448\" srcset=\"https:\/\/i0.wp.com\/politicosaldesnudo.com.mx\/wp-content\/uploads\/2022\/10\/P-AMLO.png?resize=1024%2C573&amp;ssl=1 1024w, https:\/\/i0.wp.com\/politicosaldesnudo.com.mx\/wp-content\/uploads\/2022\/10\/P-AMLO.png?resize=300%2C168&amp;ssl=1 300w, https:\/\/i0.wp.com\/politicosaldesnudo.com.mx\/wp-content\/uploads\/2022\/10\/P-AMLO.png?resize=768%2C430&amp;ssl=1 768w, https:\/\/i0.wp.com\/politicosaldesnudo.com.mx\/wp-content\/uploads\/2022\/10\/P-AMLO.png?resize=1536%2C859&amp;ssl=1 1536w, https:\/\/i0.wp.com\/politicosaldesnudo.com.mx\/wp-content\/uploads\/2022\/10\/P-AMLO.png?w=1816&amp;ssl=1 1816w, https:\/\/i0.wp.com\/politicosaldesnudo.com.mx\/wp-content\/uploads\/2022\/10\/P-AMLO.png?w=1600&amp;ssl=1 1600w\" sizes=\"auto, (max-width: 800px) 100vw, 800px\" \/><\/p>\n<p>&nbsp;<\/p>\n<p class=\"p1\"><span style=\"font-size: 18pt; color: #139eca;\"><strong>Adem\u00e1s, previo anuncio de una supuesta infiltraci\u00f3n en el sistema de c\u00f3mputo del Ej\u00e9rcito, el Presidente inform\u00f3\u00a0que el Ej\u00e9rcito Mexicano trabaja en la creaci\u00f3n de una nueva aerol\u00ednea que operar\u00e1 a trav\u00e9s de su empresa Olmeca-Maya-Mexica.<\/strong><\/span><\/p>\n<p class=\"p1\"><span style=\"font-size: 18pt;\"><strong>Confirm\u00f3 tambi\u00e9n la filtraci\u00f3n que hizo el grupo Guacamaya Leaks tras hackear a la Sedena, lo cual implica que la austeridad no siempre es buena consejera de la seguridad nacional, porque debieron blindar mejor los asuntos que se ventilaron en esa intervenci\u00f3n.<\/strong><\/span><\/p>\n<p class=\"p1\"><span style=\"font-size: 14pt;\">La aerol\u00ednea del Estado se sumar\u00eda a las privadas Aerom\u00e9xico, Volaris, VivaAerobus y Aeromar, operar\u00eda en un inicio con 10 aviones alquilados, detall\u00f3 L\u00f3pez Obrador, toda operaci\u00f3n realizada por militares<\/span><\/p>\n<p class=\"p1\"><span style=\"font-size: 14pt;\">El mandatario revel\u00f3 que la compa\u00f1\u00eda estatal podr\u00eda utilizar el avi\u00f3n presidencial, un Boeing 787 adquirido por casi 219 millones de d\u00f3lares en los gobiernos anteriores que \u00e9l ha intentado vender desde que asumi\u00f3 la Presidencia en diciembre de 2018 con el argumento que es demasiado lujoso.<\/span><\/p>\n<p class=\"p1\"><span style=\"font-size: 18pt;\"><strong>L\u00f3pez Obrador se\u00f1al\u00f3 que buscar\u00e1 que la nueva aerol\u00ednea se llame Mexicana, que era la m\u00e1s antigua del pa\u00eds desde 1921 y contaba con participaci\u00f3n del Estado, pero se declar\u00f3 en concurso mercantil en 2010 en un controversial proceso que a\u00fan no se resuelve y mantiene a sus ex trabajadores en lucha.<\/strong><\/span><\/p>\n<p class=\"p1\"><span style=\"font-size: 14pt;\">Los soldados mexicanos, sin importar rango, realizan en casa obra que realizan un momento solemne, que debe difundirse, como es el hecho de que antes de empezar a trabajar, cada ma\u00f1ana, entonan el himno nacional mexicano, lo cual contagia de patriotismo a los trabajadores que no son militares y evocan las gestas heroicas y exaltan la historia nacional.<\/span><\/p>\n<p class=\"p1\"><span style=\"font-size: 14pt;\">Ver trabajar a los soldados en obras de infraestructura es un verdadero homenaje al pa\u00eds, a sus hombres y mujeres que nacieron y pisaron esta tierra. Son hombres dedicados a la transformaci\u00f3n y laborando en esos cambios, ellos mismos se transforman.<\/span><\/p>\n<p>&nbsp;<\/p>\n<p class=\"p1\"><span style=\"font-size: 18pt; color: #139eca;\"><b>PEGA Y CORRE<\/b><\/span><\/p>\n<p class=\"p1\"><span style=\"font-size: 14pt;\">La Junta Local de Conciliaci\u00f3n y Arbitraje de la CDMX est\u00e1 metida en un l\u00edo, despu\u00e9s de despedir a m\u00e1s de 50 empleados, ahora dice que no puede trabajar con un rezago de m\u00e1s de 500 casos que estaban retrasados. As\u00ed, el \u00f3rgano de impartir justicia aboral, despide injustificadamente a sus trabajadores. Vaya ejemplo.<\/span><\/p>\n<p>&nbsp;<\/p>\n<p>&nbsp;<\/p>\n<p>&nbsp;<\/p>\n<p class=\"p1\"><span style=\"font-size: 18pt;\"><strong>Esta columna se publica los lunes, mi\u00e9rcoles y viernes<\/strong><\/span><\/p>\n<p>&nbsp;<\/p>\n<p><span style=\"font-size: 18pt; color: #319eca;\"><em><strong>**Las columnas firmadas en este medio son responsabilidad de quienes las firman**<\/strong><\/em><\/span><\/p>\n<p>&nbsp;<\/p>\n<p>&nbsp;<\/p>\n<p>&nbsp;<\/p>\n<p>&nbsp;<\/p>\n<p>&nbsp;<\/p>\n<p>&nbsp;<\/p>\n<p>&nbsp;<\/p>\n","protected":false},"excerpt":{"rendered":"<p>&nbsp; Por \u00c1ngel \u00c1lvaro Pe\u00f1a La instituci\u00f3n m\u00e1s respetada y con mayor credibilidad, ahora es centro de las cr\u00edticas de<\/p>\n","protected":false},"author":4,"featured_media":3775,"comment_status":"closed","ping_status":"closed","sticky":false,"template":"","format":"standard","meta":{"colormag_page_container_layout":"default_layout","colormag_page_sidebar_layout":"default_layout","_jetpack_memberships_contains_paid_content":false,"footnotes":"","jetpack_publicize_message":"","jetpack_publicize_feature_enabled":true,"jetpack_social_post_already_shared":false,"jetpack_social_options":{"image_generator_settings":{"template":"highway","default_image_id":0,"font":"","enabled":false},"version":2}},"categories":[26],"tags":[252,95,742,1141],"class_list":["post-10982","post","type-post","status-publish","format-standard","has-post-thumbnail","hentry","category-columnistas","tag-aeropuerto","tag-andres-manuel-lopez-obrador","tag-ejercito","tag-felipe-calderon"],"jetpack_publicize_connections":[],"jetpack_featured_media_url":"https:\/\/i0.wp.com\/politicosaldesnudo.com.mx\/wp-content\/uploads\/2022\/04\/A%CC%81NGEL-A%CC%81LVARO-PEN%CC%83A1.png?fit=1816%2C1016&ssl=1","jetpack-related-posts":[],"jetpack_sharing_enabled":true,"_links":{"self":[{"href":"https:\/\/politicosaldesnudo.com.mx\/index.php\/wp-json\/wp\/v2\/posts\/10982","targetHints":{"allow":["GET"]}}],"collection":[{"href":"https:\/\/politicosaldesnudo.com.mx\/index.php\/wp-json\/wp\/v2\/posts"}],"about":[{"href":"https:\/\/politicosaldesnudo.com.mx\/index.php\/wp-json\/wp\/v2\/types\/post"}],"author":[{"embeddable":true,"href":"https:\/\/politicosaldesnudo.com.mx\/index.php\/wp-json\/wp\/v2\/users\/4"}],"replies":[{"embeddable":true,"href":"https:\/\/politicosaldesnudo.com.mx\/index.php\/wp-json\/wp\/v2\/comments?post=10982"}],"version-history":[{"count":0,"href":"https:\/\/politicosaldesnudo.com.mx\/index.php\/wp-json\/wp\/v2\/posts\/10982\/revisions"}],"wp:featuredmedia":[{"embeddable":true,"href":"https:\/\/politicosaldesnudo.com.mx\/index.php\/wp-json\/wp\/v2\/media\/3775"}],"wp:attachment":[{"href":"https:\/\/politicosaldesnudo.com.mx\/index.php\/wp-json\/wp\/v2\/media?parent=10982"}],"wp:term":[{"taxonomy":"category","embeddable":true,"href":"https:\/\/politicosaldesnudo.com.mx\/index.php\/wp-json\/wp\/v2\/categories?post=10982"},{"taxonomy":"post_tag","embeddable":true,"href":"https:\/\/politicosaldesnudo.com.mx\/index.php\/wp-json\/wp\/v2\/tags?post=10982"}],"curies":[{"name":"wp","href":"https:\/\/api.w.org\/{rel}","templated":true}]}}