{"id":11011,"date":"2022-10-05T09:32:50","date_gmt":"2022-10-05T14:32:50","guid":{"rendered":"https:\/\/politicosaldesnudo.com.mx\/?p=11011"},"modified":"2022-10-05T09:36:25","modified_gmt":"2022-10-05T14:36:25","slug":"termina-huelga-de-mineros-de-fertinal-ramirez-bedolla-y-gomez-urrutia-firman-acuerdo","status":"publish","type":"post","link":"https:\/\/politicosaldesnudo.com.mx\/index.php\/2022\/10\/05\/termina-huelga-de-mineros-de-fertinal-ramirez-bedolla-y-gomez-urrutia-firman-acuerdo\/","title":{"rendered":"Termina huelga de mineros de Fertinal, Ram\u00edrez Bedolla y G\u00f3mez Urrutia firman acuerdo"},"content":{"rendered":"<p>&nbsp;<\/p>\n<p class=\"p1\"><span style=\"font-size: 14pt;\"><em><strong>MICHOAC\u00c1N.<\/strong> <\/em><strong>El gobernador Alfredo Ram\u00edrez Bedolla<\/strong> firm\u00f3 con el <strong>senador Napole\u00f3n G\u00f3mez Urrutia<\/strong>, secretario general del Sindicato Nacional de Trabajadores Mineros, Metal\u00fargicos, Sider\u00fargicos y Similares de La Rep\u00fablica Mexicana, un <strong>acuerdo que pone fin a la huelga de la Secci\u00f3n 274 en la planta Fertinal<\/strong> de L\u00e1zaro C\u00e1rdenas.<\/span><\/p>\n<p class=\"p1\"><span style=\"font-size: 18pt;\"><strong>En asamblea general extraordinaria, los casi 700 trabajadores mineros adscritos al gremio que encabeza a nivel nacional el senador Napole\u00f3n G\u00f3mez Urrutia dieron el visto bueno a la propuesta econ\u00f3mica por m\u00e1s de 40 millones de pesos, la cual cubre salarios devengados y utilidades.<\/strong><\/span><\/p>\n<p class=\"p1\"><span style=\"font-size: 18pt; color: #139eca;\"><strong>Por ende, las labores en la planta propiedad de Pemex se reanudar\u00e1n este mi\u00e9rcoles, desde temprana hora.<\/strong><\/span><\/p>\n<p>&nbsp;<\/p>\n<p><img data-recalc-dims=\"1\" loading=\"lazy\" decoding=\"async\" class=\"aligncenter wp-image-11013 size-large\" src=\"https:\/\/i0.wp.com\/politicosaldesnudo.com.mx\/wp-content\/uploads\/2022\/10\/P-HUELGA-FERTINAL-2-1024x573.png?resize=800%2C448&#038;ssl=1\" alt=\"\" width=\"800\" height=\"448\" srcset=\"https:\/\/i0.wp.com\/politicosaldesnudo.com.mx\/wp-content\/uploads\/2022\/10\/P-HUELGA-FERTINAL-2.png?resize=1024%2C573&amp;ssl=1 1024w, https:\/\/i0.wp.com\/politicosaldesnudo.com.mx\/wp-content\/uploads\/2022\/10\/P-HUELGA-FERTINAL-2.png?resize=300%2C168&amp;ssl=1 300w, https:\/\/i0.wp.com\/politicosaldesnudo.com.mx\/wp-content\/uploads\/2022\/10\/P-HUELGA-FERTINAL-2.png?resize=768%2C430&amp;ssl=1 768w, https:\/\/i0.wp.com\/politicosaldesnudo.com.mx\/wp-content\/uploads\/2022\/10\/P-HUELGA-FERTINAL-2.png?resize=1536%2C859&amp;ssl=1 1536w, https:\/\/i0.wp.com\/politicosaldesnudo.com.mx\/wp-content\/uploads\/2022\/10\/P-HUELGA-FERTINAL-2.png?w=1816&amp;ssl=1 1816w\" sizes=\"auto, (max-width: 800px) 100vw, 800px\" \/><\/p>\n<p>&nbsp;<\/p>\n<p class=\"p1\"><span style=\"font-size: 14pt;\">A diferencia de cuando estall\u00f3 la huelga, la propuesta dividi\u00f3 a la secci\u00f3n minera, ya que no se aprob\u00f3 con unanimidad, sino por mayor\u00eda de votos y en medio de cuestionamientos hacia el Comit\u00e9 Ejecutivo Local y Comisi\u00f3n Revisora, pues no se cumplieron con las expectativas planteadas seg\u00fan revelaron algunos mineros de la planta Fertinal.<\/span><\/p>\n<p class=\"p1\"><span style=\"font-size: 18pt;\"><strong>Durante su conferencia, la presidenta municipal de L\u00e1zaro C\u00e1rdenas, Itz\u00e9 Camacho, comparti\u00f3 la noticia del ofrecimiento, adem\u00e1s de revelar detalles de la reuni\u00f3n que sostuvieron en la ciudad de Morelia con representantes mineros de la planta Fertinal y el propio gobernador Alfredo Ram\u00edrez Bedolla.<\/strong><\/span><\/p>\n<p>&nbsp;<\/p>\n<p><img data-recalc-dims=\"1\" loading=\"lazy\" decoding=\"async\" class=\"aligncenter wp-image-11014 size-large\" src=\"https:\/\/i0.wp.com\/politicosaldesnudo.com.mx\/wp-content\/uploads\/2022\/10\/P-HUELGA-FERTINAL-3-1024x573.png?resize=800%2C448&#038;ssl=1\" alt=\"\" width=\"800\" height=\"448\" srcset=\"https:\/\/i0.wp.com\/politicosaldesnudo.com.mx\/wp-content\/uploads\/2022\/10\/P-HUELGA-FERTINAL-3.png?resize=1024%2C573&amp;ssl=1 1024w, https:\/\/i0.wp.com\/politicosaldesnudo.com.mx\/wp-content\/uploads\/2022\/10\/P-HUELGA-FERTINAL-3.png?resize=300%2C168&amp;ssl=1 300w, https:\/\/i0.wp.com\/politicosaldesnudo.com.mx\/wp-content\/uploads\/2022\/10\/P-HUELGA-FERTINAL-3.png?resize=768%2C430&amp;ssl=1 768w, https:\/\/i0.wp.com\/politicosaldesnudo.com.mx\/wp-content\/uploads\/2022\/10\/P-HUELGA-FERTINAL-3.png?resize=1536%2C859&amp;ssl=1 1536w, https:\/\/i0.wp.com\/politicosaldesnudo.com.mx\/wp-content\/uploads\/2022\/10\/P-HUELGA-FERTINAL-3.png?w=1816&amp;ssl=1 1816w\" sizes=\"auto, (max-width: 800px) 100vw, 800px\" \/><\/p>\n<p>&nbsp;<\/p>\n<p>&nbsp;<\/p>\n<blockquote>\n<p class=\"p1\"><span style=\"font-size: 14pt;\">El gobernador, como economista, sabe que por un problema de este tipo laboral se puede parar una inversi\u00f3n que ha venido a anunciar el presidente; un problema de cuarenta y tantos millones para solucionar este problema puede detener millones de d\u00f3lares de inversi\u00f3n\u201d, indic\u00f3 Itz\u00e9 Camacho.<\/span><\/p>\n<\/blockquote>\n<p>&nbsp;<\/p>\n<p class=\"p1\"><span style=\"font-size: 18pt;\"><strong>En aquella charla, el mandatario estatal puso sobre la mesa un ofrecimiento econ\u00f3mico quefue llevado en asamblea a la secci\u00f3n 274, mientras que ese mismo d\u00eda se reuni\u00f3 con el secretario de Gobernaci\u00f3n, Ad\u00e1n Augusto L\u00f3pez Hern\u00e1ndez, y el l\u00edder minero G\u00f3mez Urrutia.<\/strong><\/span><\/p>\n<p>&nbsp;<\/p>\n<blockquote>\n<p class=\"p1\"><span style=\"font-size: 14pt;\">Quiero comentarles que hubo una propuesta ah\u00ed con ellos, con el gobernador; el d\u00eda de hoy tuvieron una asamblea los compa\u00f1eros de la (secci\u00f3n) 274 y d\u00e9jenme decirles y mandarles un saludo y les agradezco que la oferta que les hizo el gobernador aceptarla y trabajar de la mano con \u00e9l\u201d, agreg\u00f3 la edil de L\u00e1zaro C\u00e1rdenas.<\/span><\/p>\n<\/blockquote>\n<p>&nbsp;<\/p>\n<p>&nbsp;<\/p>\n<p>&nbsp;<\/p>\n","protected":false},"excerpt":{"rendered":"<p>&nbsp; MICHOAC\u00c1N. El gobernador Alfredo Ram\u00edrez Bedolla firm\u00f3 con el senador Napole\u00f3n G\u00f3mez Urrutia, secretario general del Sindicato Nacional de [&hellip;]<\/p>\n","protected":false},"author":4,"featured_media":11012,"comment_status":"closed","ping_status":"closed","sticky":false,"template":"","format":"standard","meta":{"site-sidebar-layout":"default","site-content-layout":"","ast-site-content-layout":"default","site-content-style":"default","site-sidebar-style":"default","ast-global-header-display":"","ast-banner-title-visibility":"","ast-main-header-display":"","ast-hfb-above-header-display":"","ast-hfb-below-header-display":"","ast-hfb-mobile-header-display":"","site-post-title":"","ast-breadcrumbs-content":"","ast-featured-img":"","footer-sml-layout":"","ast-disable-related-posts":"","theme-transparent-header-meta":"","adv-header-id-meta":"","stick-header-meta":"","header-above-stick-meta":"","header-main-stick-meta":"","header-below-stick-meta":"","astra-migrate-meta-layouts":"default","ast-page-background-enabled":"default","ast-page-background-meta":{"desktop":{"background-color":"var(--ast-global-color-5)","background-image":"","background-repeat":"repeat","background-position":"center center","background-size":"auto","background-attachment":"scroll","background-type":"","background-media":"","overlay-type":"","overlay-color":"","overlay-opacity":"","overlay-gradient":""},"tablet":{"background-color":"","background-image":"","background-repeat":"repeat","background-position":"center center","background-size":"auto","background-attachment":"scroll","background-type":"","background-media":"","overlay-type":"","overlay-color":"","overlay-opacity":"","overlay-gradient":""},"mobile":{"background-color":"","background-image":"","background-repeat":"repeat","background-position":"center center","background-size":"auto","background-attachment":"scroll","background-type":"","background-media":"","overlay-type":"","overlay-color":"","overlay-opacity":"","overlay-gradient":""}},"ast-content-background-meta":{"desktop":{"background-color":"var(--ast-global-color-4)","background-image":"","background-repeat":"repeat","background-position":"center center","background-size":"auto","background-attachment":"scroll","background-type":"","background-media":"","overlay-type":"","overlay-color":"","overlay-opacity":"","overlay-gradient":""},"tablet":{"background-color":"var(--ast-global-color-4)","background-image":"","background-repeat":"repeat","background-position":"center center","background-size":"auto","background-attachment":"scroll","background-type":"","background-media":"","overlay-type":"","overlay-color":"","overlay-opacity":"","overlay-gradient":""},"mobile":{"background-color":"var(--ast-global-color-4)","background-image":"","background-repeat":"repeat","background-position":"center center","background-size":"auto","background-attachment":"scroll","background-type":"","background-media":"","overlay-type":"","overlay-color":"","overlay-opacity":"","overlay-gradient":""}},"_jetpack_newsletter_access":"","_jetpack_dont_email_post_to_subs":false,"_jetpack_newsletter_tier_id":0,"_jetpack_memberships_contains_paywalled_content":false,"_jetpack_feature_clip_id":0,"_jetpack_memberships_contains_paid_content":false,"footnotes":"","jetpack_publicize_message":"","jetpack_publicize_feature_enabled":true,"jetpack_social_post_already_shared":false,"jetpack_social_options":{"image_generator_settings":{"template":"highway","default_image_id":0,"font":"","enabled":false},"version":2},"jetpack_post_was_ever_published":false},"categories":[30],"tags":[1062,1459,109,1580,122,1579],"class_list":["post-11011","post","type-post","status-publish","format-standard","has-post-thumbnail","hentry","category-estados","tag-alfredo-ramirez-bedolla","tag-huelga","tag-michoacan","tag-napoleon-gomez-urrutia","tag-pemex","tag-planta-fertinal"],"yoast_head":"<!-- This site is optimized with the Yoast SEO plugin v28.3 - https:\/\/yoast.com\/product\/yoast-seo-wordpress\/ -->\n<title>Termina huelga de mineros de Fertinal, Ram\u00edrez Bedolla y G\u00f3mez Urrutia firman acuerdo - Pol\u00edticos al Desnudo<\/title>\n<meta name=\"robots\" content=\"index, follow, max-snippet:-1, max-image-preview:large, max-video-preview:-1\" \/>\n<link rel=\"canonical\" href=\"https:\/\/politicosaldesnudo.com.mx\/index.php\/2022\/10\/05\/termina-huelga-de-mineros-de-fertinal-ramirez-bedolla-y-gomez-urrutia-firman-acuerdo\/\" \/>\n<meta property=\"og:locale\" content=\"es_ES\" \/>\n<meta property=\"og:type\" content=\"article\" \/>\n<meta property=\"og:title\" content=\"Termina huelga de mineros de Fertinal, Ram\u00edrez Bedolla y G\u00f3mez Urrutia firman acuerdo - Pol\u00edticos al Desnudo\" \/>\n<meta property=\"og:description\" content=\"&nbsp; MICHOAC\u00c1N. El gobernador Alfredo Ram\u00edrez Bedolla firm\u00f3 con el senador Napole\u00f3n G\u00f3mez Urrutia, secretario general del Sindicato Nacional de [&hellip;]\" \/>\n<meta property=\"og:url\" content=\"https:\/\/politicosaldesnudo.com.mx\/index.php\/2022\/10\/05\/termina-huelga-de-mineros-de-fertinal-ramirez-bedolla-y-gomez-urrutia-firman-acuerdo\/\" \/>\n<meta property=\"og:site_name\" content=\"Pol\u00edticos al Desnudo\" \/>\n<meta property=\"article:publisher\" content=\"https:\/\/www.facebook.com\/PoliticosAD\" \/>\n<meta property=\"article:published_time\" content=\"2022-10-05T14:32:50+00:00\" \/>\n<meta property=\"article:modified_time\" content=\"2022-10-05T14:36:25+00:00\" \/>\n<meta property=\"og:image\" content=\"https:\/\/i0.wp.com\/politicosaldesnudo.com.mx\/wp-content\/uploads\/2022\/10\/P-HUELGA-FERTINAL-1.png?fit=1816%2C1016&ssl=1\" \/>\n\t<meta property=\"og:image:width\" content=\"1816\" \/>\n\t<meta property=\"og:image:height\" content=\"1016\" \/>\n\t<meta property=\"og:image:type\" content=\"image\/png\" \/>\n<meta name=\"author\" content=\"Redacci\u00f3n Pol\u00edticos\" \/>\n<meta name=\"twitter:card\" content=\"summary_large_image\" \/>\n<meta name=\"twitter:label1\" content=\"Escrito por\" \/>\n\t<meta name=\"twitter:data1\" content=\"Redacci\u00f3n Pol\u00edticos\" \/>\n\t<meta name=\"twitter:label2\" content=\"Tiempo de lectura\" \/>\n\t<meta name=\"twitter:data2\" content=\"2 minutos\" \/>\n<script type=\"application\/ld+json\" class=\"yoast-schema-graph\">{\"@context\":\"https:\\\/\\\/schema.org\",\"@graph\":[{\"@type\":\"Article\",\"@id\":\"https:\\\/\\\/politicosaldesnudo.com.mx\\\/index.php\\\/2022\\\/10\\\/05\\\/termina-huelga-de-mineros-de-fertinal-ramirez-bedolla-y-gomez-urrutia-firman-acuerdo\\\/#article\",\"isPartOf\":{\"@id\":\"https:\\\/\\\/politicosaldesnudo.com.mx\\\/index.php\\\/2022\\\/10\\\/05\\\/termina-huelga-de-mineros-de-fertinal-ramirez-bedolla-y-gomez-urrutia-firman-acuerdo\\\/\"},\"author\":{\"name\":\"Redacci\u00f3n Pol\u00edticos\",\"@id\":\"https:\\\/\\\/politicosaldesnudo.com.mx\\\/#\\\/schema\\\/person\\\/ef3a64e561cc3f3f5dc52fab81adde7e\"},\"headline\":\"Termina huelga de mineros de Fertinal, Ram\u00edrez Bedolla y G\u00f3mez Urrutia firman acuerdo\",\"datePublished\":\"2022-10-05T14:32:50+00:00\",\"dateModified\":\"2022-10-05T14:36:25+00:00\",\"mainEntityOfPage\":{\"@id\":\"https:\\\/\\\/politicosaldesnudo.com.mx\\\/index.php\\\/2022\\\/10\\\/05\\\/termina-huelga-de-mineros-de-fertinal-ramirez-bedolla-y-gomez-urrutia-firman-acuerdo\\\/\"},\"wordCount\":418,\"publisher\":{\"@id\":\"https:\\\/\\\/politicosaldesnudo.com.mx\\\/#organization\"},\"image\":{\"@id\":\"https:\\\/\\\/politicosaldesnudo.com.mx\\\/index.php\\\/2022\\\/10\\\/05\\\/termina-huelga-de-mineros-de-fertinal-ramirez-bedolla-y-gomez-urrutia-firman-acuerdo\\\/#primaryimage\"},\"thumbnailUrl\":\"https:\\\/\\\/i0.wp.com\\\/politicosaldesnudo.com.mx\\\/wp-content\\\/uploads\\\/2022\\\/10\\\/P-HUELGA-FERTINAL-1.png?fit=1816%2C1016&ssl=1\",\"keywords\":[\"ALFREDO RAM\u00cdREZ BEDOLLA\",\"HUELGA\",\"MICHOAC\u00c1N\",\"NAPOLEON GOMEZ URRUTIA\",\"PEMEX\",\"PLANTA FERTINAL\"],\"articleSection\":[\"ESTADOS\"],\"inLanguage\":\"es\"},{\"@type\":\"WebPage\",\"@id\":\"https:\\\/\\\/politicosaldesnudo.com.mx\\\/index.php\\\/2022\\\/10\\\/05\\\/termina-huelga-de-mineros-de-fertinal-ramirez-bedolla-y-gomez-urrutia-firman-acuerdo\\\/\",\"url\":\"https:\\\/\\\/politicosaldesnudo.com.mx\\\/index.php\\\/2022\\\/10\\\/05\\\/termina-huelga-de-mineros-de-fertinal-ramirez-bedolla-y-gomez-urrutia-firman-acuerdo\\\/\",\"name\":\"Termina huelga de mineros de Fertinal, Ram\u00edrez Bedolla y G\u00f3mez Urrutia firman acuerdo - Pol\u00edticos al Desnudo\",\"isPartOf\":{\"@id\":\"https:\\\/\\\/politicosaldesnudo.com.mx\\\/#website\"},\"primaryImageOfPage\":{\"@id\":\"https:\\\/\\\/politicosaldesnudo.com.mx\\\/index.php\\\/2022\\\/10\\\/05\\\/termina-huelga-de-mineros-de-fertinal-ramirez-bedolla-y-gomez-urrutia-firman-acuerdo\\\/#primaryimage\"},\"image\":{\"@id\":\"https:\\\/\\\/politicosaldesnudo.com.mx\\\/index.php\\\/2022\\\/10\\\/05\\\/termina-huelga-de-mineros-de-fertinal-ramirez-bedolla-y-gomez-urrutia-firman-acuerdo\\\/#primaryimage\"},\"thumbnailUrl\":\"https:\\\/\\\/i0.wp.com\\\/politicosaldesnudo.com.mx\\\/wp-content\\\/uploads\\\/2022\\\/10\\\/P-HUELGA-FERTINAL-1.png?fit=1816%2C1016&ssl=1\",\"datePublished\":\"2022-10-05T14:32:50+00:00\",\"dateModified\":\"2022-10-05T14:36:25+00:00\",\"breadcrumb\":{\"@id\":\"https:\\\/\\\/politicosaldesnudo.com.mx\\\/index.php\\\/2022\\\/10\\\/05\\\/termina-huelga-de-mineros-de-fertinal-ramirez-bedolla-y-gomez-urrutia-firman-acuerdo\\\/#breadcrumb\"},\"inLanguage\":\"es\",\"potentialAction\":[{\"@type\":\"ReadAction\",\"target\":[\"https:\\\/\\\/politicosaldesnudo.com.mx\\\/index.php\\\/2022\\\/10\\\/05\\\/termina-huelga-de-mineros-de-fertinal-ramirez-bedolla-y-gomez-urrutia-firman-acuerdo\\\/\"]}]},{\"@type\":\"ImageObject\",\"inLanguage\":\"es\",\"@id\":\"https:\\\/\\\/politicosaldesnudo.com.mx\\\/index.php\\\/2022\\\/10\\\/05\\\/termina-huelga-de-mineros-de-fertinal-ramirez-bedolla-y-gomez-urrutia-firman-acuerdo\\\/#primaryimage\",\"url\":\"https:\\\/\\\/i0.wp.com\\\/politicosaldesnudo.com.mx\\\/wp-content\\\/uploads\\\/2022\\\/10\\\/P-HUELGA-FERTINAL-1.png?fit=1816%2C1016&ssl=1\",\"contentUrl\":\"https:\\\/\\\/i0.wp.com\\\/politicosaldesnudo.com.mx\\\/wp-content\\\/uploads\\\/2022\\\/10\\\/P-HUELGA-FERTINAL-1.png?fit=1816%2C1016&ssl=1\",\"width\":1816,\"height\":1016},{\"@type\":\"BreadcrumbList\",\"@id\":\"https:\\\/\\\/politicosaldesnudo.com.mx\\\/index.php\\\/2022\\\/10\\\/05\\\/termina-huelga-de-mineros-de-fertinal-ramirez-bedolla-y-gomez-urrutia-firman-acuerdo\\\/#breadcrumb\",\"itemListElement\":[{\"@type\":\"ListItem\",\"position\":1,\"name\":\"Portada\",\"item\":\"https:\\\/\\\/politicosaldesnudo.com.mx\\\/\"},{\"@type\":\"ListItem\",\"position\":2,\"name\":\"Termina huelga de mineros de Fertinal, Ram\u00edrez Bedolla y G\u00f3mez Urrutia firman acuerdo\"}]},{\"@type\":\"WebSite\",\"@id\":\"https:\\\/\\\/politicosaldesnudo.com.mx\\\/#website\",\"url\":\"https:\\\/\\\/politicosaldesnudo.com.mx\\\/\",\"name\":\"Pol\u00edticos al Desnudo\",\"description\":\"\",\"publisher\":{\"@id\":\"https:\\\/\\\/politicosaldesnudo.com.mx\\\/#organization\"},\"potentialAction\":[{\"@type\":\"SearchAction\",\"target\":{\"@type\":\"EntryPoint\",\"urlTemplate\":\"https:\\\/\\\/politicosaldesnudo.com.mx\\\/?s={search_term_string}\"},\"query-input\":{\"@type\":\"PropertyValueSpecification\",\"valueRequired\":true,\"valueName\":\"search_term_string\"}}],\"inLanguage\":\"es\"},{\"@type\":\"Organization\",\"@id\":\"https:\\\/\\\/politicosaldesnudo.com.mx\\\/#organization\",\"name\":\"Pol\u00edticos al Desnudo\",\"url\":\"https:\\\/\\\/politicosaldesnudo.com.mx\\\/\",\"logo\":{\"@type\":\"ImageObject\",\"inLanguage\":\"es\",\"@id\":\"https:\\\/\\\/politicosaldesnudo.com.mx\\\/#\\\/schema\\\/logo\\\/image\\\/\",\"url\":\"https:\\\/\\\/i0.wp.com\\\/politicosaldesnudo.com.mx\\\/wp-content\\\/uploads\\\/2026\\\/08\\\/cropped-logo.webp?fit=400%2C126&ssl=1\",\"contentUrl\":\"https:\\\/\\\/i0.wp.com\\\/politicosaldesnudo.com.mx\\\/wp-content\\\/uploads\\\/2026\\\/08\\\/cropped-logo.webp?fit=400%2C126&ssl=1\",\"width\":400,\"height\":126,\"caption\":\"Pol\u00edticos al Desnudo\"},\"image\":{\"@id\":\"https:\\\/\\\/politicosaldesnudo.com.mx\\\/#\\\/schema\\\/logo\\\/image\\\/\"},\"sameAs\":[\"https:\\\/\\\/www.facebook.com\\\/PoliticosAD\"]},{\"@type\":\"Person\",\"@id\":\"https:\\\/\\\/politicosaldesnudo.com.mx\\\/#\\\/schema\\\/person\\\/ef3a64e561cc3f3f5dc52fab81adde7e\",\"name\":\"Redacci\u00f3n Pol\u00edticos\",\"url\":\"https:\\\/\\\/politicosaldesnudo.com.mx\\\/index.php\\\/author\\\/redaccion-politicos\\\/\"}]}<\/script>\n<!-- \/ Yoast SEO plugin. -->","yoast_head_json":{"title":"Termina huelga de mineros de Fertinal, Ram\u00edrez Bedolla y G\u00f3mez Urrutia firman acuerdo - Pol\u00edticos al Desnudo","robots":{"index":"index","follow":"follow","max-snippet":"max-snippet:-1","max-image-preview":"max-image-preview:large","max-video-preview":"max-video-preview:-1"},"canonical":"https:\/\/politicosaldesnudo.com.mx\/index.php\/2022\/10\/05\/termina-huelga-de-mineros-de-fertinal-ramirez-bedolla-y-gomez-urrutia-firman-acuerdo\/","og_locale":"es_ES","og_type":"article","og_title":"Termina huelga de mineros de Fertinal, Ram\u00edrez Bedolla y G\u00f3mez Urrutia firman acuerdo - Pol\u00edticos al Desnudo","og_description":"&nbsp; MICHOAC\u00c1N. El gobernador Alfredo Ram\u00edrez Bedolla firm\u00f3 con el senador Napole\u00f3n G\u00f3mez Urrutia, secretario general del Sindicato Nacional de [&hellip;]","og_url":"https:\/\/politicosaldesnudo.com.mx\/index.php\/2022\/10\/05\/termina-huelga-de-mineros-de-fertinal-ramirez-bedolla-y-gomez-urrutia-firman-acuerdo\/","og_site_name":"Pol\u00edticos al Desnudo","article_publisher":"https:\/\/www.facebook.com\/PoliticosAD","article_published_time":"2022-10-05T14:32:50+00:00","article_modified_time":"2022-10-05T14:36:25+00:00","og_image":[{"width":1816,"height":1016,"url":"https:\/\/i0.wp.com\/politicosaldesnudo.com.mx\/wp-content\/uploads\/2022\/10\/P-HUELGA-FERTINAL-1.png?fit=1816%2C1016&ssl=1","type":"image\/png"}],"author":"Redacci\u00f3n Pol\u00edticos","twitter_card":"summary_large_image","twitter_misc":{"Escrito por":"Redacci\u00f3n Pol\u00edticos","Tiempo de lectura":"2 minutos"},"schema":{"@context":"https:\/\/schema.org","@graph":[{"@type":"Article","@id":"https:\/\/politicosaldesnudo.com.mx\/index.php\/2022\/10\/05\/termina-huelga-de-mineros-de-fertinal-ramirez-bedolla-y-gomez-urrutia-firman-acuerdo\/#article","isPartOf":{"@id":"https:\/\/politicosaldesnudo.com.mx\/index.php\/2022\/10\/05\/termina-huelga-de-mineros-de-fertinal-ramirez-bedolla-y-gomez-urrutia-firman-acuerdo\/"},"author":{"name":"Redacci\u00f3n Pol\u00edticos","@id":"https:\/\/politicosaldesnudo.com.mx\/#\/schema\/person\/ef3a64e561cc3f3f5dc52fab81adde7e"},"headline":"Termina huelga de mineros de Fertinal, Ram\u00edrez Bedolla y G\u00f3mez Urrutia firman acuerdo","datePublished":"2022-10-05T14:32:50+00:00","dateModified":"2022-10-05T14:36:25+00:00","mainEntityOfPage":{"@id":"https:\/\/politicosaldesnudo.com.mx\/index.php\/2022\/10\/05\/termina-huelga-de-mineros-de-fertinal-ramirez-bedolla-y-gomez-urrutia-firman-acuerdo\/"},"wordCount":418,"publisher":{"@id":"https:\/\/politicosaldesnudo.com.mx\/#organization"},"image":{"@id":"https:\/\/politicosaldesnudo.com.mx\/index.php\/2022\/10\/05\/termina-huelga-de-mineros-de-fertinal-ramirez-bedolla-y-gomez-urrutia-firman-acuerdo\/#primaryimage"},"thumbnailUrl":"https:\/\/i0.wp.com\/politicosaldesnudo.com.mx\/wp-content\/uploads\/2022\/10\/P-HUELGA-FERTINAL-1.png?fit=1816%2C1016&ssl=1","keywords":["ALFREDO RAM\u00cdREZ BEDOLLA","HUELGA","MICHOAC\u00c1N","NAPOLEON GOMEZ URRUTIA","PEMEX","PLANTA FERTINAL"],"articleSection":["ESTADOS"],"inLanguage":"es"},{"@type":"WebPage","@id":"https:\/\/politicosaldesnudo.com.mx\/index.php\/2022\/10\/05\/termina-huelga-de-mineros-de-fertinal-ramirez-bedolla-y-gomez-urrutia-firman-acuerdo\/","url":"https:\/\/politicosaldesnudo.com.mx\/index.php\/2022\/10\/05\/termina-huelga-de-mineros-de-fertinal-ramirez-bedolla-y-gomez-urrutia-firman-acuerdo\/","name":"Termina huelga de mineros de Fertinal, Ram\u00edrez Bedolla y G\u00f3mez Urrutia firman acuerdo - Pol\u00edticos al Desnudo","isPartOf":{"@id":"https:\/\/politicosaldesnudo.com.mx\/#website"},"primaryImageOfPage":{"@id":"https:\/\/politicosaldesnudo.com.mx\/index.php\/2022\/10\/05\/termina-huelga-de-mineros-de-fertinal-ramirez-bedolla-y-gomez-urrutia-firman-acuerdo\/#primaryimage"},"image":{"@id":"https:\/\/politicosaldesnudo.com.mx\/index.php\/2022\/10\/05\/termina-huelga-de-mineros-de-fertinal-ramirez-bedolla-y-gomez-urrutia-firman-acuerdo\/#primaryimage"},"thumbnailUrl":"https:\/\/i0.wp.com\/politicosaldesnudo.com.mx\/wp-content\/uploads\/2022\/10\/P-HUELGA-FERTINAL-1.png?fit=1816%2C1016&ssl=1","datePublished":"2022-10-05T14:32:50+00:00","dateModified":"2022-10-05T14:36:25+00:00","breadcrumb":{"@id":"https:\/\/politicosaldesnudo.com.mx\/index.php\/2022\/10\/05\/termina-huelga-de-mineros-de-fertinal-ramirez-bedolla-y-gomez-urrutia-firman-acuerdo\/#breadcrumb"},"inLanguage":"es","potentialAction":[{"@type":"ReadAction","target":["https:\/\/politicosaldesnudo.com.mx\/index.php\/2022\/10\/05\/termina-huelga-de-mineros-de-fertinal-ramirez-bedolla-y-gomez-urrutia-firman-acuerdo\/"]}]},{"@type":"ImageObject","inLanguage":"es","@id":"https:\/\/politicosaldesnudo.com.mx\/index.php\/2022\/10\/05\/termina-huelga-de-mineros-de-fertinal-ramirez-bedolla-y-gomez-urrutia-firman-acuerdo\/#primaryimage","url":"https:\/\/i0.wp.com\/politicosaldesnudo.com.mx\/wp-content\/uploads\/2022\/10\/P-HUELGA-FERTINAL-1.png?fit=1816%2C1016&ssl=1","contentUrl":"https:\/\/i0.wp.com\/politicosaldesnudo.com.mx\/wp-content\/uploads\/2022\/10\/P-HUELGA-FERTINAL-1.png?fit=1816%2C1016&ssl=1","width":1816,"height":1016},{"@type":"BreadcrumbList","@id":"https:\/\/politicosaldesnudo.com.mx\/index.php\/2022\/10\/05\/termina-huelga-de-mineros-de-fertinal-ramirez-bedolla-y-gomez-urrutia-firman-acuerdo\/#breadcrumb","itemListElement":[{"@type":"ListItem","position":1,"name":"Portada","item":"https:\/\/politicosaldesnudo.com.mx\/"},{"@type":"ListItem","position":2,"name":"Termina huelga de mineros de Fertinal, Ram\u00edrez Bedolla y G\u00f3mez Urrutia firman acuerdo"}]},{"@type":"WebSite","@id":"https:\/\/politicosaldesnudo.com.mx\/#website","url":"https:\/\/politicosaldesnudo.com.mx\/","name":"Pol\u00edticos al Desnudo","description":"","publisher":{"@id":"https:\/\/politicosaldesnudo.com.mx\/#organization"},"potentialAction":[{"@type":"SearchAction","target":{"@type":"EntryPoint","urlTemplate":"https:\/\/politicosaldesnudo.com.mx\/?s={search_term_string}"},"query-input":{"@type":"PropertyValueSpecification","valueRequired":true,"valueName":"search_term_string"}}],"inLanguage":"es"},{"@type":"Organization","@id":"https:\/\/politicosaldesnudo.com.mx\/#organization","name":"Pol\u00edticos al Desnudo","url":"https:\/\/politicosaldesnudo.com.mx\/","logo":{"@type":"ImageObject","inLanguage":"es","@id":"https:\/\/politicosaldesnudo.com.mx\/#\/schema\/logo\/image\/","url":"https:\/\/i0.wp.com\/politicosaldesnudo.com.mx\/wp-content\/uploads\/2026\/08\/cropped-logo.webp?fit=400%2C126&ssl=1","contentUrl":"https:\/\/i0.wp.com\/politicosaldesnudo.com.mx\/wp-content\/uploads\/2026\/08\/cropped-logo.webp?fit=400%2C126&ssl=1","width":400,"height":126,"caption":"Pol\u00edticos al Desnudo"},"image":{"@id":"https:\/\/politicosaldesnudo.com.mx\/#\/schema\/logo\/image\/"},"sameAs":["https:\/\/www.facebook.com\/PoliticosAD"]},{"@type":"Person","@id":"https:\/\/politicosaldesnudo.com.mx\/#\/schema\/person\/ef3a64e561cc3f3f5dc52fab81adde7e","name":"Redacci\u00f3n Pol\u00edticos","url":"https:\/\/politicosaldesnudo.com.mx\/index.php\/author\/redaccion-politicos\/"}]}},"jetpack_publicize_connections":[],"jetpack-related-posts":[{"id":47257,"url":"https:\/\/politicosaldesnudo.com.mx\/index.php\/2024\/09\/28\/presentan-nuevos-directores-de-pemex\/","url_meta":{"origin":11011,"position":0},"title":"Presentan nuevos directores de Pemex","author":"Redacci\u00f3n Pol\u00edticos","date":"28 de septiembre de 2024","format":false,"excerpt":"El aun director de Petr\u00f3leos mexicanos Octavio Romero Oropeza, present\u00f3 al nuevo equipo que estar\u00e1 al frente de la petrolera en la siguiente administraci\u00f3n a partir del 2 de octubre. Cargo y Nombre Direcci\u00f3n General de Pemex Exploraci\u00f3n y Producci\u00f3n - N\u00e9stor Martinez Romero Subdirecci\u00f3n de Exploraci\u00f3n\u00a0- Julio P\u00e9rez Aldana\u2026","rel":"","context":"En \u00abNACIONAL\u00bb","block_context":{"text":"NACIONAL","link":"https:\/\/politicosaldesnudo.com.mx\/index.php\/category\/nacional\/"},"img":{"alt_text":"","src":"https:\/\/i0.wp.com\/politicosaldesnudo.com.mx\/wp-content\/uploads\/2024\/09\/Pemex.jpg?fit=768%2C479&ssl=1&resize=350%2C200","width":350,"height":200,"srcset":"https:\/\/i0.wp.com\/politicosaldesnudo.com.mx\/wp-content\/uploads\/2024\/09\/Pemex.jpg?fit=768%2C479&ssl=1&resize=350%2C200 1x, https:\/\/i0.wp.com\/politicosaldesnudo.com.mx\/wp-content\/uploads\/2024\/09\/Pemex.jpg?fit=768%2C479&ssl=1&resize=525%2C300 1.5x, https:\/\/i0.wp.com\/politicosaldesnudo.com.mx\/wp-content\/uploads\/2024\/09\/Pemex.jpg?fit=768%2C479&ssl=1&resize=700%2C400 2x"},"classes":[]},{"id":88233,"url":"https:\/\/politicosaldesnudo.com.mx\/index.php\/2026\/08\/31\/argentina-en-alerta-tragedia-en-nepal-desata-presion-contra-milei-por-reforma-a-los-glaciares\/","url_meta":{"origin":11011,"position":1},"title":"Argentina en alerta: tragedia en Nepal desata presi\u00f3n contra Milei por reforma a los glaciares","author":"Redacci\u00f3n Pol\u00edticos","date":"31 de agosto de 2026","format":false,"excerpt":"La tragedia provocada por el colapso de una masa de hielo en Nepal encendi\u00f3 las alarmas a miles de kil\u00f3metros de distancia. En Argentina, organizaciones ambientalistas retomaron las protestas contra la reforma impulsada por Javier Milei, que flexibiliz\u00f3 la protecci\u00f3n de los glaciares y permiti\u00f3 el avance de proyectos mineros\u2026","rel":"","context":"En \u00abINTERNACIONAL\u00bb","block_context":{"text":"INTERNACIONAL","link":"https:\/\/politicosaldesnudo.com.mx\/index.php\/category\/internacional\/"},"img":{"alt_text":"","src":"https:\/\/i0.wp.com\/politicosaldesnudo.com.mx\/wp-content\/uploads\/2026\/08\/glaciar-perito-moreno-1280x720-1.jpg?fit=1200%2C675&ssl=1&resize=350%2C200","width":350,"height":200,"srcset":"https:\/\/i0.wp.com\/politicosaldesnudo.com.mx\/wp-content\/uploads\/2026\/08\/glaciar-perito-moreno-1280x720-1.jpg?fit=1200%2C675&ssl=1&resize=350%2C200 1x, https:\/\/i0.wp.com\/politicosaldesnudo.com.mx\/wp-content\/uploads\/2026\/08\/glaciar-perito-moreno-1280x720-1.jpg?fit=1200%2C675&ssl=1&resize=525%2C300 1.5x, https:\/\/i0.wp.com\/politicosaldesnudo.com.mx\/wp-content\/uploads\/2026\/08\/glaciar-perito-moreno-1280x720-1.jpg?fit=1200%2C675&ssl=1&resize=700%2C400 2x, https:\/\/i0.wp.com\/politicosaldesnudo.com.mx\/wp-content\/uploads\/2026\/08\/glaciar-perito-moreno-1280x720-1.jpg?fit=1200%2C675&ssl=1&resize=1050%2C600 3x"},"classes":[]},{"id":88244,"url":"https:\/\/politicosaldesnudo.com.mx\/index.php\/2026\/08\/31\/relevo-en-el-congreso-higinio-martinez-toma-el-senado-y-raul-bolanos-encabeza-san-lazaro\/","url_meta":{"origin":11011,"position":2},"title":"Relevo en el Congreso: Higinio Mart\u00ednez toma el Senado y Ra\u00fal Bola\u00f1os encabeza San L\u00e1zaro","author":"Redacci\u00f3n Pol\u00edticos","date":"31 de agosto de 2026","format":false,"excerpt":"Las dos c\u00e1maras del Congreso de la Uni\u00f3n renovaron sus mesas directivas para el \u00faltimo a\u00f1o de la LXVI Legislatura. Morena conservar\u00e1 la conducci\u00f3n del Senado, mientras el Partido Verde asumir\u00e1 por primera vez la presidencia de la C\u00e1mara de Diputados. El Congreso de la Uni\u00f3n inicia una nueva etapa\u2026","rel":"","context":"En \u00abNACIONAL\u00bb","block_context":{"text":"NACIONAL","link":"https:\/\/politicosaldesnudo.com.mx\/index.php\/category\/nacional\/"},"img":{"alt_text":"","src":"https:\/\/i0.wp.com\/politicosaldesnudo.com.mx\/wp-content\/uploads\/2026\/08\/3c93aced-3583-4f59-bf8b-eb1b5153d09e.png?fit=1200%2C675&ssl=1&resize=350%2C200","width":350,"height":200,"srcset":"https:\/\/i0.wp.com\/politicosaldesnudo.com.mx\/wp-content\/uploads\/2026\/08\/3c93aced-3583-4f59-bf8b-eb1b5153d09e.png?fit=1200%2C675&ssl=1&resize=350%2C200 1x, https:\/\/i0.wp.com\/politicosaldesnudo.com.mx\/wp-content\/uploads\/2026\/08\/3c93aced-3583-4f59-bf8b-eb1b5153d09e.png?fit=1200%2C675&ssl=1&resize=525%2C300 1.5x, https:\/\/i0.wp.com\/politicosaldesnudo.com.mx\/wp-content\/uploads\/2026\/08\/3c93aced-3583-4f59-bf8b-eb1b5153d09e.png?fit=1200%2C675&ssl=1&resize=700%2C400 2x, https:\/\/i0.wp.com\/politicosaldesnudo.com.mx\/wp-content\/uploads\/2026\/08\/3c93aced-3583-4f59-bf8b-eb1b5153d09e.png?fit=1200%2C675&ssl=1&resize=1050%2C600 3x"},"classes":[]},{"id":49429,"url":"https:\/\/politicosaldesnudo.com.mx\/index.php\/2024\/10\/30\/petroleo-de-veracruz-a-cuba\/","url_meta":{"origin":11011,"position":3},"title":"Petr\u00f3leo de Veracruz a Cuba","author":"Redacci\u00f3n Pol\u00edticos","date":"30 de octubre de 2024","format":false,"excerpt":"\u00b7\u00a0\u00a0\u00a0\u00a0\u00a0 \u00a0400 mil barriles de crudo a Cuba para mitigar crisis energ\u00e9tica \u00b7\u00a0\u00a0\u00a0\u00a0\u00a0 \u00a0El env\u00edo es una \u201cdonaci\u00f3n\u201d del Estado mexicano \u00b7\u00a0\u00a0\u00a0\u00a0\u00a0 \u00a0El tanquero petrolero cubano Vilma parti\u00f3 del puerto de Pajaritos Por Miguel \u00c1ngel Cristiani G. El tanquero Vilma zarp\u00f3 del puerto de Pajaritos, Veracruz, con 400 mil barriles\u2026","rel":"","context":"En \u00abOPINI\u00d3N\u00bb","block_context":{"text":"OPINI\u00d3N","link":"https:\/\/politicosaldesnudo.com.mx\/index.php\/category\/columnistas\/"},"img":{"alt_text":"","src":"https:\/\/i0.wp.com\/politicosaldesnudo.com.mx\/wp-content\/uploads\/2024\/09\/CRISTIANI-2.jpg?fit=800%2C445&ssl=1&resize=350%2C200","width":350,"height":200,"srcset":"https:\/\/i0.wp.com\/politicosaldesnudo.com.mx\/wp-content\/uploads\/2024\/09\/CRISTIANI-2.jpg?fit=800%2C445&ssl=1&resize=350%2C200 1x, https:\/\/i0.wp.com\/politicosaldesnudo.com.mx\/wp-content\/uploads\/2024\/09\/CRISTIANI-2.jpg?fit=800%2C445&ssl=1&resize=525%2C300 1.5x, https:\/\/i0.wp.com\/politicosaldesnudo.com.mx\/wp-content\/uploads\/2024\/09\/CRISTIANI-2.jpg?fit=800%2C445&ssl=1&resize=700%2C400 2x"},"classes":[]},{"id":87950,"url":"https:\/\/politicosaldesnudo.com.mx\/index.php\/2026\/08\/21\/pan-abre-la-puerta-a-pactos-con-el-pri-en-veracruz-rumbo-a-2027\/","url_meta":{"origin":11011,"position":4},"title":"PAN abre la puerta a pactos con el PRI en Veracruz rumbo a 2027","author":"Redacci\u00f3n Pol\u00edticos","date":"21 de agosto de 2026","format":false,"excerpt":"La posibilidad de que el PAN y el PRI vuelvan a competir juntos en Veracruz no est\u00e1 completamente descartada. La dirigencia nacional de Acci\u00f3n Nacional evaluar\u00e1 cada distrito antes de decidir si establece acuerdos electorales para los comicios de 2027. Durante una visita a la entidad, el presidente nacional del\u2026","rel":"","context":"En \u00abESTADOS\u00bb","block_context":{"text":"ESTADOS","link":"https:\/\/politicosaldesnudo.com.mx\/index.php\/category\/estados\/"},"img":{"alt_text":"","src":"https:\/\/i0.wp.com\/politicosaldesnudo.com.mx\/wp-content\/uploads\/2026\/08\/pan-pri.png?fit=1200%2C675&ssl=1&resize=350%2C200","width":350,"height":200,"srcset":"https:\/\/i0.wp.com\/politicosaldesnudo.com.mx\/wp-content\/uploads\/2026\/08\/pan-pri.png?fit=1200%2C675&ssl=1&resize=350%2C200 1x, https:\/\/i0.wp.com\/politicosaldesnudo.com.mx\/wp-content\/uploads\/2026\/08\/pan-pri.png?fit=1200%2C675&ssl=1&resize=525%2C300 1.5x, https:\/\/i0.wp.com\/politicosaldesnudo.com.mx\/wp-content\/uploads\/2026\/08\/pan-pri.png?fit=1200%2C675&ssl=1&resize=700%2C400 2x, https:\/\/i0.wp.com\/politicosaldesnudo.com.mx\/wp-content\/uploads\/2026\/08\/pan-pri.png?fit=1200%2C675&ssl=1&resize=1050%2C600 3x"},"classes":[]},{"id":88074,"url":"https:\/\/politicosaldesnudo.com.mx\/index.php\/2026\/08\/26\/presionado-por-acusaciones-enrique-inzunza-deja-la-bancada-de-morena-pero-no-el-senado\/","url_meta":{"origin":11011,"position":5},"title":"Presionado por acusaciones, Enrique Inzunza deja la bancada de Morena, pero no el Senado","author":"Redacci\u00f3n Pol\u00edticos","date":"26 de agosto de 2026","format":false,"excerpt":"El senador Enrique Inzunza anunci\u00f3 su salida del grupo parlamentario de Morena y continuar\u00e1 sus funciones como legislador independiente, en medio de los se\u00f1alamientos que lo relacionan presuntamente con la facci\u00f3n de Los Chapitos. La decisi\u00f3n fue comunicada mediante una carta enviada a Ignacio Mier, coordinador de la bancada morenista\u2026","rel":"","context":"En \u00abNACIONAL\u00bb","block_context":{"text":"NACIONAL","link":"https:\/\/politicosaldesnudo.com.mx\/index.php\/category\/nacional\/"},"img":{"alt_text":"","src":"https:\/\/i0.wp.com\/politicosaldesnudo.com.mx\/wp-content\/uploads\/2026\/08\/inzunza-1.png?fit=1200%2C675&ssl=1&resize=350%2C200","width":350,"height":200,"srcset":"https:\/\/i0.wp.com\/politicosaldesnudo.com.mx\/wp-content\/uploads\/2026\/08\/inzunza-1.png?fit=1200%2C675&ssl=1&resize=350%2C200 1x, https:\/\/i0.wp.com\/politicosaldesnudo.com.mx\/wp-content\/uploads\/2026\/08\/inzunza-1.png?fit=1200%2C675&ssl=1&resize=525%2C300 1.5x, https:\/\/i0.wp.com\/politicosaldesnudo.com.mx\/wp-content\/uploads\/2026\/08\/inzunza-1.png?fit=1200%2C675&ssl=1&resize=700%2C400 2x, https:\/\/i0.wp.com\/politicosaldesnudo.com.mx\/wp-content\/uploads\/2026\/08\/inzunza-1.png?fit=1200%2C675&ssl=1&resize=1050%2C600 3x"},"classes":[]}],"jetpack_sharing_enabled":true,"jetpack_featured_media_url":"https:\/\/i0.wp.com\/politicosaldesnudo.com.mx\/wp-content\/uploads\/2022\/10\/P-HUELGA-FERTINAL-1.png?fit=1816%2C1016&ssl=1","_links":{"self":[{"href":"https:\/\/politicosaldesnudo.com.mx\/index.php\/wp-json\/wp\/v2\/posts\/11011","targetHints":{"allow":["GET"]}}],"collection":[{"href":"https:\/\/politicosaldesnudo.com.mx\/index.php\/wp-json\/wp\/v2\/posts"}],"about":[{"href":"https:\/\/politicosaldesnudo.com.mx\/index.php\/wp-json\/wp\/v2\/types\/post"}],"author":[{"embeddable":true,"href":"https:\/\/politicosaldesnudo.com.mx\/index.php\/wp-json\/wp\/v2\/users\/4"}],"replies":[{"embeddable":true,"href":"https:\/\/politicosaldesnudo.com.mx\/index.php\/wp-json\/wp\/v2\/comments?post=11011"}],"version-history":[{"count":0,"href":"https:\/\/politicosaldesnudo.com.mx\/index.php\/wp-json\/wp\/v2\/posts\/11011\/revisions"}],"wp:featuredmedia":[{"embeddable":true,"href":"https:\/\/politicosaldesnudo.com.mx\/index.php\/wp-json\/wp\/v2\/media\/11012"}],"wp:attachment":[{"href":"https:\/\/politicosaldesnudo.com.mx\/index.php\/wp-json\/wp\/v2\/media?parent=11011"}],"wp:term":[{"taxonomy":"category","embeddable":true,"href":"https:\/\/politicosaldesnudo.com.mx\/index.php\/wp-json\/wp\/v2\/categories?post=11011"},{"taxonomy":"post_tag","embeddable":true,"href":"https:\/\/politicosaldesnudo.com.mx\/index.php\/wp-json\/wp\/v2\/tags?post=11011"}],"curies":[{"name":"wp","href":"https:\/\/api.w.org\/{rel}","templated":true}]}}