{"id":11025,"date":"2022-10-05T21:03:00","date_gmt":"2022-10-06T02:03:00","guid":{"rendered":"https:\/\/politicosaldesnudo.com.mx\/?p=11025"},"modified":"2022-10-05T21:03:00","modified_gmt":"2022-10-06T02:03:00","slug":"autoridades-municipales-participan-en-mesas-de-atencion-buscan-reforzar-proyectos-del-fais","status":"publish","type":"post","link":"https:\/\/politicosaldesnudo.com.mx\/index.php\/2022\/10\/05\/autoridades-municipales-participan-en-mesas-de-atencion-buscan-reforzar-proyectos-del-fais\/","title":{"rendered":"Autoridades Municipales participan en \u201cMesas de Atenci\u00f3n\u201d, buscan reforzar proyectos del FAIS"},"content":{"rendered":"<p class=\"p1\">\n<p class=\"p1\"><span style=\"font-size: 14pt;\"><em><strong>TUXPAN, VERACRUZ.<\/strong> <\/em>Con la participaci\u00f3n de <strong>representantes de municipios de la zona norte realizan las Mesa de Atenci\u00f3n de \u201cParticipaci\u00f3n de los Gobiernos Municipales y Estatales en la Construcci\u00f3n del Bienestar\u201d<\/strong> del Fondo de Aportaciones para la Infraestructura Social (FAIS).<\/span><\/p>\n<p class=\"p1\"><span style=\"font-size: 14pt;\">El evento lo presidi\u00f3 alcalde Jos\u00e9 Manuel Pozos Castro, as\u00ed como la directora regional de la Secretar\u00eda de Bienestar en Tuxpan, Rosalinda L\u00f3pez P\u00e9rez en representaci\u00f3n del delegado estatal de Programas para el Desarrollo de la Secretar\u00eda del Bienestar, Manuel Huerta.<\/span><\/p>\n<p class=\"p1\"><span style=\"font-size: 18pt; color: #139eca;\"><strong>El alcalde Jos\u00e9 Manuel Pozos destac\u00f3 que el FAIS es uno de los Fondos Federales que m\u00e1s impacto tiene en el mejoramiento del nivel de vida de las familias.<\/strong><\/span><\/p>\n<p>&nbsp;<\/p>\n<p><img data-recalc-dims=\"1\" loading=\"lazy\" decoding=\"async\" class=\"aligncenter wp-image-11028 size-large\" src=\"https:\/\/i0.wp.com\/politicosaldesnudo.com.mx\/wp-content\/uploads\/2022\/10\/P-MESAS-DE-ATENCIO%CC%81N-TUXPAN-3-1024x573.png?resize=800%2C448&#038;ssl=1\" alt=\"\" width=\"800\" height=\"448\" srcset=\"https:\/\/i0.wp.com\/politicosaldesnudo.com.mx\/wp-content\/uploads\/2022\/10\/P-MESAS-DE-ATENCIO%CC%81N-TUXPAN-3.png?resize=1024%2C573&amp;ssl=1 1024w, https:\/\/i0.wp.com\/politicosaldesnudo.com.mx\/wp-content\/uploads\/2022\/10\/P-MESAS-DE-ATENCIO%CC%81N-TUXPAN-3.png?resize=300%2C168&amp;ssl=1 300w, https:\/\/i0.wp.com\/politicosaldesnudo.com.mx\/wp-content\/uploads\/2022\/10\/P-MESAS-DE-ATENCIO%CC%81N-TUXPAN-3.png?resize=768%2C430&amp;ssl=1 768w, https:\/\/i0.wp.com\/politicosaldesnudo.com.mx\/wp-content\/uploads\/2022\/10\/P-MESAS-DE-ATENCIO%CC%81N-TUXPAN-3.png?resize=1536%2C859&amp;ssl=1 1536w, https:\/\/i0.wp.com\/politicosaldesnudo.com.mx\/wp-content\/uploads\/2022\/10\/P-MESAS-DE-ATENCIO%CC%81N-TUXPAN-3.png?w=1816&amp;ssl=1 1816w, https:\/\/i0.wp.com\/politicosaldesnudo.com.mx\/wp-content\/uploads\/2022\/10\/P-MESAS-DE-ATENCIO%CC%81N-TUXPAN-3.png?w=1600&amp;ssl=1 1600w\" sizes=\"auto, (max-width: 800px) 100vw, 800px\" \/><\/p>\n<p>&nbsp;<\/p>\n<p class=\"p1\"><span style=\"font-size: 18pt;\"><strong>Resalt\u00f3 la importancia de estas \u201cMesas de Atenci\u00f3n\u201d; en ese sentido, felicit\u00f3 a la directora de Desarrollo Regional general, Cecilia Fern\u00e1ndez Garelli, por el gran trabajo para mejorar la planeaci\u00f3n y el seguimiento de proyectos FAIS en los gobiernos municipales.<span class=\"Apple-converted-space\">\u00a0<\/span><\/strong><\/span><\/p>\n<p class=\"p1\"><span style=\"font-size: 14pt;\">Jos\u00e9 Manuel Pozos se\u00f1al\u00f3 que el FAIS permite beneficiar directamente a la poblaci\u00f3n en pobreza extrema y localidades con alto nivel de rezago social.<\/span><\/p>\n<p>&nbsp;<\/p>\n<blockquote>\n<p class=\"p1\"><span style=\"font-size: 14pt;\">Para combatir la desigualdad social y fortalecer el desarrollo, se deben administrar los recursos con eficiencia, eficacia, econom\u00eda, transparencia y honradez\u00bb<\/span><\/p>\n<\/blockquote>\n<p>&nbsp;<\/p>\n<p class=\"p1\"><span style=\"font-size: 18pt;\"><strong>Por su parte, Rosalinda L\u00f3pez P\u00e9rez agradeci\u00f3 la asistencia de los representantes de los municipios a la reuni\u00f3n, la cual dijo servir\u00e1 para aclarar cualquier duda respecto al programa FAIS. De la misma manera, agradeci\u00f3 al Gobierno de Tuxpan por ser sede para la realizaci\u00f3n de esta Mesa de Atenci\u00f3n.<\/strong><\/span><\/p>\n<p class=\"p1\"><span style=\"font-size: 14pt;\">Tambi\u00e9n estuvieron presentes Carlos Valadez Hern\u00e1ndez, colaborador de la Direcci\u00f3n de Formaci\u00f3n y Asistencia para el Desarrollo Regional; David Huerta Marcelo, director de An\u00e1lisis Estrat\u00e9gico para el Desarrollo Regional; e Israel Morales Ramos, enlace FAIS de la Secretar\u00eda del Bienestar en Veracruz.<\/span><\/p>\n<p>&nbsp;<\/p>\n<p><img data-recalc-dims=\"1\" loading=\"lazy\" decoding=\"async\" class=\"aligncenter wp-image-11027 size-large\" src=\"https:\/\/i0.wp.com\/politicosaldesnudo.com.mx\/wp-content\/uploads\/2022\/10\/P-MESAS-DE-ATENCIO%CC%81N-TUXPAN-2-1024x573.png?resize=800%2C448&#038;ssl=1\" alt=\"\" width=\"800\" height=\"448\" srcset=\"https:\/\/i0.wp.com\/politicosaldesnudo.com.mx\/wp-content\/uploads\/2022\/10\/P-MESAS-DE-ATENCIO%CC%81N-TUXPAN-2.png?resize=1024%2C573&amp;ssl=1 1024w, https:\/\/i0.wp.com\/politicosaldesnudo.com.mx\/wp-content\/uploads\/2022\/10\/P-MESAS-DE-ATENCIO%CC%81N-TUXPAN-2.png?resize=300%2C168&amp;ssl=1 300w, https:\/\/i0.wp.com\/politicosaldesnudo.com.mx\/wp-content\/uploads\/2022\/10\/P-MESAS-DE-ATENCIO%CC%81N-TUXPAN-2.png?resize=768%2C430&amp;ssl=1 768w, https:\/\/i0.wp.com\/politicosaldesnudo.com.mx\/wp-content\/uploads\/2022\/10\/P-MESAS-DE-ATENCIO%CC%81N-TUXPAN-2.png?resize=1536%2C859&amp;ssl=1 1536w, https:\/\/i0.wp.com\/politicosaldesnudo.com.mx\/wp-content\/uploads\/2022\/10\/P-MESAS-DE-ATENCIO%CC%81N-TUXPAN-2.png?w=1816&amp;ssl=1 1816w, https:\/\/i0.wp.com\/politicosaldesnudo.com.mx\/wp-content\/uploads\/2022\/10\/P-MESAS-DE-ATENCIO%CC%81N-TUXPAN-2.png?w=1600&amp;ssl=1 1600w\" sizes=\"auto, (max-width: 800px) 100vw, 800px\" \/><\/p>\n<p>&nbsp;<\/p>\n<p class=\"p1\"><span style=\"font-size: 18pt;\"><strong>Por su parte, Carlos Valadez Hern\u00e1ndez puntualiz\u00f3 que el objetivo de estas Mesas de Atenci\u00f3n es brindar una atenci\u00f3n m\u00e1s personalizada y aclarar las dudas que existan; adem\u00e1s de fortalecer la cercan\u00eda con los municipios, con los Enlaces, y con los Delegados, ya que son el v\u00ednculo fundamental para el desarrollo eficiente del FAIS.<\/strong><\/span><\/p>\n<p>&nbsp;<\/p>\n<p>&nbsp;<\/p>\n<p>&nbsp;<\/p>\n<p>&nbsp;<\/p>\n<p>&nbsp;<\/p>\n","protected":false},"excerpt":{"rendered":"<p>TUXPAN, VERACRUZ. Con la participaci\u00f3n de representantes de municipios de la zona norte realizan las Mesa de Atenci\u00f3n de \u201cParticipaci\u00f3n<\/p>\n","protected":false},"author":4,"featured_media":11026,"comment_status":"closed","ping_status":"closed","sticky":false,"template":"","format":"standard","meta":{"colormag_page_container_layout":"default_layout","colormag_page_sidebar_layout":"default_layout","_jetpack_memberships_contains_paid_content":false,"footnotes":"","jetpack_publicize_message":"","jetpack_publicize_feature_enabled":true,"jetpack_social_post_already_shared":false,"jetpack_social_options":{"image_generator_settings":{"template":"highway","default_image_id":0,"font":"","enabled":false},"version":2}},"categories":[1082],"tags":[164,1583,576,1584,70,100],"class_list":["post-11025","post","type-post","status-publish","format-standard","has-post-thumbnail","hentry","category-tuxpan","tag-bienestar","tag-fais","tag-jose-manuel-pozos","tag-mesas-de-atencion","tag-tuxpan","tag-veracruz"],"jetpack_publicize_connections":[],"jetpack_featured_media_url":"https:\/\/i0.wp.com\/politicosaldesnudo.com.mx\/wp-content\/uploads\/2022\/10\/P-MESAS-DE-ATENCIO%CC%81N-TUXPAN-1.png?fit=1816%2C1016&ssl=1","jetpack-related-posts":[],"jetpack_sharing_enabled":true,"_links":{"self":[{"href":"https:\/\/politicosaldesnudo.com.mx\/index.php\/wp-json\/wp\/v2\/posts\/11025","targetHints":{"allow":["GET"]}}],"collection":[{"href":"https:\/\/politicosaldesnudo.com.mx\/index.php\/wp-json\/wp\/v2\/posts"}],"about":[{"href":"https:\/\/politicosaldesnudo.com.mx\/index.php\/wp-json\/wp\/v2\/types\/post"}],"author":[{"embeddable":true,"href":"https:\/\/politicosaldesnudo.com.mx\/index.php\/wp-json\/wp\/v2\/users\/4"}],"replies":[{"embeddable":true,"href":"https:\/\/politicosaldesnudo.com.mx\/index.php\/wp-json\/wp\/v2\/comments?post=11025"}],"version-history":[{"count":0,"href":"https:\/\/politicosaldesnudo.com.mx\/index.php\/wp-json\/wp\/v2\/posts\/11025\/revisions"}],"wp:featuredmedia":[{"embeddable":true,"href":"https:\/\/politicosaldesnudo.com.mx\/index.php\/wp-json\/wp\/v2\/media\/11026"}],"wp:attachment":[{"href":"https:\/\/politicosaldesnudo.com.mx\/index.php\/wp-json\/wp\/v2\/media?parent=11025"}],"wp:term":[{"taxonomy":"category","embeddable":true,"href":"https:\/\/politicosaldesnudo.com.mx\/index.php\/wp-json\/wp\/v2\/categories?post=11025"},{"taxonomy":"post_tag","embeddable":true,"href":"https:\/\/politicosaldesnudo.com.mx\/index.php\/wp-json\/wp\/v2\/tags?post=11025"}],"curies":[{"name":"wp","href":"https:\/\/api.w.org\/{rel}","templated":true}]}}