{"id":11034,"date":"2022-10-06T08:24:54","date_gmt":"2022-10-06T13:24:54","guid":{"rendered":"https:\/\/politicosaldesnudo.com.mx\/?p=11034"},"modified":"2022-10-06T08:24:54","modified_gmt":"2022-10-06T13:24:54","slug":"decoro-nacional","status":"publish","type":"post","link":"https:\/\/politicosaldesnudo.com.mx\/index.php\/2022\/10\/06\/decoro-nacional\/","title":{"rendered":"Decoro nacional"},"content":{"rendered":"<p class=\"p1\">\n<p>&nbsp;<\/p>\n<p><span style=\"font-size: 14pt;\"><span style=\"font-size: 18pt;\"><strong>Por Alberto Woolrich Ort\u00edz<\/strong><\/span><\/span><\/p>\n<p class=\"p1\"><span style=\"font-size: 14pt;\">Iniciemos con el tema que en lo personal concierne a la Academia de Derecho Penal del Colegio Nacional de Abogados Foro de M\u00e9xico: la narco-pol\u00edtica. Para ello obligado es expresar que gracias a ese t\u00f3pico las instituciones de procuraci\u00f3n e impartici\u00f3n de justicia perdieron su decoro, su credibilidad, su respetabilidad, su honor. En el M\u00e9xico de nosotros no puede subsistir impunemente ese craso error.<span class=\"Apple-converted-space\">\u00a0<\/span><\/span><\/p>\n<p class=\"p1\"><span style=\"font-size: 14pt;\">El equilibrio, la tradici\u00f3n, la seriedad, la justicia y el pundonor de otras \u00e9pocas, fueron rotos por la ambici\u00f3n de cierto \u201cSiervo de la Naci\u00f3n\u201d que ejecut\u00f3 los menesteres m\u00e1s viles al aliarse con sus afectos los narcotraficantes en detrimento de la justicia, del decoro nacional, de nuestras instituciones, de M\u00e9xico.<span class=\"Apple-converted-space\">\u00a0<\/span><\/span><\/p>\n<p class=\"p1\"><span style=\"font-size: 14pt;\">Es preciso recordar que en la infancia de nuestra gran Naci\u00f3n se escuch\u00f3 la voz potente y viril de un ind\u00edgena zapoteca, que con fuerza y patriotismo exclam\u00f3: \u201cHago un llamado al pueblo de M\u00e9xico para restablecer el decoro nacional\u201d. Ese oaxaque\u00f1o llevaba por nombre Benito Ju\u00e1rez. Sus palabras bien entendidas no pueden ser otra cosa que el resultado de una larga experiencia en cuestiones de justicia y pol\u00edtica.<\/span><\/p>\n<p class=\"p1\"><span style=\"font-size: 14pt;\">No existe para los Estados Unidos Mexicanos nada m\u00e1s execrable, repudiable y sancionable en el entorno de procuraci\u00f3n e impartici\u00f3n de justicia, que aqu\u00e9l degradante objetivo que puso en marcha un delincuente con poder pol\u00edtico a fin de satisfacer su auri sacra fames (desmedida sed de riqueza), violentando con ello los principios jur\u00eddicos insertos en la Carta Magna y el C\u00f3digo Penal Federal, para con ello dar quebrantamiento al decoro en nuestras instituciones de procuraci\u00f3n e impartici\u00f3n de justicia.<span class=\"Apple-converted-space\">\u00a0<\/span><\/span><\/p>\n<p class=\"p1\"><span style=\"font-size: 14pt;\">Si a lo antepuesto sumamos la proclividad o anuencia del actual Fiscal General de la Rep\u00fablica para brindarle impunidad a aqu\u00e9l transgresor del derecho, entonces nos encontramos ante un engendro de complicadas facetas, en donde aparecen implicados alguno que otro gobernante de la \u00e9poca del neoliberalismo y de la actual, dado ello, M\u00e9xico se encuentra molesto, fastidiado, cansado, maltratado. Sin decoro.<span class=\"Apple-converted-space\">\u00a0<\/span><\/span><\/p>\n<p class=\"p1\"><span style=\"font-size: 14pt;\">Insistiendo en el tema de la respetabilidad perdida por el actuar de la narco-pol\u00edtica, nuestro Ateneo de Estudios Jur\u00eddico Penales sostiene que esos actuares no deben de quedar sin castigo. Por \u00e9sta raz\u00f3n y por muchas otras, esas alianzas de la pol\u00edtica con el narcotr\u00e1fico, devienen en notoriamente indecorosas, por lo que al no ser investigadas, causan un grav\u00edsimo agravio a nuestro decoro nacional.<span class=\"Apple-converted-space\">\u00a0<\/span><\/span><\/p>\n<p class=\"p1\"><span style=\"font-size: 14pt;\">El pueblo de M\u00e9xico ya se encuentra harto de tanta falta de pundonor propiciado por la narco-pol\u00edtica, ojal\u00e1 algunas togas de decencia de \u00e9sta Cuarta Transformaci\u00f3n de la Rep\u00fablica den inicio a los litigios por los fueros de la verdad, del decoro y el derecho. <span class=\"Apple-converted-space\">\u00a0<\/span><\/span><\/p>\n<p class=\"p1\"><span style=\"font-size: 14pt;\">La Academia de Derecho Penal del Colegio Nacional de Abogados Foro de M\u00e9xico quiere justicia, s\u00f3lo justicia, por ello no se traga el argumento de que la narco-pol\u00edtica es una Raz\u00f3n de Estado, es una causa de Seguridad Nacional.<\/span><\/p>\n<p class=\"p1\"><span style=\"font-size: 14pt;\">La demanda de las togas ah\u00ed est\u00e1, \u00bfQui\u00e9n o qu\u00e9 hermandad de mexicanos de bien la har\u00e1 suya?. Concluyo las presentes l\u00edneas repitiendo aquella premisa del Presidente Benito Ju\u00e1rez, que hoy, como nunca antes, cobra vigencia: \u201cA los que no entienden, hay que hablarles seguido y fuerte\u201d. 1869, sic.<\/span><\/p>\n<p class=\"p1\"><span style=\"font-size: 14pt;\">S\u00f3lo investigando, juzgando y sancionando se encontrar\u00e1 el decoro nacional.<span class=\"Apple-converted-space\">\u00a0<\/span>Es cuanto.<span class=\"Apple-converted-space\">\u00a0<\/span><\/span><\/p>\n<p>&nbsp;<\/p>\n<p class=\"p1\"><strong><span style=\"font-size: 18pt;\">Lic. Alberto Woolrich Ort\u00edz<\/span><\/strong><\/p>\n<p class=\"p1\"><strong><span style=\"font-size: 18pt;\">Presidente de la Academia de Derecho Penal<\/span><\/strong><\/p>\n<p class=\"p1\"><strong><span style=\"font-size: 18pt;\">del Colegio de Abogados de M\u00e9xico, A.C.<\/span><\/strong><\/p>\n<p>&nbsp;<\/p>\n<p><span style=\"font-size: 18pt; color: #139eca;\"><em><strong>**Las columnas firmadas en este medio son responsabilidad de quienes las firman**<\/strong><\/em><\/span><\/p>\n<p>&nbsp;<\/p>\n<p class=\"p1\">\n","protected":false},"excerpt":{"rendered":"<p>&nbsp; Por Alberto Woolrich Ort\u00edz Iniciemos con el tema que en lo personal concierne a la Academia de Derecho Penal<\/p>\n","protected":false},"author":4,"featured_media":3845,"comment_status":"closed","ping_status":"closed","sticky":false,"template":"","format":"standard","meta":{"colormag_page_container_layout":"default_layout","colormag_page_sidebar_layout":"default_layout","_jetpack_memberships_contains_paid_content":false,"footnotes":"","jetpack_publicize_message":"","jetpack_publicize_feature_enabled":true,"jetpack_social_post_already_shared":false,"jetpack_social_options":{"image_generator_settings":{"template":"highway","default_image_id":0,"font":"","enabled":false},"version":2}},"categories":[26],"tags":[],"class_list":["post-11034","post","type-post","status-publish","format-standard","has-post-thumbnail","hentry","category-columnistas"],"jetpack_publicize_connections":[],"jetpack_featured_media_url":"https:\/\/i0.wp.com\/politicosaldesnudo.com.mx\/wp-content\/uploads\/2022\/04\/CABEZAL-ALBERTO-WOOD.png?fit=1816%2C1016&ssl=1","jetpack-related-posts":[],"jetpack_sharing_enabled":true,"_links":{"self":[{"href":"https:\/\/politicosaldesnudo.com.mx\/index.php\/wp-json\/wp\/v2\/posts\/11034","targetHints":{"allow":["GET"]}}],"collection":[{"href":"https:\/\/politicosaldesnudo.com.mx\/index.php\/wp-json\/wp\/v2\/posts"}],"about":[{"href":"https:\/\/politicosaldesnudo.com.mx\/index.php\/wp-json\/wp\/v2\/types\/post"}],"author":[{"embeddable":true,"href":"https:\/\/politicosaldesnudo.com.mx\/index.php\/wp-json\/wp\/v2\/users\/4"}],"replies":[{"embeddable":true,"href":"https:\/\/politicosaldesnudo.com.mx\/index.php\/wp-json\/wp\/v2\/comments?post=11034"}],"version-history":[{"count":0,"href":"https:\/\/politicosaldesnudo.com.mx\/index.php\/wp-json\/wp\/v2\/posts\/11034\/revisions"}],"wp:featuredmedia":[{"embeddable":true,"href":"https:\/\/politicosaldesnudo.com.mx\/index.php\/wp-json\/wp\/v2\/media\/3845"}],"wp:attachment":[{"href":"https:\/\/politicosaldesnudo.com.mx\/index.php\/wp-json\/wp\/v2\/media?parent=11034"}],"wp:term":[{"taxonomy":"category","embeddable":true,"href":"https:\/\/politicosaldesnudo.com.mx\/index.php\/wp-json\/wp\/v2\/categories?post=11034"},{"taxonomy":"post_tag","embeddable":true,"href":"https:\/\/politicosaldesnudo.com.mx\/index.php\/wp-json\/wp\/v2\/tags?post=11034"}],"curies":[{"name":"wp","href":"https:\/\/api.w.org\/{rel}","templated":true}]}}