{"id":1105,"date":"2021-12-28T16:01:33","date_gmt":"2021-12-28T22:01:33","guid":{"rendered":"https:\/\/politicosaldesnudo.com.mx\/?p=1105"},"modified":"2023-03-08T23:05:39","modified_gmt":"2023-03-09T05:05:39","slug":"autosuficiencia-energetica-en-2024-pemex-y-sener-presentan-plan-de-accion","status":"publish","type":"post","link":"https:\/\/politicosaldesnudo.com.mx\/index.php\/2021\/12\/28\/autosuficiencia-energetica-en-2024-pemex-y-sener-presentan-plan-de-accion\/","title":{"rendered":"Autosuficiencia energ\u00e9tica en 2024, Pemex y Sener presentan plan de acci\u00f3n"},"content":{"rendered":"<p class=\"p2\"><strong>CIUDAD DE M\u00c9XICO.<\/strong> El titular de <strong>Pemex, Octavio Romero y la secretaria de Energ\u00eda Roc\u00edo Nahle<\/strong> presentaron las <strong>10 tareas para fortalecer a la petrolera mexicana y lograr la autosuficiencia de gasolina y di\u00e9sel en<span class=\"Apple-converted-space\">\u00a0 <\/span>2024.<\/strong><\/p>\n<p class=\"p2\">En Palacio Nacional, durante la <strong>conferencia matutina del presidente Andr\u00e9s Manuel L\u00f3pez Obrador<\/strong> indicaron que el Gobierno de M\u00e9xico establece como prioritario el apoyo a la Empresa y <strong>marca un nuevo rumbo hacia el fortalecimiento del pa\u00eds en materia energ\u00e9tica<\/strong>.<\/p>\n<blockquote>\n<p class=\"p2\">Inicialmente se plantea mantener el valor de las reservas probadas, se cubrir\u00e1 el requerimiento del Sistema Nacional de Refinaci\u00f3n para atender el mercado interno, por lo que se dejar\u00e1 de exportar petr\u00f3leo a partir del 2023<\/p>\n<\/blockquote>\n<p>&nbsp;<\/p>\n<p><img data-recalc-dims=\"1\" loading=\"lazy\" decoding=\"async\" class=\"aligncenter wp-image-1106\" src=\"https:\/\/i0.wp.com\/politicosaldesnudo.com.mx\/wp-content\/uploads\/2021\/12\/PEMEX-300x168.png?resize=600%2C336&#038;ssl=1\" alt=\"\" width=\"600\" height=\"336\" srcset=\"https:\/\/i0.wp.com\/politicosaldesnudo.com.mx\/wp-content\/uploads\/2021\/12\/PEMEX.png?resize=300%2C168&amp;ssl=1 300w, https:\/\/i0.wp.com\/politicosaldesnudo.com.mx\/wp-content\/uploads\/2021\/12\/PEMEX.png?resize=1024%2C573&amp;ssl=1 1024w, https:\/\/i0.wp.com\/politicosaldesnudo.com.mx\/wp-content\/uploads\/2021\/12\/PEMEX.png?resize=768%2C430&amp;ssl=1 768w, https:\/\/i0.wp.com\/politicosaldesnudo.com.mx\/wp-content\/uploads\/2021\/12\/PEMEX.png?resize=1536%2C859&amp;ssl=1 1536w, https:\/\/i0.wp.com\/politicosaldesnudo.com.mx\/wp-content\/uploads\/2021\/12\/PEMEX.png?w=1816&amp;ssl=1 1816w, https:\/\/i0.wp.com\/politicosaldesnudo.com.mx\/wp-content\/uploads\/2021\/12\/PEMEX.png?w=1600&amp;ssl=1 1600w\" sizes=\"auto, (max-width: 600px) 100vw, 600px\" \/><\/p>\n<p>&nbsp;<\/p>\n<p class=\"p2\"><strong>PRON\u00d3STICO DE PRODUCCI\u00d3N<span class=\"Apple-converted-space\">\u00a0<\/span><\/strong><\/p>\n<p class=\"p2\">Se estima <strong>alcanzar una producci\u00f3n de petr\u00f3leo de 2 millones de barriles diarios en 2024<\/strong>, se <strong>impulsar\u00e1 la producci\u00f3n de fertilizantes<\/strong>, as\u00ed como, <strong>la modernizaci\u00f3n de los centros procesadores de gas y la recuperaci\u00f3n del mercado de combustibles.<\/strong><\/p>\n<p class=\"p2\"><strong>A trav\u00e9s de estas tareas se prev\u00e9 alcanzar la autonom\u00eda energ\u00e9tica<\/strong>, mejorar el desempe\u00f1o operativo, en materia ambiental y de seguridad, adem\u00e1s de <strong>incrementar la eficiencia y la competitividad, as\u00ed como contribuir al mejoramiento laboral.<\/strong><\/p>\n<p class=\"p2\">Adem\u00e1s, para <strong>contrarrestar la regulaci\u00f3n asim\u00e9trica aplicada a Pemex tras la Reforma Energ\u00e9tica de 2015<\/strong>, se cre\u00f3 una nueva filial para lograr la recuperaci\u00f3n de la Empresa en el mercado de combustibles y fortalecer las acciones de comercializaci\u00f3n de productos petrol\u00edferos, gas y petroqu\u00edmicos, en virtud del impacto que tienen las ventas de estos energ\u00e9ticos sobre los ingresos de Petr\u00f3leos Mexicanos.<\/p>\n<p>El director general de Pemex, <strong>Octavio Romero Oropeza<\/strong>, detall\u00f3 el n\u00famero de barriles que se procesan en el <strong>Sistema Nacional de Refinaci\u00f3n<\/strong>. En 2018 se procesaban 506 mil barriles y se exportaban un mill\u00f3n 190 mil. <strong>Para 2021 se procesan 714 mil barriles y se exporta un mill\u00f3n 19 mil barriles.<\/strong><\/p>\n<p><strong>De acuerdo con las estimaciones, con la entrada en funciones de la refiner\u00eda Deer Park, en 2022 se procesar\u00e1n mil 509 barriles y exportar\u00e1n 435 mil barriles.<\/strong><\/p>\n<blockquote><p>Para el 2023 y 2024 toda la producci\u00f3n de Pemex se va a procesar, refinar, porque va a entrar en operaci\u00f3n la refiner\u00eda de Dos Bocas y el Proyecto de Cangrejera que tambi\u00e9n va a refinar m\u00e1s de 100 mil barriles, de manera que pr\u00e1cticamente el 100 por ciento de crudo mexicano se va a refinar en nuestro pa\u00eds para garantizar el abasto de combustibles\u201d<\/p><\/blockquote>\n<p>&nbsp;<\/p>\n<p><img data-recalc-dims=\"1\" loading=\"lazy\" decoding=\"async\" class=\"aligncenter wp-image-1111\" src=\"https:\/\/i0.wp.com\/politicosaldesnudo.com.mx\/wp-content\/uploads\/2021\/12\/PEMEX7-300x168.png?resize=600%2C336&#038;ssl=1\" alt=\"\" width=\"600\" height=\"336\" srcset=\"https:\/\/i0.wp.com\/politicosaldesnudo.com.mx\/wp-content\/uploads\/2021\/12\/PEMEX7.png?resize=300%2C168&amp;ssl=1 300w, https:\/\/i0.wp.com\/politicosaldesnudo.com.mx\/wp-content\/uploads\/2021\/12\/PEMEX7.png?resize=1024%2C573&amp;ssl=1 1024w, https:\/\/i0.wp.com\/politicosaldesnudo.com.mx\/wp-content\/uploads\/2021\/12\/PEMEX7.png?resize=768%2C430&amp;ssl=1 768w, https:\/\/i0.wp.com\/politicosaldesnudo.com.mx\/wp-content\/uploads\/2021\/12\/PEMEX7.png?resize=1536%2C859&amp;ssl=1 1536w, https:\/\/i0.wp.com\/politicosaldesnudo.com.mx\/wp-content\/uploads\/2021\/12\/PEMEX7.png?w=1816&amp;ssl=1 1816w, https:\/\/i0.wp.com\/politicosaldesnudo.com.mx\/wp-content\/uploads\/2021\/12\/PEMEX7.png?w=1600&amp;ssl=1 1600w\" sizes=\"auto, (max-width: 600px) 100vw, 600px\" \/><\/p>\n<p>&nbsp;<\/p>\n<p class=\"p2\"><strong>SOBRE FERTILIZANTES<\/strong><\/p>\n<p class=\"p2\">En materia de fertilizantes, indic\u00f3 que a <strong>partir de 2022 se invertir\u00e1n 300 millones de d\u00f3lares, de los cuales 216 millones provienen del sobreprecio y 84 millones de d\u00f3lares de una capitalizaci\u00f3n del Gobierno Federal,<\/strong> para continuar con el proceso de rehabilitaci\u00f3n de las plantas, lo anterior con el<strong> objetivo de incrementar<\/strong> la aportaci\u00f3n de <strong>24 a 49 por ciento de la demanda nacional.<\/strong><\/p>\n<p class=\"p2\">Precis\u00f3 que esta administraci\u00f3n <strong>retom\u00f3 el proyecto de explotaci\u00f3n de gas natural<\/strong> con la plataforma en el campo Lakach, suspendido desde 2016, con lo que <strong>Pemex recupera casi mil 200 millones de d\u00f3lares.<\/strong><\/p>\n<p class=\"p2\">A\u00f1adi\u00f3 que, con el <strong>arranque de Gas Bienestar, se apoya a las familias de escasos recursos y se puso un alto al abuso por parte de los distribuidores que han incrementado los precios desproporcionadamente y entregan cilindros incompletos.<\/strong><\/p>\n<p class=\"p2\">Agreg\u00f3 que para los pr\u00f3ximos a\u00f1os se llevar\u00e1 a cabo un programa de atenci\u00f3n a m\u00e1s de 1,000 riesgos cr\u00edticos de seguridad, plenamente identificados y validados. Adicionalmente, y por primera vez en la empresa, a los riesgos ambientales se les est\u00e1 considerando como riesgos cr\u00edticos, por lo que se les est\u00e1 dando la prioridad que les corresponde para su atenci\u00f3n en los pr\u00f3ximos tres a\u00f1os.<\/p>\n<p>&nbsp;<\/p>\n<p><img data-recalc-dims=\"1\" loading=\"lazy\" decoding=\"async\" class=\"aligncenter wp-image-1108\" src=\"https:\/\/i0.wp.com\/politicosaldesnudo.com.mx\/wp-content\/uploads\/2021\/12\/PEMEX3-300x168.png?resize=600%2C336&#038;ssl=1\" alt=\"\" width=\"600\" height=\"336\" srcset=\"https:\/\/i0.wp.com\/politicosaldesnudo.com.mx\/wp-content\/uploads\/2021\/12\/PEMEX3.png?resize=300%2C168&amp;ssl=1 300w, https:\/\/i0.wp.com\/politicosaldesnudo.com.mx\/wp-content\/uploads\/2021\/12\/PEMEX3.png?resize=1024%2C573&amp;ssl=1 1024w, https:\/\/i0.wp.com\/politicosaldesnudo.com.mx\/wp-content\/uploads\/2021\/12\/PEMEX3.png?resize=768%2C430&amp;ssl=1 768w, https:\/\/i0.wp.com\/politicosaldesnudo.com.mx\/wp-content\/uploads\/2021\/12\/PEMEX3.png?resize=1536%2C859&amp;ssl=1 1536w, https:\/\/i0.wp.com\/politicosaldesnudo.com.mx\/wp-content\/uploads\/2021\/12\/PEMEX3.png?w=1816&amp;ssl=1 1816w, https:\/\/i0.wp.com\/politicosaldesnudo.com.mx\/wp-content\/uploads\/2021\/12\/PEMEX3.png?w=1600&amp;ssl=1 1600w\" sizes=\"auto, (max-width: 600px) 100vw, 600px\" \/><\/p>\n<p>&nbsp;<\/p>\n<p><strong>SISTEMA NACIONAL DE REAFIRMACI\u00d3N<\/strong><\/p>\n<p>Por su parte, la secretaria de Energ\u00eda, <strong>Roc\u00edo Nahle Garc\u00eda, indic\u00f3 que la planeaci\u00f3n de los \u00faltimos tres a\u00f1os del Sistema Nacional de Reafirmaci\u00f3n ha permitido aumentar la producci\u00f3n de gasolinas y di\u00e9sel.<\/strong><\/p>\n<blockquote><p>La titular de Pemex remarc\u00f3 que se trabaja en el logro de objetivos puntuales: incrementar la seguridad y autonom\u00eda energ\u00e9tica; mejorar el desempe\u00f1o operativo, en seguridad y ambiental as\u00ed como el incremento de la eficiencia y la competitividad; promover la responsabilidad social y contribuir a mejoras laborales.<\/p><\/blockquote>\n<p>Para lograr estas metas se contemplan nueve tareas fundamentales:<\/p>\n<ol>\n<li>La conservaci\u00f3n de las reservas de hidrocarburos<\/li>\n<li>La producci\u00f3n de crudo<\/li>\n<li>La refinaci\u00f3n<\/li>\n<li>La implementaci\u00f3n del proyecto Cangrejera<\/li>\n<li>La producci\u00f3n de fertilizantes<\/li>\n<li>La optimizaci\u00f3n de centros procesadores de gas<\/li>\n<li>La recuperaci\u00f3n del mercado de combustibles, incluye la creaci\u00f3n de <strong><em>Gas Bienestar<\/em><\/strong><\/li>\n<li>La atenci\u00f3n a riesgos cr\u00edticos<\/li>\n<li>La basificaci\u00f3n de trabajadores<\/li>\n<\/ol>\n<p>&nbsp;<\/p>\n<p><img data-recalc-dims=\"1\" loading=\"lazy\" decoding=\"async\" class=\"aligncenter wp-image-1107\" src=\"https:\/\/i0.wp.com\/politicosaldesnudo.com.mx\/wp-content\/uploads\/2021\/12\/PEMEX2-1-300x168.png?resize=600%2C336&#038;ssl=1\" alt=\"\" width=\"600\" height=\"336\" srcset=\"https:\/\/i0.wp.com\/politicosaldesnudo.com.mx\/wp-content\/uploads\/2021\/12\/PEMEX2-1.png?resize=300%2C168&amp;ssl=1 300w, https:\/\/i0.wp.com\/politicosaldesnudo.com.mx\/wp-content\/uploads\/2021\/12\/PEMEX2-1.png?resize=1024%2C573&amp;ssl=1 1024w, https:\/\/i0.wp.com\/politicosaldesnudo.com.mx\/wp-content\/uploads\/2021\/12\/PEMEX2-1.png?resize=768%2C430&amp;ssl=1 768w, https:\/\/i0.wp.com\/politicosaldesnudo.com.mx\/wp-content\/uploads\/2021\/12\/PEMEX2-1.png?resize=1536%2C859&amp;ssl=1 1536w, https:\/\/i0.wp.com\/politicosaldesnudo.com.mx\/wp-content\/uploads\/2021\/12\/PEMEX2-1.png?w=1816&amp;ssl=1 1816w, https:\/\/i0.wp.com\/politicosaldesnudo.com.mx\/wp-content\/uploads\/2021\/12\/PEMEX2-1.png?w=1600&amp;ssl=1 1600w\" sizes=\"auto, (max-width: 600px) 100vw, 600px\" \/><\/p>\n<p>&nbsp;<\/p>\n<p class=\"p2\"><strong>SINIESTRALIDAD A LA BAJA<\/strong><\/p>\n<p class=\"p2\">Finalmente, el titular de Pemex reiter\u00f3 que el compromiso de la empresa con su principal activo sus trabajadores, por lo que se tiene como objetivo iniciar en febrero de 2022 la basificaci\u00f3n de 17,000 empleados transitorios, sin incrementar la plantilla laboral y lograr con ello una estabilidad laboral. Asimismo, los ascensos escalafonarios reconocer\u00e1n desempe\u00f1o y funciones, con beneficio salarial para 21,000 trabajadores. La siniestralidad en Pemex ha disminuido en un 40 por ciento.<\/p>\n<blockquote><p>Es importante decirle a los trabajadores de Pemex, a los t\u00e9cnicos, que tenemos empe\u00f1ada nuestra palabra de que no van a haber despidos, que vamos a ir basificando a transitorios que se van a convertir en trabajadores de base, con plazas. Vamos a cuidar que las nuevas plazas se entreguen a transitorios de mayor antig\u00fcedad porque antes hab\u00eda la mala costumbre de entregar las plazas a los recomendados\u201d, explic\u00f3 el presidente<\/p><\/blockquote>\n<p>&nbsp;<\/p>\n<p>&nbsp;<\/p>\n<p>&nbsp;<\/p>\n<p>&nbsp;<\/p>\n<p class=\"p2\">\n","protected":false},"excerpt":{"rendered":"<p>CIUDAD DE M\u00c9XICO. El titular de Pemex, Octavio Romero y la secretaria de Energ\u00eda Roc\u00edo Nahle presentaron las 10 tareas<\/p>\n","protected":false},"author":1,"featured_media":1109,"comment_status":"closed","ping_status":"closed","sticky":false,"template":"","format":"standard","meta":{"colormag_page_container_layout":"default_layout","colormag_page_sidebar_layout":"default_layout","_jetpack_memberships_contains_paid_content":false,"footnotes":"","jetpack_publicize_message":"","jetpack_publicize_feature_enabled":true,"jetpack_social_post_already_shared":false,"jetpack_social_options":{"image_generator_settings":{"template":"highway","default_image_id":0,"font":"","enabled":false},"version":2}},"categories":[33],"tags":[141,122,194,193,195],"class_list":["post-1105","post","type-post","status-publish","format-standard","has-post-thumbnail","hentry","category-nacional","tag-alejandro-encinas-rodriguez","tag-pemex","tag-rocio-nahle","tag-sener","tag-suficiencia-energetica"],"jetpack_publicize_connections":[],"jetpack_featured_media_url":"https:\/\/i0.wp.com\/politicosaldesnudo.com.mx\/wp-content\/uploads\/2021\/12\/PEMEX4.png?fit=1816%2C1016&ssl=1","jetpack-related-posts":[],"jetpack_sharing_enabled":true,"_links":{"self":[{"href":"https:\/\/politicosaldesnudo.com.mx\/index.php\/wp-json\/wp\/v2\/posts\/1105","targetHints":{"allow":["GET"]}}],"collection":[{"href":"https:\/\/politicosaldesnudo.com.mx\/index.php\/wp-json\/wp\/v2\/posts"}],"about":[{"href":"https:\/\/politicosaldesnudo.com.mx\/index.php\/wp-json\/wp\/v2\/types\/post"}],"author":[{"embeddable":true,"href":"https:\/\/politicosaldesnudo.com.mx\/index.php\/wp-json\/wp\/v2\/users\/1"}],"replies":[{"embeddable":true,"href":"https:\/\/politicosaldesnudo.com.mx\/index.php\/wp-json\/wp\/v2\/comments?post=1105"}],"version-history":[{"count":0,"href":"https:\/\/politicosaldesnudo.com.mx\/index.php\/wp-json\/wp\/v2\/posts\/1105\/revisions"}],"wp:featuredmedia":[{"embeddable":true,"href":"https:\/\/politicosaldesnudo.com.mx\/index.php\/wp-json\/wp\/v2\/media\/1109"}],"wp:attachment":[{"href":"https:\/\/politicosaldesnudo.com.mx\/index.php\/wp-json\/wp\/v2\/media?parent=1105"}],"wp:term":[{"taxonomy":"category","embeddable":true,"href":"https:\/\/politicosaldesnudo.com.mx\/index.php\/wp-json\/wp\/v2\/categories?post=1105"},{"taxonomy":"post_tag","embeddable":true,"href":"https:\/\/politicosaldesnudo.com.mx\/index.php\/wp-json\/wp\/v2\/tags?post=1105"}],"curies":[{"name":"wp","href":"https:\/\/api.w.org\/{rel}","templated":true}]}}