{"id":11053,"date":"2022-10-06T09:21:39","date_gmt":"2022-10-06T14:21:39","guid":{"rendered":"https:\/\/politicosaldesnudo.com.mx\/?p=11053"},"modified":"2022-10-06T09:37:05","modified_gmt":"2022-10-06T14:37:05","slug":"informe-wwa-cambio-climatico-aumenta-20-veces-la-probabilidad-de-sequia","status":"publish","type":"post","link":"https:\/\/politicosaldesnudo.com.mx\/index.php\/2022\/10\/06\/informe-wwa-cambio-climatico-aumenta-20-veces-la-probabilidad-de-sequia\/","title":{"rendered":"WWA: Cambio clim\u00e1tico aumenta 20 veces la probabilidad de sequ\u00eda"},"content":{"rendered":"<p>&nbsp;<\/p>\n<p class=\"p1\"><span style=\"font-size: 14pt;\"><em><strong>PAR\u00cdS, FRANCIA.<\/strong> <\/em>Durante el pasado verano boreal el <strong>cambio clim\u00e1tico aument\u00f3 \u201cal menos 20 veces\u201d la probabilidad de sequ\u00eda en el hemisferio norte<\/strong>, de acuerdo con un informe cient\u00edfico publicado.<\/span><\/p>\n<p class=\"p1\"><span style=\"font-size: 18pt;\"><strong>La sequ\u00eda, que afect\u00f3 amplias regiones de Europa, China y Estados Unidos, corre el riesgo de producirse ahora cada 20 a\u00f1os, con el clima actual, en lugar de cada 400 a\u00f1os o incluso plazos m\u00e1s largos, como suced\u00eda en el pasado, seg\u00fan el reporte de World Weather Attribution (WWA).<\/strong><\/span><\/p>\n<p class=\"p1\"><span style=\"font-size: 18pt;\"><strong>El WWA es una red de cient\u00edficos que investiga la relaci\u00f3n entre episodios meteorol\u00f3gicos extremos y el calentamiento del planeta.<\/strong><\/span><\/p>\n<p class=\"p1\"><span style=\"font-size: 14pt;\">Las consecuencias de esa sequ\u00eda impactaron en el sector agr\u00edcola de decenas de pa\u00edses, con cosechas a la baja y dificultades que repercutieron en los mercados mundiales.<\/span><\/p>\n<p class=\"p1\"><span style=\"font-size: 14pt;\">Esa situaci\u00f3n favoreci\u00f3 igualmente los incendios forestales y perturb\u00f3 la producci\u00f3n de electricidad, en particular la de origen hidr\u00e1ulico y nuclear.<\/span><\/p>\n<p class=\"p1\"><span style=\"font-size: 14pt;\">A causa de las oleadas de calor en el hemisferio norte (fuera de las zonas tropicales), las posibilidades de sequ\u00eda se multiplicaron.<\/span><\/p>\n<p class=\"p1\"><span style=\"font-size: 18pt;\"><strong>Eso significa que a una profundidad de un metro, los suelos forestales o agr\u00edcolas sufren una carencia de agua que afecta a las ra\u00edces de las plantas de forma acentuada.<\/strong><\/span><\/p>\n<p>&nbsp;<\/p>\n<p><img data-recalc-dims=\"1\" loading=\"lazy\" decoding=\"async\" class=\"aligncenter wp-image-11055 size-large\" src=\"https:\/\/i0.wp.com\/politicosaldesnudo.com.mx\/wp-content\/uploads\/2022\/10\/P-SEQUIA-2-1024x573.png?resize=800%2C448&#038;ssl=1\" alt=\"\" width=\"800\" height=\"448\" srcset=\"https:\/\/i0.wp.com\/politicosaldesnudo.com.mx\/wp-content\/uploads\/2022\/10\/P-SEQUIA-2.png?resize=1024%2C573&amp;ssl=1 1024w, https:\/\/i0.wp.com\/politicosaldesnudo.com.mx\/wp-content\/uploads\/2022\/10\/P-SEQUIA-2.png?resize=300%2C168&amp;ssl=1 300w, https:\/\/i0.wp.com\/politicosaldesnudo.com.mx\/wp-content\/uploads\/2022\/10\/P-SEQUIA-2.png?resize=768%2C430&amp;ssl=1 768w, https:\/\/i0.wp.com\/politicosaldesnudo.com.mx\/wp-content\/uploads\/2022\/10\/P-SEQUIA-2.png?resize=1536%2C859&amp;ssl=1 1536w, https:\/\/i0.wp.com\/politicosaldesnudo.com.mx\/wp-content\/uploads\/2022\/10\/P-SEQUIA-2.png?w=1816&amp;ssl=1 1816w, https:\/\/i0.wp.com\/politicosaldesnudo.com.mx\/wp-content\/uploads\/2022\/10\/P-SEQUIA-2.png?w=1600&amp;ssl=1 1600w\" sizes=\"auto, (max-width: 800px) 100vw, 800px\" \/><\/p>\n<p>&nbsp;<\/p>\n<p>&nbsp;<\/p>\n<blockquote>\n<p class=\"p1\"><span style=\"font-size: 14pt;\">Las cifras son inciertas. <\/span><span style=\"font-size: 14pt;\">La verdadera influencia de las actividades humanas es probablemente m\u00e1s elevada\u201d, estima el WWA.<\/span><\/p>\n<\/blockquote>\n<p>&nbsp;<\/p>\n<p class=\"p1\"><span style=\"font-size: 14pt;\">La temperatura media del planeta ha aumentado 1.2 grados cent\u00edgrados desde la era preindustrial, seg\u00fan los estudios de cient\u00edficos clim\u00e1ticos.<\/span><\/p>\n<p class=\"p1\"><span style=\"font-size: 18pt; color: #139eca;\"><strong>Los expertos del Centro Com\u00fan de Investigaci\u00f3n europeo hab\u00edan estimado este verano que la sequ\u00eda era \u201cla peor de los \u00faltimos 500 a\u00f1os\u201d.<\/strong><\/span><\/p>\n<p class=\"p1\"><span style=\"font-size: 14pt;\">El verano de 2022 demostr\u00f3 c\u00f3mo el cambio clim\u00e1tico causado por el hombre aumenta los riesgos de sequ\u00eda en regiones agr\u00edcolas y densamente pobladas del hemisferio norte, destac\u00f3 Sonia Seneviratne, profesora del Instituto para la Ciencia Clim\u00e1tica y Atmosf\u00e9rica en Zurich, coautora del estudio.<\/span><\/p>\n<p>&nbsp;<\/p>\n<blockquote>\n<p class=\"p1\"><span style=\"font-size: 14pt;\">Tenemos que parar de quemar combustibles f\u00f3siles si queremos estabilizar las condiciones clim\u00e1tas y evitar que esos episodios de sequ\u00edan vuelvan a agravarse. Ser\u00e1n cada vez m\u00e1s frecuentes e intensos con el aumento del calentamiento\u201d, advirti\u00f3.<\/span><\/p>\n<\/blockquote>\n<p>&nbsp;<\/p>\n<p class=\"p1\"><span style=\"font-size: 14pt;\">En Europa central y occidental, la probabilidad de sequ\u00eda es inferior: entre cinco y seis veces menos importante, seg\u00fan los c\u00e1lculos.<\/span><\/p>\n<p class=\"p1\">\n","protected":false},"excerpt":{"rendered":"<p>&nbsp; PAR\u00cdS, FRANCIA. Durante el pasado verano boreal el cambio clim\u00e1tico aument\u00f3 \u201cal menos 20 veces\u201d la probabilidad de sequ\u00eda<\/p>\n","protected":false},"author":4,"featured_media":11054,"comment_status":"closed","ping_status":"closed","sticky":false,"template":"","format":"standard","meta":{"colormag_page_container_layout":"default_layout","colormag_page_sidebar_layout":"default_layout","_jetpack_memberships_contains_paid_content":false,"footnotes":"","jetpack_publicize_message":"","jetpack_publicize_feature_enabled":true,"jetpack_social_post_already_shared":false,"jetpack_social_options":{"image_generator_settings":{"template":"highway","default_image_id":0,"font":"","enabled":false},"version":2}},"categories":[28],"tags":[1164,495,1586],"class_list":["post-11053","post","type-post","status-publish","format-standard","has-post-thumbnail","hentry","category-internacional","tag-cambio-climatico","tag-sequia","tag-wwa"],"jetpack_publicize_connections":[],"jetpack_featured_media_url":"https:\/\/i0.wp.com\/politicosaldesnudo.com.mx\/wp-content\/uploads\/2022\/10\/P-SEQUIA-1.png?fit=1816%2C1016&ssl=1","jetpack-related-posts":[],"jetpack_sharing_enabled":true,"_links":{"self":[{"href":"https:\/\/politicosaldesnudo.com.mx\/index.php\/wp-json\/wp\/v2\/posts\/11053","targetHints":{"allow":["GET"]}}],"collection":[{"href":"https:\/\/politicosaldesnudo.com.mx\/index.php\/wp-json\/wp\/v2\/posts"}],"about":[{"href":"https:\/\/politicosaldesnudo.com.mx\/index.php\/wp-json\/wp\/v2\/types\/post"}],"author":[{"embeddable":true,"href":"https:\/\/politicosaldesnudo.com.mx\/index.php\/wp-json\/wp\/v2\/users\/4"}],"replies":[{"embeddable":true,"href":"https:\/\/politicosaldesnudo.com.mx\/index.php\/wp-json\/wp\/v2\/comments?post=11053"}],"version-history":[{"count":0,"href":"https:\/\/politicosaldesnudo.com.mx\/index.php\/wp-json\/wp\/v2\/posts\/11053\/revisions"}],"wp:featuredmedia":[{"embeddable":true,"href":"https:\/\/politicosaldesnudo.com.mx\/index.php\/wp-json\/wp\/v2\/media\/11054"}],"wp:attachment":[{"href":"https:\/\/politicosaldesnudo.com.mx\/index.php\/wp-json\/wp\/v2\/media?parent=11053"}],"wp:term":[{"taxonomy":"category","embeddable":true,"href":"https:\/\/politicosaldesnudo.com.mx\/index.php\/wp-json\/wp\/v2\/categories?post=11053"},{"taxonomy":"post_tag","embeddable":true,"href":"https:\/\/politicosaldesnudo.com.mx\/index.php\/wp-json\/wp\/v2\/tags?post=11053"}],"curies":[{"name":"wp","href":"https:\/\/api.w.org\/{rel}","templated":true}]}}