{"id":11099,"date":"2022-10-08T07:24:40","date_gmt":"2022-10-08T12:24:40","guid":{"rendered":"https:\/\/politicosaldesnudo.com.mx\/?p=11099"},"modified":"2022-10-08T07:58:31","modified_gmt":"2022-10-08T12:58:31","slug":"raquel-buenrostro-toma-posesion-como-secretaria-de-de-economia","status":"publish","type":"post","link":"https:\/\/politicosaldesnudo.com.mx\/index.php\/2022\/10\/08\/raquel-buenrostro-toma-posesion-como-secretaria-de-de-economia\/","title":{"rendered":"Raquel Buenrostro toma posesi\u00f3n como Secretar\u00eda de Econom\u00eda"},"content":{"rendered":"<p class=\"p1\"><span style=\"font-size: 14pt;\"><em><strong>CIUDAD DE M\u00c9XICO.\u00a0<\/strong><\/em>El <strong>secretario de Gobernaci\u00f3n, Ad\u00e1n Augusto L\u00f3pez Hern\u00e1ndez, dio posesi\u00f3n a Raquel Buenrostro S\u00e1nchez como nueva titular de la Secretar\u00eda de Econom\u00eda<\/strong>, en sustituci\u00f3n de Tatiana Clouthier.<\/span><\/p>\n<p class=\"p1\"><span style=\"font-size: 18pt;\"><strong>A trav\u00e9s de un comunicado de prensa, la Secretar\u00eda de Gobernaci\u00f3n (Segob) resalt\u00f3 que Buenrostro se desempe\u00f1\u00f3 como jefa del Servicio de Administraci\u00f3n Tributaria (SAT) de la Secretar\u00eda de Hacienda y Cr\u00e9dito P\u00fablico (SHCP), cargo que asumi\u00f3 en enero de 2020.<\/strong><\/span><\/p>\n<p class=\"p1\"><span style=\"font-size: 14pt;\">Por la ma\u00f1ana, el presidente Andr\u00e9s Manuel L\u00f3pez Obrador anunci\u00f3 el nombramiento al resaltar su buen desempe\u00f1o y resultados de la funcionaria en materia de recaudaci\u00f3n. Agreg\u00f3 que se trata de una servidora p\u00fablica ejemplar que cuenta con toda su confianza.<\/span><\/p>\n<p class=\"p1\"><span style=\"font-size: 14pt;\">Durante la presente administraci\u00f3n, Raquel Buenrostro tambi\u00e9n se desempe\u00f1\u00f3 como titular de la Oficial\u00eda Mayor de la SHCP; es licenciada en Matem\u00e1ticas por la UNAM y maestra en Econom\u00eda por El Colegio de M\u00e9xico (Colmex).<\/span><\/p>\n<p class=\"p1\"><span style=\"font-size: 18pt;\"><strong>Cuenta con m\u00e1s de 25 a\u00f1os de experiencia en la administraci\u00f3n p\u00fablica. En su gesti\u00f3n, el SAT obtuvo reconocimientos internacionales por su pol\u00edtica fiscal, respuesta fiscal ante la pandemia de Covid 19, aumento en ingresos tributarios, entre otros, a\u00f1adi\u00f3 la Segob.<\/strong><\/span><\/p>\n<p>&nbsp;<\/p>\n<p>&nbsp;<\/p>\n<p>&nbsp;<\/p>\n","protected":false},"excerpt":{"rendered":"<p>CIUDAD DE M\u00c9XICO.\u00a0El secretario de Gobernaci\u00f3n, Ad\u00e1n Augusto L\u00f3pez Hern\u00e1ndez, dio posesi\u00f3n a Raquel Buenrostro S\u00e1nchez como nueva titular de<\/p>\n","protected":false},"author":4,"featured_media":11100,"comment_status":"closed","ping_status":"closed","sticky":false,"template":"","format":"standard","meta":{"colormag_page_container_layout":"default_layout","colormag_page_sidebar_layout":"default_layout","_jetpack_memberships_contains_paid_content":false,"footnotes":"","jetpack_publicize_message":"","jetpack_publicize_feature_enabled":true,"jetpack_social_post_already_shared":false,"jetpack_social_options":{"image_generator_settings":{"template":"highway","default_image_id":0,"font":"","enabled":false},"version":2}},"categories":[33],"tags":[1592,1591,1585],"class_list":["post-11099","post","type-post","status-publish","format-standard","has-post-thumbnail","hentry","category-nacional","tag-adan-agusto","tag-raquel-buenrostro","tag-secretaria-de-economia"],"jetpack_publicize_connections":[],"jetpack_featured_media_url":"https:\/\/i0.wp.com\/politicosaldesnudo.com.mx\/wp-content\/uploads\/2022\/10\/P-RAQUEL-BUENROSTRO.png?fit=1816%2C1016&ssl=1","jetpack-related-posts":[],"jetpack_sharing_enabled":true,"_links":{"self":[{"href":"https:\/\/politicosaldesnudo.com.mx\/index.php\/wp-json\/wp\/v2\/posts\/11099","targetHints":{"allow":["GET"]}}],"collection":[{"href":"https:\/\/politicosaldesnudo.com.mx\/index.php\/wp-json\/wp\/v2\/posts"}],"about":[{"href":"https:\/\/politicosaldesnudo.com.mx\/index.php\/wp-json\/wp\/v2\/types\/post"}],"author":[{"embeddable":true,"href":"https:\/\/politicosaldesnudo.com.mx\/index.php\/wp-json\/wp\/v2\/users\/4"}],"replies":[{"embeddable":true,"href":"https:\/\/politicosaldesnudo.com.mx\/index.php\/wp-json\/wp\/v2\/comments?post=11099"}],"version-history":[{"count":0,"href":"https:\/\/politicosaldesnudo.com.mx\/index.php\/wp-json\/wp\/v2\/posts\/11099\/revisions"}],"wp:featuredmedia":[{"embeddable":true,"href":"https:\/\/politicosaldesnudo.com.mx\/index.php\/wp-json\/wp\/v2\/media\/11100"}],"wp:attachment":[{"href":"https:\/\/politicosaldesnudo.com.mx\/index.php\/wp-json\/wp\/v2\/media?parent=11099"}],"wp:term":[{"taxonomy":"category","embeddable":true,"href":"https:\/\/politicosaldesnudo.com.mx\/index.php\/wp-json\/wp\/v2\/categories?post=11099"},{"taxonomy":"post_tag","embeddable":true,"href":"https:\/\/politicosaldesnudo.com.mx\/index.php\/wp-json\/wp\/v2\/tags?post=11099"}],"curies":[{"name":"wp","href":"https:\/\/api.w.org\/{rel}","templated":true}]}}