{"id":11342,"date":"2022-10-13T17:21:34","date_gmt":"2022-10-13T22:21:34","guid":{"rendered":"https:\/\/politicosaldesnudo.com.mx\/?p=11342"},"modified":"2022-10-13T17:21:34","modified_gmt":"2022-10-13T22:21:34","slug":"entendimiento-bicentenario-arroja-resultados-en-seguridad-pero-insuficientes-blinken","status":"publish","type":"post","link":"https:\/\/politicosaldesnudo.com.mx\/index.php\/2022\/10\/13\/entendimiento-bicentenario-arroja-resultados-en-seguridad-pero-insuficientes-blinken\/","title":{"rendered":"Entendimiento Bicentenario arroja resultados en seguridad, pero insuficientes: Blinken"},"content":{"rendered":"<p class=\"p2\">\n<p class=\"p2\"><span style=\"font-size: 14pt;\"><em><strong>WASHINGTON, ESTADOS UNIDOS.<\/strong><\/em> Durante el <strong>di\u00e1logo de Alto Nivel en Seguridad<\/strong> (DANS) celebrado en Washington, el <strong>secretario de Estado estadounidense, Antony Blinken<\/strong>, reconoce que en la cooperaci\u00f3n EU y M\u00e9xico establecida en el <strong>Entendimiento Bicentenario<\/strong> en materia de seguridad ha dado resultados, pero son insuficientes.<\/span><\/p>\n<p class=\"p2\"><span style=\"font-size: 18pt;\"><strong>El dialogo entre Antony Blinken y el canciller Marcelo Ebrard, junto con otros integrantes de las delegaciones que participaron en la sesi\u00f3n ofrecieron una conferencia de prensa, en la que se\u00f1alaron que s<span style=\"color: #139eca;\">e requiere hacer m\u00e1s para combatir el tr\u00e1fico de armas de Estados Unidos a M\u00e9xico, el tr\u00e1fico de fentanilo y la trata de personas.<\/span><\/strong><\/span><\/p>\n<p>&nbsp;<\/p>\n<blockquote>\n<p class=\"p2\"><span style=\"font-size: 14pt;\">Hay resultados, pero no son suficientes y eso es exactamente lo que reconocimos y dialogamos hoy\u201d, dijo Blinken al responder preguntas de reporteros sobre las acciones de ambos gobiernos para reducir la introducci\u00f3n ilegal de armamento a M\u00e9xico y para atender la epidemia de sobredosis en Estados Unidos.<\/span><\/p>\n<\/blockquote>\n<p>&nbsp;<\/p>\n<p class=\"p2\"><span style=\"font-size: 18pt;\"><strong>Agreg\u00f3 que en el DANS, donde se evaluaron los resultados del primer a\u00f1o de operaci\u00f3n del Entendimiento Bicentenario -acuerdo de seguridad binacional adoptado en octubre de 2021-, M\u00e9xico y Estados Unidos han acordado la creaci\u00f3n de grupos de trabajo para crear y reforzar las estrategias para el <span style=\"color: #139eca;\">combate al tr\u00e1fico ilegal de armas y la producci\u00f3n y tr\u00e1fico de fentanilo<\/span> y otros precursores qu\u00edmicos y drogas.<\/strong><\/span><\/p>\n<p class=\"p2\"><span style=\"font-size: 14pt;\">Blinken, quien rechaz\u00f3 que su gobierno tenga alguna duda respecto al compromiso mexicano con la democracia por la ampliaci\u00f3n de la participaci\u00f3n de las fuerzas armadas en tareas de seguridad p\u00fablica, asegur\u00f3 que \u201cse debe hacer m\u00e1s y eso es lo que hemos acordado\u201d.<\/span><\/p>\n<p>&nbsp;<\/p>\n<p><img data-recalc-dims=\"1\" loading=\"lazy\" decoding=\"async\" class=\"aligncenter wp-image-11344 size-large\" src=\"https:\/\/i0.wp.com\/politicosaldesnudo.com.mx\/wp-content\/uploads\/2022\/10\/P-DANS-EBRARD-BLINKEN-2-1024x573.png?resize=800%2C448&#038;ssl=1\" alt=\"\" width=\"800\" height=\"448\" srcset=\"https:\/\/i0.wp.com\/politicosaldesnudo.com.mx\/wp-content\/uploads\/2022\/10\/P-DANS-EBRARD-BLINKEN-2.png?resize=1024%2C573&amp;ssl=1 1024w, https:\/\/i0.wp.com\/politicosaldesnudo.com.mx\/wp-content\/uploads\/2022\/10\/P-DANS-EBRARD-BLINKEN-2.png?resize=300%2C168&amp;ssl=1 300w, https:\/\/i0.wp.com\/politicosaldesnudo.com.mx\/wp-content\/uploads\/2022\/10\/P-DANS-EBRARD-BLINKEN-2.png?resize=768%2C430&amp;ssl=1 768w, https:\/\/i0.wp.com\/politicosaldesnudo.com.mx\/wp-content\/uploads\/2022\/10\/P-DANS-EBRARD-BLINKEN-2.png?resize=1536%2C859&amp;ssl=1 1536w, https:\/\/i0.wp.com\/politicosaldesnudo.com.mx\/wp-content\/uploads\/2022\/10\/P-DANS-EBRARD-BLINKEN-2.png?w=1816&amp;ssl=1 1816w, https:\/\/i0.wp.com\/politicosaldesnudo.com.mx\/wp-content\/uploads\/2022\/10\/P-DANS-EBRARD-BLINKEN-2.png?w=1600&amp;ssl=1 1600w\" sizes=\"auto, (max-width: 800px) 100vw, 800px\" \/><\/p>\n<p>&nbsp;<\/p>\n<p><span style=\"font-size: 18pt; color: #139eca;\"><strong>ENTENDIMIENTO BICENTENARIO FUNCIONA<\/strong><\/span><\/p>\n<p class=\"p2\"><span style=\"font-size: 18pt;\"><strong>El secretario Marcelo Ebrard asegur\u00f3 que el Entendimiento Bicentenario ha funcionado para M\u00e9xico, porque se ha incrementado la confiscaci\u00f3n de armas y ello ha contribuido a una baja del 9.2 por ciento en el n\u00famero de asesinatos en M\u00e9xico. Pidi\u00f3, no obstante, que Estados Unidos refuerce las acciones para impedir el trasiego ilegal de armas en su frontera sur, en particular en 10 condados que concentran el tr\u00e1fico de armamento a M\u00e9xico.<\/strong><\/span><\/p>\n<p>&nbsp;<\/p>\n<p><img data-recalc-dims=\"1\" loading=\"lazy\" decoding=\"async\" class=\"aligncenter wp-image-11345 size-large\" src=\"https:\/\/i0.wp.com\/politicosaldesnudo.com.mx\/wp-content\/uploads\/2022\/10\/Fe-np4DX0AgGAtP-1024x785.jpeg?resize=800%2C613&#038;ssl=1\" alt=\"\" width=\"800\" height=\"613\" srcset=\"https:\/\/i0.wp.com\/politicosaldesnudo.com.mx\/wp-content\/uploads\/2022\/10\/Fe-np4DX0AgGAtP.jpeg?resize=1024%2C785&amp;ssl=1 1024w, https:\/\/i0.wp.com\/politicosaldesnudo.com.mx\/wp-content\/uploads\/2022\/10\/Fe-np4DX0AgGAtP.jpeg?resize=300%2C230&amp;ssl=1 300w, https:\/\/i0.wp.com\/politicosaldesnudo.com.mx\/wp-content\/uploads\/2022\/10\/Fe-np4DX0AgGAtP.jpeg?resize=768%2C589&amp;ssl=1 768w, https:\/\/i0.wp.com\/politicosaldesnudo.com.mx\/wp-content\/uploads\/2022\/10\/Fe-np4DX0AgGAtP.jpeg?w=1280&amp;ssl=1 1280w\" sizes=\"auto, (max-width: 800px) 100vw, 800px\" \/><\/p>\n<p>&nbsp;<\/p>\n<p class=\"p2\"><span style=\"font-size: 14pt;\">La secretaria de Seguridad y Protecci\u00f3n Ciudadana, Rosa Icela Rodr\u00edguez, dijo que si bien con los niveles de violencia en M\u00e9xico, \u201cno estamos satisfechos\u201d, se\u00f1al\u00f3 que se deben hacer m\u00e1s para atender el problema. <\/span><\/p>\n<blockquote>\n<p class=\"p2\"><span style=\"font-size: 14pt;\">Estamos usando inteligencia para atacar a los carteles, no solo a uno, sino a todos los grupos criminales\u201d. A\u00f1adi\u00f3 que hay regiones del pa\u00eds donde tenemos un problema\u201d y que seis estados concentran el 50 por ciento de los homicidios que se cometen en M\u00e9xico.<\/span><\/p>\n<\/blockquote>\n<p>&nbsp;<\/p>\n<p class=\"p2\"><span style=\"font-size: 18pt;\"><strong>Respecto al plan anunciado el mi\u00e9rcoles por la administraci\u00f3n de Joe Biden para atender un fuerte incremento en el n\u00famero de venezolanos que llegan a la frontera sur de Estados Unidos, Ebrard se\u00f1al\u00f3 que en M\u00e9xico tambi\u00e9n se ha observado un significativo incremento de la llegada de venezolanos a territorio nacional en los \u00faltimos meses y que hoy llegan al pa\u00eds m\u00e1s ciudadanos de esa nacionalidad que centroamericanos.<\/strong><\/span><\/p>\n<p class=\"p2\"><span style=\"font-size: 14pt;\">Se\u00f1al\u00f3 que el plan anunciado por Estados Unidos implica que los migrantes venezolanos tendr\u00e1n una v\u00eda legal para entrar a ese pa\u00eds sin tener que correr los riesgos de la migraci\u00f3n irregular.<\/span><\/p>\n<p>&nbsp;<\/p>\n<p class=\"p2\"><span style=\"font-size: 18pt;\">Con Informaci\u00f3n de La Jornada<\/span><\/p>\n","protected":false},"excerpt":{"rendered":"<p>WASHINGTON, ESTADOS UNIDOS. Durante el di\u00e1logo de Alto Nivel en Seguridad (DANS) celebrado en Washington, el secretario de Estado estadounidense,<\/p>\n","protected":false},"author":4,"featured_media":11343,"comment_status":"closed","ping_status":"closed","sticky":false,"template":"","format":"standard","meta":{"colormag_page_container_layout":"default_layout","colormag_page_sidebar_layout":"default_layout","_jetpack_memberships_contains_paid_content":false,"footnotes":"","jetpack_publicize_message":"","jetpack_publicize_feature_enabled":true,"jetpack_social_post_already_shared":false,"jetpack_social_options":{"image_generator_settings":{"template":"highway","default_image_id":0,"font":"","enabled":false},"version":2}},"categories":[33],"tags":[482,1628,269,1483,46,42,1629],"class_list":["post-11342","post","type-post","status-publish","format-standard","has-post-thumbnail","hentry","category-nacional","tag-antony-blinken","tag-entendimiento-bicentenario","tag-estados-unidos","tag-fentanilo","tag-marcelo-ebrard","tag-mexico","tag-trafico-de-armas"],"jetpack_publicize_connections":[],"jetpack_featured_media_url":"https:\/\/i0.wp.com\/politicosaldesnudo.com.mx\/wp-content\/uploads\/2022\/10\/P-DANS-EBRARD-BLINKEN-1.png?fit=1816%2C1016&ssl=1","jetpack-related-posts":[],"jetpack_sharing_enabled":true,"_links":{"self":[{"href":"https:\/\/politicosaldesnudo.com.mx\/index.php\/wp-json\/wp\/v2\/posts\/11342","targetHints":{"allow":["GET"]}}],"collection":[{"href":"https:\/\/politicosaldesnudo.com.mx\/index.php\/wp-json\/wp\/v2\/posts"}],"about":[{"href":"https:\/\/politicosaldesnudo.com.mx\/index.php\/wp-json\/wp\/v2\/types\/post"}],"author":[{"embeddable":true,"href":"https:\/\/politicosaldesnudo.com.mx\/index.php\/wp-json\/wp\/v2\/users\/4"}],"replies":[{"embeddable":true,"href":"https:\/\/politicosaldesnudo.com.mx\/index.php\/wp-json\/wp\/v2\/comments?post=11342"}],"version-history":[{"count":0,"href":"https:\/\/politicosaldesnudo.com.mx\/index.php\/wp-json\/wp\/v2\/posts\/11342\/revisions"}],"wp:featuredmedia":[{"embeddable":true,"href":"https:\/\/politicosaldesnudo.com.mx\/index.php\/wp-json\/wp\/v2\/media\/11343"}],"wp:attachment":[{"href":"https:\/\/politicosaldesnudo.com.mx\/index.php\/wp-json\/wp\/v2\/media?parent=11342"}],"wp:term":[{"taxonomy":"category","embeddable":true,"href":"https:\/\/politicosaldesnudo.com.mx\/index.php\/wp-json\/wp\/v2\/categories?post=11342"},{"taxonomy":"post_tag","embeddable":true,"href":"https:\/\/politicosaldesnudo.com.mx\/index.php\/wp-json\/wp\/v2\/tags?post=11342"}],"curies":[{"name":"wp","href":"https:\/\/api.w.org\/{rel}","templated":true}]}}