{"id":11354,"date":"2022-10-14T06:00:24","date_gmt":"2022-10-14T11:00:24","guid":{"rendered":"https:\/\/politicosaldesnudo.com.mx\/?p=11354"},"modified":"2022-10-14T07:08:19","modified_gmt":"2022-10-14T12:08:19","slug":"la-delincuencia-esta-adentro","status":"publish","type":"post","link":"https:\/\/politicosaldesnudo.com.mx\/index.php\/2022\/10\/14\/la-delincuencia-esta-adentro\/","title":{"rendered":"La delincuencia est\u00e1 adentro"},"content":{"rendered":"<p>&nbsp;<\/p>\n<p class=\"p1\"><strong><span style=\"font-size: 18pt;\">Por Aurelio Contreras Moreno<\/span><\/strong><\/p>\n<p class=\"p1\"><span style=\"font-size: 14pt;\">Hace una semana, fueron dados a conocer reportes \u201chackeados\u201d a las bases de datos de la Secretar\u00eda de la Defensa Nacional en los que se menciona que funcionarios estatales tendr\u00edan v\u00ednculos con bandas de la delincuencia organizada en Veracruz.<\/span><\/p>\n<p class=\"p1\"><span style=\"font-size: 14pt;\">En uno de los reportes del Centro Regional de Fusi\u00f3n de Inteligencia \u201cSureste\u201d (Cerfise) -uno de los millones de documentos filtrados en el \u201cGuacamaya Leaks\u201d- fechado el 16 de marzo de 2019, se afirma que \u201cel gobernador del estado de Veracruz est\u00e1 apoyando la entrada a la entidad del C\u00e1rtel del Noreste\u201d para desplazar al C\u00e1rtel Jalisco Nueva Generaci\u00f3n.<span class=\"Apple-converted-space\">\u00a0<\/span><\/span><\/p>\n<p class=\"p1\"><span style=\"font-size: 14pt;\">En ese mismo documento tambi\u00e9n se se\u00f1ala que \u201clos titulares de la Secretar\u00eda de Seguridad P\u00fablica estatal, Polic\u00eda Estatal y Fuerza Civil, dan protecci\u00f3n al C\u00e1rtel del Noreste\u201d.<\/span><\/p>\n<p class=\"p1\"><span style=\"font-size: 14pt;\">Como es usual que ocurra en M\u00e9xico, no pas\u00f3 nada. El gobernador Cuitl\u00e1huac Garc\u00eda Jim\u00e9nez sali\u00f3 a decir -24 horas despu\u00e9s de que se difundi\u00f3 la informaci\u00f3n- que lo investigaran a \u00e9l y a su familia porque no tiene nada que esconder, y para distraer, su r\u00e9gimen mont\u00f3 una campa\u00f1a para destacar sus \u201clogros\u201d en materia de seguridad p\u00fablica.<\/span><\/p>\n<p class=\"p1\"><span style=\"font-size: 14pt;\">Solo pas\u00f3 exactamente una semana para que dos mandos de la Secretar\u00eda de Seguridad P\u00fablica fueran detenidos por elementos de la Polic\u00eda Naval y de la Ministerial: el ex director de Operaciones de la\u00a0dependencia y actual director de la Academia de Polic\u00eda de El Lencero, Alan Cipri\u00e1n Canseco alias \u201cComandante Rel\u00e1mpago\u201d, y el delegado de la misma SSP en la zona conurbada Veracruz-Boca del R\u00edo, Ricardo de Jes\u00fas Hern\u00e1ndez Hern\u00e1ndez alias \u201cGaleno\u201d, junto con otros dos elementos policiacos.<\/span><\/p>\n<p class=\"p1\"><span style=\"font-size: 14pt;\">A todos se les implica en la desaparici\u00f3n forzada del\u00a0exdirector de la Polic\u00eda Vial, Juan Alan Cuetero Meza, alias el\u00a0\u201cArchi\u201d, ocurrida a fines de mayo de este mismo a\u00f1o en la ciudad de Veracruz. Esto es, sus propios compa\u00f1eros se habr\u00edan encargado de desaparecerlo, en una muestra clara del nivel de podredumbre que impera en la dependencia que encabeza Hugo Guti\u00e9rrez Maldonado.<\/span><\/p>\n<p class=\"p1\"><span style=\"font-size: 14pt;\">Pero la descomposici\u00f3n es todav\u00eda m\u00e1s profunda. El mismo \u201cArchi\u201d estaba implicado en hechos delictivos graves a su paso por la delegaci\u00f3n de la SSP en Acayucan, donde se le relacion\u00f3 con la desaparici\u00f3n forzada del joven Alex Enrique Guill\u00e9n Dom\u00ednguez en junio de 2020, tras de lo cual fue \u201cpremiado\u201d con su traslado a la direcci\u00f3n de la Polic\u00eda Vial de Veracruz. Antes de \u00e9l mismo ser desaparecido, iba a ser ascendido como director de Operaciones de la Secretar\u00eda de Seguridad P\u00fablica, cargo que en ese momento ocupaba uno de sus presuntos verdugos.<\/span><\/p>\n<p class=\"p1\"><span style=\"font-size: 14pt;\">Con el esc\u00e1ndalo encima, al gobernador no le qued\u00f3 de otra que salir a tratar de tapar el porquerizo: hizo un pronunciamiento en el que enfatiz\u00f3 que \u201creiteradamente y de manera p\u00fablica he llamado a mis colaboradores a apegarse a los principios que rigen este movimiento: honestidad, no traicionar al pueblo y dirigirse con la verdad\u201d, al mismo tiempo que intent\u00f3 evadir la responsabilidad diciendo que \u201cpor unos cuantos elementos que desatienden las instrucciones, no vamos a arrastrar a toda una corporaci\u00f3n que pretendemos limpiar\u201d.<\/span><\/p>\n<p class=\"p1\"><span style=\"font-size: 14pt;\">Pero en cuatro a\u00f1os en el gobierno no han limpiado absolutamente nada. Hace unos cuantos d\u00edas autoridades del estado de Puebla detuvieron a elementos de Seguridad P\u00fablica de Veracruz por robo a transporte en la misma zona donde tambi\u00e9n hace una semana se cometi\u00f3 un asalto masivo a automovilistas varados en la autopista, hecho que de manera ins\u00f3lita \u2013y c\u00ednica- la Secretar\u00eda de Seguridad P\u00fablica neg\u00f3 que hubiese ocurrido a pesar de todos los testimonios publicados en redes sociales.<\/span><\/p>\n<p class=\"p1\"><span style=\"font-size: 14pt;\">La evidencia de la putrefacci\u00f3n en la SSP ya deber\u00eda haber provocado la salida de su titular. En cambio, lo que hay son peroratas del gobernador en las que vocifera tener \u201cautoridad moral para convocar a todo mi gabinete y funcionarios de este gobierno a conducirse y seguir conduci\u00e9ndose bajo los principios de la cuarta transformaci\u00f3n: no robar, no mentir y no traicionar al pueblo\u201d, mientras jura que \u201cno tenemos pactos con la delincuencia\u201d.<\/span><\/p>\n<p class=\"p1\"><span style=\"font-size: 14pt;\">Debe ser. La delincuencia est\u00e1 adentro.<\/span><\/p>\n<p>&nbsp;<\/p>\n<p>&nbsp;<\/p>\n<p class=\"p1\"><span style=\"font-size: 18pt;\"><strong>Correo: <a href=\"mailto:aureliocontreras@gmail.com\">aureliocontreras@gmail.com<\/a><\/strong><\/span><\/p>\n<p class=\"p1\"><span style=\"font-size: 18pt;\"><strong>Twitter: <a href=\"http:\/\/www.twitter.com\/yeyocontreras\">@yeyocontreras<\/a><\/strong><\/span><\/p>\n<p>&nbsp;<\/p>\n<p><span style=\"font-size: 18pt; color: #319eca;\"><em><strong>**Las columnas firmadas en este medio son responsabilidad de quienes las firman**<\/strong><\/em><\/span><\/p>\n<p>&nbsp;<\/p>\n<p class=\"p1\">\n","protected":false},"excerpt":{"rendered":"<p>&nbsp; Por Aurelio Contreras Moreno Hace una semana, fueron dados a conocer reportes \u201chackeados\u201d a las bases de datos de<\/p>\n","protected":false},"author":4,"featured_media":4397,"comment_status":"closed","ping_status":"closed","sticky":false,"template":"","format":"standard","meta":{"colormag_page_container_layout":"default_layout","colormag_page_sidebar_layout":"default_layout","_jetpack_memberships_contains_paid_content":false,"footnotes":"","jetpack_publicize_message":"","jetpack_publicize_feature_enabled":true,"jetpack_social_post_already_shared":false,"jetpack_social_options":{"image_generator_settings":{"template":"highway","default_image_id":0,"font":"","enabled":false},"version":2}},"categories":[26],"tags":[],"class_list":["post-11354","post","type-post","status-publish","format-standard","has-post-thumbnail","hentry","category-columnistas"],"jetpack_publicize_connections":[],"jetpack_featured_media_url":"https:\/\/i0.wp.com\/politicosaldesnudo.com.mx\/wp-content\/uploads\/2022\/04\/AURELIO-CONTRERAS-MORENO-1.png?fit=1816%2C1016&ssl=1","jetpack-related-posts":[],"jetpack_sharing_enabled":true,"_links":{"self":[{"href":"https:\/\/politicosaldesnudo.com.mx\/index.php\/wp-json\/wp\/v2\/posts\/11354","targetHints":{"allow":["GET"]}}],"collection":[{"href":"https:\/\/politicosaldesnudo.com.mx\/index.php\/wp-json\/wp\/v2\/posts"}],"about":[{"href":"https:\/\/politicosaldesnudo.com.mx\/index.php\/wp-json\/wp\/v2\/types\/post"}],"author":[{"embeddable":true,"href":"https:\/\/politicosaldesnudo.com.mx\/index.php\/wp-json\/wp\/v2\/users\/4"}],"replies":[{"embeddable":true,"href":"https:\/\/politicosaldesnudo.com.mx\/index.php\/wp-json\/wp\/v2\/comments?post=11354"}],"version-history":[{"count":0,"href":"https:\/\/politicosaldesnudo.com.mx\/index.php\/wp-json\/wp\/v2\/posts\/11354\/revisions"}],"wp:featuredmedia":[{"embeddable":true,"href":"https:\/\/politicosaldesnudo.com.mx\/index.php\/wp-json\/wp\/v2\/media\/4397"}],"wp:attachment":[{"href":"https:\/\/politicosaldesnudo.com.mx\/index.php\/wp-json\/wp\/v2\/media?parent=11354"}],"wp:term":[{"taxonomy":"category","embeddable":true,"href":"https:\/\/politicosaldesnudo.com.mx\/index.php\/wp-json\/wp\/v2\/categories?post=11354"},{"taxonomy":"post_tag","embeddable":true,"href":"https:\/\/politicosaldesnudo.com.mx\/index.php\/wp-json\/wp\/v2\/tags?post=11354"}],"curies":[{"name":"wp","href":"https:\/\/api.w.org\/{rel}","templated":true}]}}