{"id":11402,"date":"2022-10-17T01:27:49","date_gmt":"2022-10-17T06:27:49","guid":{"rendered":"https:\/\/politicosaldesnudo.com.mx\/?p=11402"},"modified":"2022-10-17T01:27:49","modified_gmt":"2022-10-17T06:27:49","slug":"los-retos-de-la-adversidad-y-la-izquierda-mexicana","status":"publish","type":"post","link":"https:\/\/politicosaldesnudo.com.mx\/index.php\/2022\/10\/17\/los-retos-de-la-adversidad-y-la-izquierda-mexicana\/","title":{"rendered":"Los retos de la adversidad y la izquierda mexicana"},"content":{"rendered":"<p class=\"p1\">\n<p>&nbsp;<\/p>\n<p class=\"p1\"><span style=\"font-size: 18pt;\"><b>Por Ra\u00fal L\u00f3pez G\u00f3mez<\/b><\/span><\/p>\n<p class=\"p1\"><span style=\"font-size: 14pt;\">\u00bfPor qu\u00e9 el sentimiento de felicidad a pesar de lo negativo de las vicisitudes de la vida y las contradicciones de una lucha contra el destino?<\/span><\/p>\n<p class=\"p1\"><span style=\"font-size: 14pt;\">Acerca del mexicano, como el ser m\u00e1s feliz sobre el planeta, porque aprendi\u00f3 a ir a contracorriente, pero tambi\u00e9n a aceptar la realidad.<\/span><\/p>\n<p class=\"p1\"><span style=\"font-size: 14pt;\">Desde el origen de la pobreza, el trabajo diario, la persistencia y la superaci\u00f3n personal mediante el estudio y tambi\u00e9n el sacrificio, es como millones de mexicanos salen adelante al paso del tiempo.<\/span><\/p>\n<p class=\"p1\"><span style=\"font-size: 14pt;\">Resistir a todo lo malo de ser pobre ac\u00e1 en M\u00e9xico se ha tomado como todo un deporte, el de resistir o aguantar a todo lo que se ve imposible, pero al final del d\u00eda los anhelos, sue\u00f1os y esperanzas, se cumplen.<\/span><\/p>\n<p class=\"p1\"><span style=\"font-size: 14pt;\">Hay quienes hablan de \u201clos tragos amargos\u201d pero ac\u00e1 se bebe toda una cubeta de esos sue\u00f1os imposibles, que al final con el \u00e9xito o el triunfo, muchos ya no quieren recordar y menos regresar al origen, ni en los recuerdos.<\/span><\/p>\n<p class=\"p1\"><span style=\"font-size: 14pt;\">No olvidar el pasado, para seguir con los pies sobre la tierra, porque dicen que la vida da vueltas, y luego duelen m\u00e1s las ca\u00eddas.<\/span><\/p>\n<p class=\"p1\"><span style=\"font-size: 14pt;\">Esas generaciones de antes, de moverse en el autob\u00fas del transporte p\u00fablico, de no tener para una torta o un refresco y el recuerdo de las carencias a lo que nunca se vio como una tragedia, menos como una condici\u00f3n para no luchar por el futuro.<\/span><\/p>\n<p class=\"p1\"><span style=\"font-size: 14pt;\">Seguir en la lucha diaria, despu\u00e9s de aquellos tiempos, s\u00f3lo quedan en el pasado los recuerdos a los tiempos \u201chermosos\u201d de precariedad, pero tambi\u00e9n de felicidad, porque de las crisis se hacen las fortalezas del ser humano.<\/span><\/p>\n<p class=\"p1\"><span style=\"font-size: 14pt;\">El ser feliz con poco y con la solidaridad siempre de unos y otros, superar aquellos tiempos de<span class=\"Apple-converted-space\">\u00a0 <\/span>\u201cvacas flacas\u201d, que como pesadilla quedaron en el pasado, y ahora son las remembranzas de los tiempos idos.<\/span><\/p>\n<p class=\"p1\"><span style=\"font-size: 14pt;\">Los que vienen empujando la piedra, son a los que ahora se requiere de apoyar y de esa forma el pa\u00eds saldr\u00e1 adelante con otra visi\u00f3n de ayudar a los que menos tienen.<\/span><\/p>\n<p class=\"p1\"><span style=\"font-size: 14pt;\">Pero, los que tienen en abundancia apuestan a que los de las grandes mayor\u00edas sigan sufriendo de falta de justicia y de las carencias de siempre, pero ahora son otros tiempos y precisamente en esta era de la Cuarta Transformaci\u00f3n, la gente est\u00e1 contenta con los programas sociales de bienestar y en el campo en donde por fin muchos millones de mexicanos en los tiempos dif\u00edciles de la pandemia y ahora con la galopante inflaci\u00f3n se sale adelante y se da un equilibrio a la cr\u00edtica situaci\u00f3n.<\/span><\/p>\n<p>&nbsp;<\/p>\n<p class=\"p1\"><span style=\"font-size: 18pt; color: #139eca;\"><b>EL RECONOCIMIENTO<\/b><\/span><\/p>\n<p class=\"p1\"><span style=\"font-size: 14pt;\">En esta semana, en Palacio Nacional, dio amplio reconocimiento, el presidente Andr\u00e9s Manuel L\u00f3pez Obrador al maestro Jos\u00e9 Pablo Robles Mart\u00ednez y su esposa la se\u00f1ora Roselia Barajas Olea, embajadora de M\u00e9xico en Costa Rica, quienes acompa\u00f1ados de sus hijos Pablo, H\u00e9ctor, M\u00f3nica y Laura, recibieron la c\u00e1lida recepci\u00f3n a toda una familia, que por m\u00e1s de treinta a\u00f1os han sido amigos y aliados AMLO, a pesar de todas las circunstancias de estar unidos siempre, sin importar el tiempo y lugar.<\/span><\/p>\n<p class=\"p1\"><span style=\"font-size: 14pt;\">Todo, en el terreno de la pluralidad de siempre, en el campo de la libertad de expresi\u00f3n, que antes en tiempos dif\u00edciles juntos enfrentaron estoicos la persecuci\u00f3n y represi\u00f3n del viejo sistema caduco de censura medi\u00e1tica.<\/span><\/p>\n<p class=\"p1\"><span style=\"font-size: 14pt;\">Y tambi\u00e9n, de aquella cl\u00e1sica intolerancia, que cost\u00f3 muchos a\u00f1os para ponerle fin a trav\u00e9s del camino democr\u00e1tico y dar comienzo a una era en el pa\u00eds, que es el de la Cuarta Transformaci\u00f3n de crecimiento y desarrollo insospechado para todos los mexicanos.<span class=\"Apple-converted-space\">\u00a0<\/span><\/span><\/p>\n<p class=\"p1\"><span style=\"font-size: 14pt;\">Los grandes aportes de la familia Robles Barajas, por una lucha de pluralidad democr\u00e1tica en el campo electoral y de la informaci\u00f3n, hoy tiene en el presidente Andr\u00e9s Manuel L\u00f3pez Obrador, a un amigo y un aliado, que juntos resistieron a todo tipo de persecuci\u00f3n desde el poder.<\/span><\/p>\n<p class=\"p1\"><span style=\"font-size: 14pt;\">Con la m\u00e1s grande bandera de la izquierda, enarbolada por do\u00f1a Roselia Barajas Olea, quien nunca claudico a los sue\u00f1os e ideales de sus compa\u00f1eros Heberto Castillo y Arnoldo Mart\u00ednez Verdugo, l\u00edderes de la izquierda mexicana, de grandes contribuciones para la patria, y hoy vivas en la lucha de una causa, hecha realidad con los programas de bienestar de amplio reconocimiento mundial. As\u00ed las cosas.<\/span><\/p>\n<p>&nbsp;<\/p>\n<p>&nbsp;<\/p>\n<p><span style=\"font-size: 18pt; color: #319eca;\"><em><strong>**Las columnas firmadas en este medio son responsabilidad de quienes las firman**<\/strong><\/em><\/span><\/p>\n<p>&nbsp;<\/p>\n<p>&nbsp;<\/p>\n<p>&nbsp;<\/p>\n","protected":false},"excerpt":{"rendered":"<p>&nbsp; Por Ra\u00fal L\u00f3pez G\u00f3mez \u00bfPor qu\u00e9 el sentimiento de felicidad a pesar de lo negativo de las vicisitudes de<\/p>\n","protected":false},"author":4,"featured_media":4378,"comment_status":"closed","ping_status":"closed","sticky":false,"template":"","format":"standard","meta":{"colormag_page_container_layout":"default_layout","colormag_page_sidebar_layout":"default_layout","_jetpack_memberships_contains_paid_content":false,"footnotes":"","jetpack_publicize_message":"","jetpack_publicize_feature_enabled":true,"jetpack_social_post_already_shared":false,"jetpack_social_options":{"image_generator_settings":{"template":"highway","default_image_id":0,"font":"","enabled":false},"version":2}},"categories":[26],"tags":[],"class_list":["post-11402","post","type-post","status-publish","format-standard","has-post-thumbnail","hentry","category-columnistas"],"jetpack_publicize_connections":[],"jetpack_featured_media_url":"https:\/\/i0.wp.com\/politicosaldesnudo.com.mx\/wp-content\/uploads\/2022\/04\/RAU%CC%81L-LO%CC%81PEZ-GO%CC%81MEZ.png?fit=1816%2C1016&ssl=1","jetpack-related-posts":[],"jetpack_sharing_enabled":true,"_links":{"self":[{"href":"https:\/\/politicosaldesnudo.com.mx\/index.php\/wp-json\/wp\/v2\/posts\/11402","targetHints":{"allow":["GET"]}}],"collection":[{"href":"https:\/\/politicosaldesnudo.com.mx\/index.php\/wp-json\/wp\/v2\/posts"}],"about":[{"href":"https:\/\/politicosaldesnudo.com.mx\/index.php\/wp-json\/wp\/v2\/types\/post"}],"author":[{"embeddable":true,"href":"https:\/\/politicosaldesnudo.com.mx\/index.php\/wp-json\/wp\/v2\/users\/4"}],"replies":[{"embeddable":true,"href":"https:\/\/politicosaldesnudo.com.mx\/index.php\/wp-json\/wp\/v2\/comments?post=11402"}],"version-history":[{"count":0,"href":"https:\/\/politicosaldesnudo.com.mx\/index.php\/wp-json\/wp\/v2\/posts\/11402\/revisions"}],"wp:featuredmedia":[{"embeddable":true,"href":"https:\/\/politicosaldesnudo.com.mx\/index.php\/wp-json\/wp\/v2\/media\/4378"}],"wp:attachment":[{"href":"https:\/\/politicosaldesnudo.com.mx\/index.php\/wp-json\/wp\/v2\/media?parent=11402"}],"wp:term":[{"taxonomy":"category","embeddable":true,"href":"https:\/\/politicosaldesnudo.com.mx\/index.php\/wp-json\/wp\/v2\/categories?post=11402"},{"taxonomy":"post_tag","embeddable":true,"href":"https:\/\/politicosaldesnudo.com.mx\/index.php\/wp-json\/wp\/v2\/tags?post=11402"}],"curies":[{"name":"wp","href":"https:\/\/api.w.org\/{rel}","templated":true}]}}