{"id":11421,"date":"2022-10-17T02:55:14","date_gmt":"2022-10-17T07:55:14","guid":{"rendered":"https:\/\/politicosaldesnudo.com.mx\/?p=11421"},"modified":"2022-10-17T02:55:48","modified_gmt":"2022-10-17T07:55:48","slug":"mauricio-vila-con-amlo-a-pesar-del-pan","status":"publish","type":"post","link":"https:\/\/politicosaldesnudo.com.mx\/index.php\/2022\/10\/17\/mauricio-vila-con-amlo-a-pesar-del-pan\/","title":{"rendered":"Mauricio Vila con AMLO, a pesar del PAN"},"content":{"rendered":"<p>&nbsp;<\/p>\n<p class=\"p1\"><span style=\"font-size: 18pt;\"><b>Por \u00c1ngel \u00c1lvaro Pe\u00f1a<\/b><\/span><\/p>\n<p class=\"p1\"><span style=\"font-size: 14pt;\">La oposici\u00f3n est\u00e1 tan dividida que sus dirigentes enquistados en sus partidos se muestran cada vez m\u00e1s extraviados. Muestra evidente de lo anterior es el l\u00edder nacional del PAN, quien coloc\u00f3 entre los primeros lugares para ser abanderado de su partido a la Presidencia de la Rep\u00fablica al actual gobernador de Yucat\u00e1n, Mauricio Vila, quien pareciera colaborar m\u00e1s con el Presidente a trav\u00e9s de su compromiso con el tren Maya y el desarrollo de la pen\u00ednsula que con la grilla panista.<\/span><\/p>\n<p class=\"p1\"><span style=\"font-size: 18pt;\"><strong><span style=\"color: #139eca;\">La c\u00fapula del PAN tiene en Yucat\u00e1n el \u00fanico lugar donde la solidez de su gobernador puede tener sustento<\/span>. Porque en la entidad la seguridad se impone, y, aunque hay quejas sobre violaciones a los derechos humanos, el orden impera en ese estado.<\/strong><\/span><\/p>\n<p class=\"p1\"><span style=\"font-size: 18pt;\"><strong>Hay un sinn\u00famero de logros en el gobernador Vila, que desechan cualquier otro posible candidato de ese partido a ser competitivos en la lucha por el puesto pol\u00edtico m\u00e1s importante del pa\u00eds.<\/strong><\/span><\/p>\n<p><img data-recalc-dims=\"1\" loading=\"lazy\" decoding=\"async\" class=\"aligncenter wp-image-11422 size-large\" src=\"https:\/\/i0.wp.com\/politicosaldesnudo.com.mx\/wp-content\/uploads\/2022\/10\/P-MAURICIO-VILA-AMLO-1-1024x573.png?resize=800%2C448&#038;ssl=1\" alt=\"\" width=\"800\" height=\"448\" srcset=\"https:\/\/i0.wp.com\/politicosaldesnudo.com.mx\/wp-content\/uploads\/2022\/10\/P-MAURICIO-VILA-AMLO-1.png?resize=1024%2C573&amp;ssl=1 1024w, https:\/\/i0.wp.com\/politicosaldesnudo.com.mx\/wp-content\/uploads\/2022\/10\/P-MAURICIO-VILA-AMLO-1.png?resize=300%2C168&amp;ssl=1 300w, https:\/\/i0.wp.com\/politicosaldesnudo.com.mx\/wp-content\/uploads\/2022\/10\/P-MAURICIO-VILA-AMLO-1.png?resize=768%2C430&amp;ssl=1 768w, https:\/\/i0.wp.com\/politicosaldesnudo.com.mx\/wp-content\/uploads\/2022\/10\/P-MAURICIO-VILA-AMLO-1.png?resize=1536%2C859&amp;ssl=1 1536w, https:\/\/i0.wp.com\/politicosaldesnudo.com.mx\/wp-content\/uploads\/2022\/10\/P-MAURICIO-VILA-AMLO-1.png?w=1816&amp;ssl=1 1816w, https:\/\/i0.wp.com\/politicosaldesnudo.com.mx\/wp-content\/uploads\/2022\/10\/P-MAURICIO-VILA-AMLO-1.png?w=1600&amp;ssl=1 1600w\" sizes=\"auto, (max-width: 800px) 100vw, 800px\" \/><\/p>\n<p class=\"p1\"><span style=\"font-size: 18pt;\"><strong><span style=\"color: #139eca;\">El gobernador Mauricio Vila Dosal y Andr\u00e9s Manuel L\u00f3pez Obrador sostuvieron una armoniosa reuni\u00f3n de trabajo en la que, adem\u00e1s de reiterar el compromiso de seguir promoviendo obras<\/span>, que detonen el desarrollo de Yucat\u00e1n y el sureste del pa\u00eds, dieron seguimiento a los avances de proyectos estrat\u00e9gicos, principalmente de infraestructura, energ\u00edas limpias, desarrollo portuario y el Tren Maya.<\/strong><\/span><\/p>\n<p class=\"p1\"><span style=\"font-size: 14pt;\">El Presidente de M\u00e9xico ha ido nueve veces a Yucat\u00e1n en lo que va del a\u00f1o. Es decir, una vez por mes, por lo que la reiterada amistad se convierte en confianza mutua.<\/span><\/p>\n<p class=\"p1\"><span style=\"font-size: 14pt;\">En esta reuni\u00f3n de trabajo revisaron los proyectos como la construcci\u00f3n de dos plantas de generaci\u00f3n de energ\u00eda el\u00e9ctrica de ciclo combinado en Valladolid y en M\u00e9rida, ambas resultado de las gestiones de Vila Dosal ante la Federaci\u00f3n para garantizar el abasto de energ\u00eda el\u00e9ctrica, as\u00ed como la ampliaci\u00f3n del ducto Mayak\u00e1n para garantizar el abasto de gas natural a la entidad y contribuir a disminuir el costo de las tarifas el\u00e9ctricas.<\/span><\/p>\n<p class=\"p1\"><span style=\"font-size: 18pt;\"><strong>Durante el encuentro con el Presidente, se adelant\u00f3 que, la pr\u00f3xima semana, se firmar\u00e1 un convenio de colaboraci\u00f3n con la Secretar\u00eda de la Marina para ampliar el Puerto de Altura de Progreso, mejorar las condiciones log\u00edsticas e incrementar las ventajas competitivas de Yucat\u00e1n, adem\u00e1s de la carta de intenci\u00f3n con Fincantieri para construir el astillero m\u00e1s grande de toda Am\u00e9rica.<\/strong><\/span><\/p>\n<p class=\"p1\"><span style=\"font-size: 14pt;\">Es decir, el gobierno federal apoya de manera considerable el sureste, como se anunci\u00f3 desde la campa\u00f1a del actual presidente, mientras que otros candidatos del PAN apoyan el proyecto. Las c\u00fapulas de la oposici\u00f3n s\u00f3lo muestran su pobreza mental y su carencia de proyectos congruentes, como es el caso del gobernador de Guanajuato, quien a pesar de estar contra la permanencia de los militares en las calles y su partido ser el m\u00e1s feroz enemigo de esta ampliaci\u00f3n, inaugur\u00f3 4 preparatorias militarizadas en su entidad, como uno de sus logros pol\u00edticos. Estas actitudes definitivamente esquizofr\u00e9nicas se debilitan a la oposici\u00f3n y principalmente al PAN que no hay d\u00eda que tengas contradicciones grandes y graves.<\/span><\/p>\n<p class=\"p1\"><span style=\"font-size: 14pt;\">La opci\u00f3n se ha entrampado en este tema m\u00e1s de lo que pudiera imaginarse. Por ejemplo, el PRI, cuyo pol\u00e9mico l\u00edder nacional de nombre Alito, dice estar contra esta ampliaci\u00f3n de tiempo para la Sedena en las calles, se olvida que, en 1929, cuando se funda su partido a manos de un general, Plutarco El\u00edas Calles; cuando en 1938, vuelve a cambiar de nombre, se realiza durante el sexenio de otro general, L\u00e1zaro C\u00e1rdenas, y cuando por fin se denomina PRI, en 1946, se hace en el mandato de otro general, Manuel \u00c1vila Camacho.<\/span><\/p>\n<p class=\"p1\"><span style=\"font-size: 18pt;\"><strong>La historia del PRI la forjaron los generales desde el primer d\u00eda que surgi\u00f3 con el nombre de Partido Nacional Revolucionario. Falta de memoria, de instrucci\u00f3n, de capacidad de cultura pol\u00edtica o de otra cosa.<\/strong><\/span><\/p>\n<p class=\"p1\"><span style=\"font-size: 14pt;\">En cuanto al ag\u00f3nico PRD que se dice defensor de la libertad de los mexicanos acaba de interponer el amparo n\u00famero 50 contra la intenci\u00f3n de que los militares permanezcan en las calles hasta 2028, porque aseguran que se niegan porque viola el proceso legislativo y el incumplimiento de consulta de los pueblos ind\u00edgenas, pero cuando hay una consulta popular los perredistas son los primeros en rechazarla y cuestionarla.<\/span><\/p>\n<p class=\"p1\"><span style=\"font-size: 14pt;\">Cuando el Presidente anunci\u00f3 la posibilidad de realizar una\u00a0consulta ciudadana\u00a0sobre la permanencia de las\u00a0Fuerzas armadas,\u00a0en materia de seguridad p\u00fablica hasta el 2028, senadores del PAN y de lo que queda del PRD advirtieron que continuar\u00e1 el trabajo legislativo para votar la reforma constitucional se\u00f1alando que no era necesaria la consulta.<\/span><\/p>\n<p class=\"p1\"><span style=\"font-size: 14pt;\">Hace un a\u00f1o, \u00c1ngel \u00c1vila, l\u00edder del PRD en la CDMX, asegur\u00f3 que la ciudadan\u00eda no vot\u00f3 en la consulta popular por conciencia ciudadana, pues se trat\u00f3 de un instrumento que fue pervertido por el presidente y su partido.\u00a0Qui\u00e9n les entiende.<\/span><\/p>\n<p>&nbsp;<\/p>\n<p><img data-recalc-dims=\"1\" loading=\"lazy\" decoding=\"async\" class=\"aligncenter wp-image-11423 size-large\" src=\"https:\/\/i0.wp.com\/politicosaldesnudo.com.mx\/wp-content\/uploads\/2022\/10\/P-MAURICIO-VILA-AMLO-2-1024x573.png?resize=800%2C448&#038;ssl=1\" alt=\"\" width=\"800\" height=\"448\" srcset=\"https:\/\/i0.wp.com\/politicosaldesnudo.com.mx\/wp-content\/uploads\/2022\/10\/P-MAURICIO-VILA-AMLO-2.png?resize=1024%2C573&amp;ssl=1 1024w, https:\/\/i0.wp.com\/politicosaldesnudo.com.mx\/wp-content\/uploads\/2022\/10\/P-MAURICIO-VILA-AMLO-2.png?resize=300%2C168&amp;ssl=1 300w, https:\/\/i0.wp.com\/politicosaldesnudo.com.mx\/wp-content\/uploads\/2022\/10\/P-MAURICIO-VILA-AMLO-2.png?resize=768%2C430&amp;ssl=1 768w, https:\/\/i0.wp.com\/politicosaldesnudo.com.mx\/wp-content\/uploads\/2022\/10\/P-MAURICIO-VILA-AMLO-2.png?resize=1536%2C859&amp;ssl=1 1536w, https:\/\/i0.wp.com\/politicosaldesnudo.com.mx\/wp-content\/uploads\/2022\/10\/P-MAURICIO-VILA-AMLO-2.png?w=1816&amp;ssl=1 1816w, https:\/\/i0.wp.com\/politicosaldesnudo.com.mx\/wp-content\/uploads\/2022\/10\/P-MAURICIO-VILA-AMLO-2.png?w=1600&amp;ssl=1 1600w\" sizes=\"auto, (max-width: 800px) 100vw, 800px\" \/><\/p>\n<p>&nbsp;<\/p>\n<p class=\"p1\"><span style=\"font-size: 18pt;\"><strong>Es por esto que hasta los m\u00e1s destacados militantes de la oposici\u00f3n como es el caso de Mauricio Vila, prefieren tratar con el Presidente de M\u00e9xico que, con sus l\u00edderes partidistas, cuya cercan\u00eda los puede contagiar de incertidumbre y dudas.<\/strong><\/span><\/p>\n<p class=\"p1\"><span style=\"font-size: 14pt;\">En cuanto a la reacci\u00f3n veleidosa de Movimiento Ciudadano present\u00f3 una acci\u00f3n de inconstitucionalidad contra la reforma aprobada por Morena y sus aliados que entrega la coordinaci\u00f3n de la Guardia Nacional a la Secretar\u00eda de la Defensa Nacional, pero cada semana el gobernador emecista de Jalisco pide mayor n\u00famero de elementos dela Guardia Nacional y del Ej\u00e9rcito se dirijan a vigilar la entidad, porque la violencia, producto de complicidades y arreglos de las m\u00e1s altas autoridades de Jalisco, crece sin control.<\/span><\/p>\n<p class=\"p1\"><span style=\"font-size: 14pt;\">Es natural, incluso recomendable el hecho de que los miembros de la oposici\u00f3n mantengan una relaci\u00f3n de armon\u00eda con el partido en el poder y sus funcionarios. Sin embargo, la violencia verbal que practican algunos panistas contra la actual administraci\u00f3n p\u00fablica obliga a pensar que algunos pol\u00edticos de oposici\u00f3n se entienden mejor con el actual gobierno que con sus propios correligionarios.<\/span><\/p>\n<p class=\"p1\"><span style=\"font-size: 18pt;\"><strong>El PAN puede quedarse sin sus precandidatos ante la falta de solidez de su estructura partidista y el resto de los partidos de oposici\u00f3n no est\u00e1n mejor.<\/strong><\/span><\/p>\n<p>&nbsp;<\/p>\n<p class=\"p1\"><span style=\"font-size: 18pt; color: #139eca;\"><b>PEGA Y CORRE<\/b><\/span><\/p>\n<p class=\"p1\"><span style=\"font-size: 14pt;\">El imberbe gobernador de Nuevo Le\u00f3n, desesperado por no ser tomado en cuenta como presidenciable por el l\u00edder nacional de su partido, declara que ojal\u00e1 que M\u00e9xico se diera la oportunidad de tener un presidente de Nuevo Le\u00f3n, lo cual lejos de pensar en que pueda convencer a Dante Delgado, puede pensarse que quiere salir de Movimiento Ciudadano.<\/span><\/p>\n<p>&nbsp;<\/p>\n<p>&nbsp;<\/p>\n<p class=\"p1\"><span style=\"font-size: 18pt;\"><strong>Esta columna se publica los lunes, mi\u00e9rcoles y viernes<\/strong><\/span><\/p>\n<p>&nbsp;<\/p>\n<p><span style=\"font-size: 18pt; color: #319eca;\"><em><strong>**Las columnas firmadas en este medio son responsabilidad de quienes las firman**<\/strong><\/em><\/span><\/p>\n<p>&nbsp;<\/p>\n<p>&nbsp;<\/p>\n<p>&nbsp;<\/p>\n<p>&nbsp;<\/p>\n","protected":false},"excerpt":{"rendered":"<p>&nbsp; Por \u00c1ngel \u00c1lvaro Pe\u00f1a La oposici\u00f3n est\u00e1 tan dividida que sus dirigentes enquistados en sus partidos se muestran cada<\/p>\n","protected":false},"author":4,"featured_media":3775,"comment_status":"closed","ping_status":"closed","sticky":false,"template":"","format":"standard","meta":{"colormag_page_container_layout":"default_layout","colormag_page_sidebar_layout":"default_layout","_jetpack_memberships_contains_paid_content":false,"footnotes":"","jetpack_publicize_message":"","jetpack_publicize_feature_enabled":true,"jetpack_social_post_already_shared":false,"jetpack_social_options":{"image_generator_settings":{"template":"highway","default_image_id":0,"font":"","enabled":false},"version":2}},"categories":[26],"tags":[95,1634,103,318,454,996],"class_list":["post-11421","post","type-post","status-publish","format-standard","has-post-thumbnail","hentry","category-columnistas","tag-andres-manuel-lopez-obrador","tag-mauricio-vila","tag-pan","tag-prd","tag-tren-maya","tag-yucatan"],"jetpack_publicize_connections":[],"jetpack_featured_media_url":"https:\/\/i0.wp.com\/politicosaldesnudo.com.mx\/wp-content\/uploads\/2022\/04\/A%CC%81NGEL-A%CC%81LVARO-PEN%CC%83A1.png?fit=1816%2C1016&ssl=1","jetpack-related-posts":[],"jetpack_sharing_enabled":true,"_links":{"self":[{"href":"https:\/\/politicosaldesnudo.com.mx\/index.php\/wp-json\/wp\/v2\/posts\/11421","targetHints":{"allow":["GET"]}}],"collection":[{"href":"https:\/\/politicosaldesnudo.com.mx\/index.php\/wp-json\/wp\/v2\/posts"}],"about":[{"href":"https:\/\/politicosaldesnudo.com.mx\/index.php\/wp-json\/wp\/v2\/types\/post"}],"author":[{"embeddable":true,"href":"https:\/\/politicosaldesnudo.com.mx\/index.php\/wp-json\/wp\/v2\/users\/4"}],"replies":[{"embeddable":true,"href":"https:\/\/politicosaldesnudo.com.mx\/index.php\/wp-json\/wp\/v2\/comments?post=11421"}],"version-history":[{"count":0,"href":"https:\/\/politicosaldesnudo.com.mx\/index.php\/wp-json\/wp\/v2\/posts\/11421\/revisions"}],"wp:featuredmedia":[{"embeddable":true,"href":"https:\/\/politicosaldesnudo.com.mx\/index.php\/wp-json\/wp\/v2\/media\/3775"}],"wp:attachment":[{"href":"https:\/\/politicosaldesnudo.com.mx\/index.php\/wp-json\/wp\/v2\/media?parent=11421"}],"wp:term":[{"taxonomy":"category","embeddable":true,"href":"https:\/\/politicosaldesnudo.com.mx\/index.php\/wp-json\/wp\/v2\/categories?post=11421"},{"taxonomy":"post_tag","embeddable":true,"href":"https:\/\/politicosaldesnudo.com.mx\/index.php\/wp-json\/wp\/v2\/tags?post=11421"}],"curies":[{"name":"wp","href":"https:\/\/api.w.org\/{rel}","templated":true}]}}