{"id":1147,"date":"2021-12-29T13:19:34","date_gmt":"2021-12-29T19:19:34","guid":{"rendered":"https:\/\/politicosaldesnudo.com.mx\/?p=1147"},"modified":"2023-03-17T11:21:51","modified_gmt":"2023-03-17T17:21:51","slug":"omicron-dispara-contagios-globales-cerca-del-millon-al-dia-oms","status":"publish","type":"post","link":"https:\/\/politicosaldesnudo.com.mx\/index.php\/2021\/12\/29\/omicron-dispara-contagios-globales-cerca-del-millon-al-dia-oms\/","title":{"rendered":"\u00d3micron dispara contagios globales, cerca del mill\u00f3n al d\u00eda: OMS"},"content":{"rendered":"<p class=\"p1\"><strong>GINEBRA.<\/strong> La\u00a0variante <strong>\u00d3micron\u00a0del coronavirus est\u00e1 provocando cifras de contagios diarios que no se hab\u00edan visto en dos a\u00f1os<\/strong>, pr\u00f3ximas <strong>al\u00a0mill\u00f3n de casos globales al d\u00eda<\/strong>, aunque la\u00a0Organizaci\u00f3n Mundial de la Salud (OMS)\u00a0mantiene la esperanza de acabar la \u00abfase aguda\u00bb de la pandemia en el a\u00f1o que comienza.<\/p>\n<blockquote>\n<p class=\"p1\">Sigo siendo optimista y creo que 2022 puede ser el a\u00f1o en el que no s\u00f3lo acabemos con la fase aguda de la pandemia, sino que tambi\u00e9n construyamos el camino a una mejor seguridad sanitaria\u00bb, destac\u00f3 el director general de la OMS, Tedros Adhanom Ghebreyesus<\/p>\n<\/blockquote>\n<p>&nbsp;<\/p>\n<figure id=\"attachment_1149\" aria-describedby=\"caption-attachment-1149\" style=\"width: 600px\" class=\"wp-caption aligncenter\"><img data-recalc-dims=\"1\" loading=\"lazy\" decoding=\"async\" class=\"wp-image-1149\" src=\"https:\/\/i0.wp.com\/politicosaldesnudo.com.mx\/wp-content\/uploads\/2021\/12\/COVID2-300x168.png?resize=600%2C336&#038;ssl=1\" alt=\"\" width=\"600\" height=\"336\" srcset=\"https:\/\/i0.wp.com\/politicosaldesnudo.com.mx\/wp-content\/uploads\/2021\/12\/COVID2.png?resize=300%2C168&amp;ssl=1 300w, https:\/\/i0.wp.com\/politicosaldesnudo.com.mx\/wp-content\/uploads\/2021\/12\/COVID2.png?resize=1024%2C573&amp;ssl=1 1024w, https:\/\/i0.wp.com\/politicosaldesnudo.com.mx\/wp-content\/uploads\/2021\/12\/COVID2.png?resize=768%2C430&amp;ssl=1 768w, https:\/\/i0.wp.com\/politicosaldesnudo.com.mx\/wp-content\/uploads\/2021\/12\/COVID2.png?resize=1536%2C859&amp;ssl=1 1536w, https:\/\/i0.wp.com\/politicosaldesnudo.com.mx\/wp-content\/uploads\/2021\/12\/COVID2.png?w=1816&amp;ssl=1 1816w, https:\/\/i0.wp.com\/politicosaldesnudo.com.mx\/wp-content\/uploads\/2021\/12\/COVID2.png?w=1600&amp;ssl=1 1600w\" sizes=\"auto, (max-width: 600px) 100vw, 600px\" \/><figcaption id=\"caption-attachment-1149\" class=\"wp-caption-text\">Tedros Adhanom Ghebreyesus, director General de la OMS.<\/figcaption><\/figure>\n<p>&nbsp;<\/p>\n<p class=\"p1\">Del 22 al 26 de diciembre se <strong>rompi\u00f3 la barrera de los 900 mil casos diarios de Covid 19, superando el anterior r\u00e9cord alcanzado en abril (894 mil)<\/strong>, mientras la variante \u00d3micron, m\u00e1s contagiosa que la delta, va convirti\u00e9ndose en la dominante en muchos pa\u00edses.<\/p>\n<p class=\"p1\">Sin embargo,\u00a0<b>el n\u00famero de fallecidos globales se mantiene<\/b>\u00a0en la actual ola entre los<strong> 4 mil y los 8 mil por d\u00eda<\/strong>, unas cifras que no han subido con el surgimiento de la nueva variante y que son similares a las de los \u00faltimos tres meses.<\/p>\n<p>&nbsp;<\/p>\n<p><strong>CUARENTENAS DE 14 D\u00cdAS<\/strong><\/p>\n<p class=\"p1\">Una posibilidad que consideraron plausible hoy expertos de la OMS, quienes se\u00f1alaron que cada pa\u00eds debe actuar en funci\u00f3n de su situaci\u00f3n epidemiol\u00f3gica. \u00abLa OMS recomienda cuarentenas de positivos Covid de 14 d\u00edas, aunque este periodo puede <b>acortarse ante diversas situacione<\/b>s\u00bb, subray\u00f3 el epidemi\u00f3logo de la OMS Abdi Mahamud.<\/p>\n<blockquote>\n<p class=\"p1\">La prioridad es contener la transmisi\u00f3n, pero hay que buscar un equilibrio para que no afecte especialmente a las sociedades y econom\u00edas\u00bb<\/p>\n<\/blockquote>\n<p class=\"p1\">Ryan dijo que los primeros estudios parecen indicar que el periodo de incubaci\u00f3n de Covid 19, que como promedio es de entre cinco y siete d\u00edas, <b>podr\u00eda bajar con la variante \u00d3micron<\/b>, lo que tambi\u00e9n facilitar\u00eda acortar las cuarentenas.<\/p>\n<blockquote>\n<p class=\"p1\">En la parte negativa, la OMS alert\u00f3 de que los tratamientos con anticuerpos monoclonales, hasta ahora recomendados en pacientes de Covid 19 graves o en riesgo de hospitalizaci\u00f3n, se muestran menos efectivos para neutralizar la variante \u00f3micron\u00a0del coronavirus.<\/p>\n<\/blockquote>\n<p class=\"p1\"><strong>En su nuevo informe epidemiol\u00f3gico semanal, la OMS indic\u00f3 que siguen mostr\u00e1ndose efectivos en pacientes graves los otros dos tratamientos recomendados por el organismo contra la enfermedad, con corticoesteroides y con antagonistas de los receptores de interleucina 6.<\/strong><\/p>\n<p>&nbsp;<\/p>\n<p>&nbsp;<\/p>\n<p>&nbsp;<\/p>\n<p>&nbsp;<\/p>\n","protected":false},"excerpt":{"rendered":"<p>GINEBRA. La\u00a0variante \u00d3micron\u00a0del coronavirus est\u00e1 provocando cifras de contagios diarios que no se hab\u00edan visto en dos a\u00f1os, pr\u00f3ximas al\u00a0mill\u00f3n<\/p>\n","protected":false},"author":1,"featured_media":1148,"comment_status":"closed","ping_status":"closed","sticky":false,"template":"","format":"standard","meta":{"colormag_page_container_layout":"default_layout","colormag_page_sidebar_layout":"default_layout","_jetpack_memberships_contains_paid_content":false,"footnotes":"","jetpack_publicize_message":"","jetpack_publicize_feature_enabled":true,"jetpack_social_post_already_shared":false,"jetpack_social_options":{"image_generator_settings":{"template":"highway","default_image_id":0,"font":"","enabled":false},"version":2}},"categories":[28],"tags":[208,97,93,90,91],"class_list":["post-1147","post","type-post","status-publish","format-standard","has-post-thumbnail","hentry","category-internacional","tag-contagios","tag-covid-19","tag-omicron","tag-oms","tag-tedros-adhanom-ghebreyesus"],"jetpack_publicize_connections":[],"jetpack_featured_media_url":"https:\/\/i0.wp.com\/politicosaldesnudo.com.mx\/wp-content\/uploads\/2021\/12\/COVID1.png?fit=1816%2C1016&ssl=1","jetpack-related-posts":[],"jetpack_sharing_enabled":true,"_links":{"self":[{"href":"https:\/\/politicosaldesnudo.com.mx\/index.php\/wp-json\/wp\/v2\/posts\/1147","targetHints":{"allow":["GET"]}}],"collection":[{"href":"https:\/\/politicosaldesnudo.com.mx\/index.php\/wp-json\/wp\/v2\/posts"}],"about":[{"href":"https:\/\/politicosaldesnudo.com.mx\/index.php\/wp-json\/wp\/v2\/types\/post"}],"author":[{"embeddable":true,"href":"https:\/\/politicosaldesnudo.com.mx\/index.php\/wp-json\/wp\/v2\/users\/1"}],"replies":[{"embeddable":true,"href":"https:\/\/politicosaldesnudo.com.mx\/index.php\/wp-json\/wp\/v2\/comments?post=1147"}],"version-history":[{"count":0,"href":"https:\/\/politicosaldesnudo.com.mx\/index.php\/wp-json\/wp\/v2\/posts\/1147\/revisions"}],"wp:featuredmedia":[{"embeddable":true,"href":"https:\/\/politicosaldesnudo.com.mx\/index.php\/wp-json\/wp\/v2\/media\/1148"}],"wp:attachment":[{"href":"https:\/\/politicosaldesnudo.com.mx\/index.php\/wp-json\/wp\/v2\/media?parent=1147"}],"wp:term":[{"taxonomy":"category","embeddable":true,"href":"https:\/\/politicosaldesnudo.com.mx\/index.php\/wp-json\/wp\/v2\/categories?post=1147"},{"taxonomy":"post_tag","embeddable":true,"href":"https:\/\/politicosaldesnudo.com.mx\/index.php\/wp-json\/wp\/v2\/tags?post=1147"}],"curies":[{"name":"wp","href":"https:\/\/api.w.org\/{rel}","templated":true}]}}