{"id":11547,"date":"2022-10-19T07:31:48","date_gmt":"2022-10-19T12:31:48","guid":{"rendered":"https:\/\/politicosaldesnudo.com.mx\/?p=11547"},"modified":"2022-10-19T07:33:10","modified_gmt":"2022-10-19T12:33:10","slug":"sergio-zenyanzen-y-cazarin","status":"publish","type":"post","link":"https:\/\/politicosaldesnudo.com.mx\/index.php\/2022\/10\/19\/sergio-zenyanzen-y-cazarin\/","title":{"rendered":"Sergio, Zenyanzen y Cazar\u00edn"},"content":{"rendered":"<p>&nbsp;<\/p>\n<p>&nbsp;<\/p>\n<p class=\"p1\"><span style=\"font-size: 18pt;\"><strong>Por Luis Ram\u00edrez Baqueiro<\/strong><\/span><\/p>\n<p>&nbsp;<\/p>\n<p class=\"p1\" style=\"text-align: center;\"><em><span style=\"font-size: 18pt;\"><strong>\u201cLos grandes sucesos dependen de incidentes peque\u00f1os\u201d <\/strong><\/span><\/em><\/p>\n<p class=\"p1\" style=\"text-align: center;\"><span style=\"font-size: 18pt;\">\u2013 Dem\u00f3stenes \u2013<\/span><\/p>\n<p>&nbsp;<\/p>\n<p class=\"p1\"><span style=\"font-size: 14pt;\">Dice el ex gobernador Miguel Alem\u00e1n Velasco que la pol\u00edtica es un arte que debe contener para poder desarrollarse de las famosas tres \u201cC\u201d: Ciencias, constancia y circunstancia.<\/span><\/p>\n<p class=\"p1\"><span style=\"font-size: 14pt;\">Y al menos tres pol\u00edticos morenistas cumplen con estas tres condiciones, sus futuros depender\u00e1 seguramente de la alineaci\u00f3n estelar para que puedan lograr sus objetivos, pero lo cierto es que de ellos escucharemos mucho en los pr\u00f3ximos meses.<\/span><\/p>\n<p class=\"p1\"><span style=\"font-size: 14pt;\">La sucesi\u00f3n gubernamental en Veracruz est\u00e1 desatada desde el momento mismo en que el presidente encart\u00f3 a sus famosas corcholatas.<\/span><\/p>\n<p class=\"p1\"><span style=\"font-size: 14pt;\">Los paralelismos en Morena se dan a la orden del d\u00eda, y no era de esperarse que en Veracruz tambi\u00e9n surguieran sus corcholatitas.<\/span><\/p>\n<p class=\"p1\"><span style=\"font-size: 14pt;\">As\u00ed personajes como el diputado federal Sergio Guti\u00e9rrez Luna, el legislador local y presidente de la Junta de Coordinaci\u00f3n Pol\u00edtica del Congreso, Juan Javier G\u00f3mez Cazar\u00edn, el secretario de Educaci\u00f3n, Zenyazen Escobar Garc\u00eda ya hasta el verdadero innombrable del morenismo veracruzano, Eric Patrocinio Cisneros Burgos, tienen posibilidades de suceder a Cuitl\u00e1huac Garc\u00eda Jim\u00e9nez.<\/span><\/p>\n<p class=\"p1\"><span style=\"font-size: 14pt;\">Y es que aun cuando a la cabeza de las preferencias presidenciales este el nombre de Roc\u00edo Nahle Garc\u00eda, actual secretar\u00eda de Energ\u00eda y senadora con licencia, la realidad es que cualquiera pudiera llegar.<\/span><\/p>\n<p class=\"p1\"><span style=\"font-size: 14pt;\">Todo depender\u00e1 como lo dice Alem\u00e1n Velasco de las \u201cC\u201d pues al menos la circunstancia habr\u00e1 de ser causal de alguna de las otras dos.<\/span><\/p>\n<p class=\"p1\"><span style=\"font-size: 14pt;\">Y es que un solo resultado electoral en el 2023 habr\u00e1 de marcar el derrotero por venir, y ah\u00ed los ojos se centraran en el Estado de M\u00e9xico.<\/span><\/p>\n<p class=\"p1\"><span style=\"font-size: 14pt;\">El operador encargado de dicha misi\u00f3n es el propio secretario de Gobernaci\u00f3n, Ad\u00e1n Augusto L\u00f3pez Hern\u00e1ndez, quien tiene en Veracruz de aliado para todos sus proyectos a un par de veracruzanos.<\/span><\/p>\n<p class=\"p1\"><span style=\"font-size: 14pt;\">El m\u00e1s claro es el propio Sergio \u201cCheco\u201d Guti\u00e9rrez Luna, quien al pertenecer al grupo pol\u00edtico de Horacio Duarte, quien coordinar\u00e1 la Campa\u00f1a Electoral de Delfina G\u00f3mez en el Estado de M\u00e9xico, habr\u00e1 de recurrir al conocimiento y la expertis de Guti\u00e9rrez Luna en materia electoral, para aquello de la defensa y garant\u00eda del voto.<\/span><\/p>\n<p class=\"p1\"><span style=\"font-size: 14pt;\">Ya en el proceso electoral que llev\u00f3 a Alfredo del Mazo al Gobierno de la entidad mexiquense Guti\u00e9rrez Luna oper\u00f3 la defensa electoral de Delfina G\u00f3mez quien reconoce en Zenyazen Escobar un aliado y un amigo incondicional.<\/span><\/p>\n<p class=\"p1\"><span style=\"font-size: 14pt;\">As\u00ed que en eso de los afectos la suerte a\u00fan no est\u00e1 echada para nadie y en una de esas en 2024 las cosas en Veracruz se decantan por otro frente y no el que se ha intentado marcar desde Palacio Nacional y Palacio de Gobierno.<\/span><\/p>\n<p class=\"p1\"><span style=\"font-size: 14pt;\">Porque si los astros le favorecen Ad\u00e1n Augusto L\u00f3pez Hern\u00e1ndez resultar\u00eda ser el verdadero tapado de Andr\u00e9s Manuel L\u00f3pez Obrador y entonces ya sabe usted para donde ira el tablazo anotador de la victoria veracruzana.<\/span><\/p>\n<p>&nbsp;<\/p>\n<p class=\"p1\"><strong><span style=\"font-size: 18pt;\">Al tiempo.<\/span><\/strong><\/p>\n<p>&nbsp;<\/p>\n<p class=\"p1\"><span style=\"font-size: 18pt;\"><strong>Correo: <a href=\"mailto:astrolabiopoliticomx@gmail.com\">astrolabiopoliticomx@gmail.com<\/a><\/strong><\/span><\/p>\n<p class=\"p1\"><span style=\"font-size: 18pt;\"><strong>Twitter: <a href=\"http:\/\/www.twitter.com\/LuisBaqueiro_mx\">@LuisBaqueiro_mx<\/a><\/strong><\/span><\/p>\n<p>&nbsp;<\/p>\n<p><span style=\"font-size: 18pt; color: #319eca;\"><em><strong>**Las columnas firmadas en este medio son responsabilidad de quienes las firman**<\/strong><\/em><\/span><\/p>\n<p>&nbsp;<\/p>\n<p>&nbsp;<\/p>\n<p>&nbsp;<\/p>\n<p>&nbsp;<\/p>\n<p>&nbsp;<\/p>\n","protected":false},"excerpt":{"rendered":"<p>&nbsp; &nbsp; Por Luis Ram\u00edrez Baqueiro &nbsp; \u201cLos grandes sucesos dependen de incidentes peque\u00f1os\u201d \u2013 Dem\u00f3stenes \u2013 &nbsp; Dice el<\/p>\n","protected":false},"author":4,"featured_media":4390,"comment_status":"closed","ping_status":"closed","sticky":false,"template":"","format":"standard","meta":{"colormag_page_container_layout":"default_layout","colormag_page_sidebar_layout":"default_layout","_jetpack_memberships_contains_paid_content":false,"footnotes":"","jetpack_publicize_message":"","jetpack_publicize_feature_enabled":true,"jetpack_social_post_already_shared":false,"jetpack_social_options":{"image_generator_settings":{"template":"highway","default_image_id":0,"font":"","enabled":false},"version":2}},"categories":[26],"tags":[],"class_list":["post-11547","post","type-post","status-publish","format-standard","has-post-thumbnail","hentry","category-columnistas"],"jetpack_publicize_connections":[],"jetpack_featured_media_url":"https:\/\/i0.wp.com\/politicosaldesnudo.com.mx\/wp-content\/uploads\/2022\/04\/LUIS-RAMI%CC%81REZ-BAQUEIRO.png?fit=1816%2C1016&ssl=1","jetpack-related-posts":[],"jetpack_sharing_enabled":true,"_links":{"self":[{"href":"https:\/\/politicosaldesnudo.com.mx\/index.php\/wp-json\/wp\/v2\/posts\/11547","targetHints":{"allow":["GET"]}}],"collection":[{"href":"https:\/\/politicosaldesnudo.com.mx\/index.php\/wp-json\/wp\/v2\/posts"}],"about":[{"href":"https:\/\/politicosaldesnudo.com.mx\/index.php\/wp-json\/wp\/v2\/types\/post"}],"author":[{"embeddable":true,"href":"https:\/\/politicosaldesnudo.com.mx\/index.php\/wp-json\/wp\/v2\/users\/4"}],"replies":[{"embeddable":true,"href":"https:\/\/politicosaldesnudo.com.mx\/index.php\/wp-json\/wp\/v2\/comments?post=11547"}],"version-history":[{"count":0,"href":"https:\/\/politicosaldesnudo.com.mx\/index.php\/wp-json\/wp\/v2\/posts\/11547\/revisions"}],"wp:featuredmedia":[{"embeddable":true,"href":"https:\/\/politicosaldesnudo.com.mx\/index.php\/wp-json\/wp\/v2\/media\/4390"}],"wp:attachment":[{"href":"https:\/\/politicosaldesnudo.com.mx\/index.php\/wp-json\/wp\/v2\/media?parent=11547"}],"wp:term":[{"taxonomy":"category","embeddable":true,"href":"https:\/\/politicosaldesnudo.com.mx\/index.php\/wp-json\/wp\/v2\/categories?post=11547"},{"taxonomy":"post_tag","embeddable":true,"href":"https:\/\/politicosaldesnudo.com.mx\/index.php\/wp-json\/wp\/v2\/tags?post=11547"}],"curies":[{"name":"wp","href":"https:\/\/api.w.org\/{rel}","templated":true}]}}