{"id":11557,"date":"2022-10-20T06:45:49","date_gmt":"2022-10-20T11:45:49","guid":{"rendered":"https:\/\/politicosaldesnudo.com.mx\/?p=11557"},"modified":"2022-10-20T17:04:27","modified_gmt":"2022-10-20T22:04:27","slug":"el-peligroso-silencio-de-los-que-mandan","status":"publish","type":"post","link":"https:\/\/politicosaldesnudo.com.mx\/index.php\/2022\/10\/20\/el-peligroso-silencio-de-los-que-mandan\/","title":{"rendered":"El peligroso silencio de los que mandan"},"content":{"rendered":"<p class=\"p1\"><span style=\"font-size: 18pt;\"><strong>Por M\u00f3nica Camarena Crespo<\/strong><\/span><\/p>\n<p class=\"p1\"><span style=\"font-size: 14pt;\">A pocos d\u00edas que\u00a0la C\u00e1mara de Diputados aprobar\u00e1 la reforma\u00a0que extiende hasta 2028\u00a0la presencia de soldados y marinos en tareas de seguridad p\u00fablica y que\u00a0ahora pasar\u00e1 a los congresos estatales para su discusi\u00f3n y votaci\u00f3n, la negativa del titular de la Sedena, Luis Crescencio Sandoval para comparecer a petici\u00f3n de senadores preocupa y deber\u00eda ocupar a los legisladores al confirmar la opacidad que viene y el silencio ofensivo para dar cuenta de las tareas del Ej\u00e9rcito.<\/span><\/p>\n<p class=\"p1\"><span style=\"font-size: 14pt;\">Apenas ayer, la Junta de Coordinaci\u00f3n Pol\u00edtica del Senado acept\u00f3 que los titulares de la Secretar\u00eda de la Defensa Nacional (Sedena), de la Secretar\u00eda de Marina (Semar) y de la Guardia Nacional, no subieran a la tribuna para comparecer ante el pleno como estaba programado. La raz\u00f3n es sencilla, no quisieron hacerlo, cobijados por el manto presidencial.<\/span><\/p>\n<p class=\"p1\"><span style=\"font-size: 14pt;\">En el Senado subi\u00f3 a tribuna la titular de la Secretar\u00eda de Seguridad y Protecci\u00f3n Ciudadana, Rosa Icela Rodr\u00edguez, en representaci\u00f3n del gabinete de Seguridad federal, ah\u00ed presentes como figuras decorativas; la funcionaria tuvo que hacer frente a cr\u00edticos legisladores que levantaron fuerte la voz en contra de los titulares de lo que parece ser, la nueva fuerza aut\u00f3noma y empoderada del pa\u00eds.<\/span><\/p>\n<p class=\"p1\"><span style=\"font-size: 14pt;\">La negativa de los titulares de las Fuerzas Armadas a comparecer en medio de las cr\u00edticas por el hist\u00f3rico hackeo a la Sedena por parte del grupo \u201cGuacamayas\u201d acrecent\u00f3 la exigencia de legisladores de oposici\u00f3n a que rindan cuentas, tarde o temprano.<\/span><\/p>\n<p class=\"p1\"><span style=\"font-size: 14pt;\">Sin embargo, fue el propio presidente Andr\u00e9s Manuel L\u00f3pez Obrador, la ma\u00f1ana del mi\u00e9rcoles en una gira por el estado de Tamaulipas, qui\u00e9n evit\u00f3 que los titulares de las Fuerzas Armadas respondieran las preguntas que hicieron reporteros en la \u201cma\u00f1anera\u201d.<\/span><\/p>\n<p class=\"p1\"><span style=\"font-size: 14pt;\">Se justific\u00f3 como siempre con distractores y provocaciones al decir \u201cEst\u00e1n utilizando cualquier informaci\u00f3n. Ya la guacamaya se volvi\u00f3 zopilote\u201d dijo L\u00f3pez Obrador para salvar a los que parecen los jefes del Ejecutivo Federal, los todopoderosos. Muy grave y peligrosa la opacidad.<\/span><\/p>\n<p>&nbsp;<\/p>\n<p class=\"p1\"><span style=\"color: #139eca;\"><strong><span style=\"font-size: 18pt;\">\u00c1GORA<\/span><\/strong><\/span><\/p>\n<p class=\"p1\"><span style=\"font-size: 14pt;\">Ya lo sab\u00edamos, pero se confirma que Veracruz es de los estados con mayor impunidad en el pa\u00eds; lo que sigue seguramente, es que ese deshonroso tercer lugar a nivel nacional, podr\u00eda elevarse al primero muy pronto si siguen las cosas como hasta ahora.<\/span><\/p>\n<p>&nbsp;<\/p>\n<p class=\"p1\"><span style=\"font-size: 18pt;\"><strong>Correo: <a href=\"mailto:parquejuarezweb@yahoo.com.mx\">parquejuarezweb@yahoo.com.mx<\/a><\/strong><\/span><\/p>\n<p class=\"p1\"><span style=\"font-size: 18pt;\"><strong>Twitter: <a href=\"http:\/\/www.twitter.com\/monicamarena\">@monicamarena<\/a><\/strong><\/span><\/p>\n<p>&nbsp;<\/p>\n<p><span style=\"font-size: 18pt; color: #319eca;\"><em><strong>**Las columnas firmadas en este medio son responsabilidad de quienes las firman**<\/strong><\/em><\/span><\/p>\n<p>&nbsp;<\/p>\n<p>&nbsp;<\/p>\n<p>&nbsp;<\/p>\n<p>&nbsp;<\/p>\n<p>&nbsp;<\/p>\n","protected":false},"excerpt":{"rendered":"<p>Por M\u00f3nica Camarena Crespo A pocos d\u00edas que\u00a0la C\u00e1mara de Diputados aprobar\u00e1 la reforma\u00a0que extiende hasta 2028\u00a0la presencia de soldados<\/p>\n","protected":false},"author":4,"featured_media":4080,"comment_status":"closed","ping_status":"closed","sticky":false,"template":"","format":"standard","meta":{"colormag_page_container_layout":"default_layout","colormag_page_sidebar_layout":"default_layout","_jetpack_memberships_contains_paid_content":false,"footnotes":"","jetpack_publicize_message":"","jetpack_publicize_feature_enabled":true,"jetpack_social_post_already_shared":false,"jetpack_social_options":{"image_generator_settings":{"template":"highway","default_image_id":0,"font":"","enabled":false},"version":2}},"categories":[26],"tags":[],"class_list":["post-11557","post","type-post","status-publish","format-standard","has-post-thumbnail","hentry","category-columnistas"],"jetpack_publicize_connections":[],"jetpack_featured_media_url":"https:\/\/i0.wp.com\/politicosaldesnudo.com.mx\/wp-content\/uploads\/2022\/04\/MO%CC%81NICA-CAMARENA-CRESPO1.png?fit=1816%2C1016&ssl=1","jetpack-related-posts":[],"jetpack_sharing_enabled":true,"_links":{"self":[{"href":"https:\/\/politicosaldesnudo.com.mx\/index.php\/wp-json\/wp\/v2\/posts\/11557","targetHints":{"allow":["GET"]}}],"collection":[{"href":"https:\/\/politicosaldesnudo.com.mx\/index.php\/wp-json\/wp\/v2\/posts"}],"about":[{"href":"https:\/\/politicosaldesnudo.com.mx\/index.php\/wp-json\/wp\/v2\/types\/post"}],"author":[{"embeddable":true,"href":"https:\/\/politicosaldesnudo.com.mx\/index.php\/wp-json\/wp\/v2\/users\/4"}],"replies":[{"embeddable":true,"href":"https:\/\/politicosaldesnudo.com.mx\/index.php\/wp-json\/wp\/v2\/comments?post=11557"}],"version-history":[{"count":0,"href":"https:\/\/politicosaldesnudo.com.mx\/index.php\/wp-json\/wp\/v2\/posts\/11557\/revisions"}],"wp:featuredmedia":[{"embeddable":true,"href":"https:\/\/politicosaldesnudo.com.mx\/index.php\/wp-json\/wp\/v2\/media\/4080"}],"wp:attachment":[{"href":"https:\/\/politicosaldesnudo.com.mx\/index.php\/wp-json\/wp\/v2\/media?parent=11557"}],"wp:term":[{"taxonomy":"category","embeddable":true,"href":"https:\/\/politicosaldesnudo.com.mx\/index.php\/wp-json\/wp\/v2\/categories?post=11557"},{"taxonomy":"post_tag","embeddable":true,"href":"https:\/\/politicosaldesnudo.com.mx\/index.php\/wp-json\/wp\/v2\/tags?post=11557"}],"curies":[{"name":"wp","href":"https:\/\/api.w.org\/{rel}","templated":true}]}}