{"id":11575,"date":"2022-10-20T16:19:13","date_gmt":"2022-10-20T21:19:13","guid":{"rendered":"https:\/\/politicosaldesnudo.com.mx\/?p=11575"},"modified":"2022-10-27T20:48:51","modified_gmt":"2022-10-28T01:48:51","slug":"denuncian-en-la-haya-20-mil-desapariciones-forzadas-en-el-gobierno-de-javier-duarte","status":"publish","type":"post","link":"https:\/\/politicosaldesnudo.com.mx\/index.php\/2022\/10\/20\/denuncian-en-la-haya-20-mil-desapariciones-forzadas-en-el-gobierno-de-javier-duarte\/","title":{"rendered":"Denuncian en La Haya 20 mil desapariciones forzadas en el gobierno de Duarte"},"content":{"rendered":"<p>&nbsp;<\/p>\n<p class=\"p1\"><span style=\"font-size: 14pt;\"><em><strong>LA HAYA, PA\u00cdSES BAJO. <\/strong>\u00a0<\/em>Por las desapariciones forzadas y el azote de violencia que vivi\u00f3 Veracruz durante la administraci\u00f3n de Javier Duarte de Ochoa la Federaci\u00f3n Internacional por los Derechos Humanos (FIDH) en colaboraci\u00f3n con Litigio Estrat\u00e9gico en Derechos Humanos (IDHEAS) y el colectivo de familiares Solecito de Veracruz presentaron una denuncia ante la Corte Penal Internacional (CPI) en La Haya.<span class=\"Apple-converted-space\">\u00a0<\/span><\/span><\/p>\n<p class=\"p1\"><span style=\"font-size: 18pt;\"><strong>Adem\u00e1s, de acuerdo con informaci\u00f3n p\u00fablica,<span style=\"color: #139eca;\"> se habr\u00edan producido entre 3 mil y 20 mil desapariciones forzadas en Veracruz desde el a\u00f1o 2006 a la fecha, ya que la violencia y la comisi\u00f3n del delito de desapariciones forzadas en Veracruz tuvo un auge entre 2010 y 2016<\/span>, cuando el estado fue gobernado por Javier Duarte de Ochoa y periodo durante el cual ocurren los 22 casos descritos en este informe.\u00a0<\/strong><\/span><\/p>\n<p>&nbsp;<\/p>\n<blockquote>\n<p class=\"p1\"><span style=\"font-size: 14pt;\">El exgobernador fue detenido en 2016 y se encuentra actualmente cumpliendo una sentencia de 9 a\u00f1os por los delitos de lavado de dinero y asociaci\u00f3n delictuosa y recibi\u00f3 una orden de aprehensi\u00f3n por el delito de desaparici\u00f3n forzada\u201d, se lee en el informe.\u00a0<\/span><\/p>\n<\/blockquote>\n<p>&nbsp;<\/p>\n<p class=\"p1\"><span style=\"font-size: 18pt;\"><strong>Documentaron otras 19 desapariciones que comparten elementos geogr\u00e1ficos y temporales: todas fueron cometidas entre el 22 de febrero de 2011 y el 14 de julio de 2016, y las v\u00edctimas fueron detenidas en la ciudad de Veracruz o en localidades cercanas. Adem\u00e1s, las personas comparten caracter\u00edsticas de edad (la mayor\u00eda j\u00f3venes menores de 40 a\u00f1os), sexo (varones) y estatus socioecon\u00f3mico (taxistas, electricistas o mec\u00e1nicos), lo que podr\u00eda indicar un patr\u00f3n sistem\u00e1tico.<\/strong><\/span><\/p>\n<p>&nbsp;<\/p>\n<p><img data-recalc-dims=\"1\" loading=\"lazy\" decoding=\"async\" class=\"aligncenter wp-image-11577 size-large\" src=\"https:\/\/i0.wp.com\/politicosaldesnudo.com.mx\/wp-content\/uploads\/2022\/10\/P-JAVIER-DUARTE-LA-HAYA-2-1024x573.png?resize=800%2C448&#038;ssl=1\" alt=\"\" width=\"800\" height=\"448\" srcset=\"https:\/\/i0.wp.com\/politicosaldesnudo.com.mx\/wp-content\/uploads\/2022\/10\/P-JAVIER-DUARTE-LA-HAYA-2.png?resize=1024%2C573&amp;ssl=1 1024w, https:\/\/i0.wp.com\/politicosaldesnudo.com.mx\/wp-content\/uploads\/2022\/10\/P-JAVIER-DUARTE-LA-HAYA-2.png?resize=300%2C168&amp;ssl=1 300w, https:\/\/i0.wp.com\/politicosaldesnudo.com.mx\/wp-content\/uploads\/2022\/10\/P-JAVIER-DUARTE-LA-HAYA-2.png?resize=768%2C430&amp;ssl=1 768w, https:\/\/i0.wp.com\/politicosaldesnudo.com.mx\/wp-content\/uploads\/2022\/10\/P-JAVIER-DUARTE-LA-HAYA-2.png?resize=1536%2C859&amp;ssl=1 1536w, https:\/\/i0.wp.com\/politicosaldesnudo.com.mx\/wp-content\/uploads\/2022\/10\/P-JAVIER-DUARTE-LA-HAYA-2.png?w=1816&amp;ssl=1 1816w, https:\/\/i0.wp.com\/politicosaldesnudo.com.mx\/wp-content\/uploads\/2022\/10\/P-JAVIER-DUARTE-LA-HAYA-2.png?w=1600&amp;ssl=1 1600w\" sizes=\"auto, (max-width: 800px) 100vw, 800px\" \/><\/p>\n<p>&nbsp;<\/p>\n<blockquote><p><span style=\"font-size: 14pt; font-family: -apple-system, BlinkMacSystemFont, 'Segoe UI', Roboto, Oxygen-Sans, Ubuntu, Cantarell, 'Helvetica Neue', sans-serif;\">Estamos frente a posibles cr\u00edmenes de lesa humanidad, por lo que los casos deben ser tratados globalmente como macrocasos para entender no s\u00f3lo la individualidad de las desapariciones, sino tambi\u00e9n el sistema y la estructura criminal que las incrementa, a fin de analizar mejor las cadenas de mando\u201d, asever\u00f3 Jimena Reyes, directora de la Oficina de las Am\u00e9ricas de la FIDH.<\/span><\/p><\/blockquote>\n<p>&nbsp;<\/p>\n<p class=\"p1\"><span style=\"font-size: 18pt;\"><strong>Respecto a las 22 desapariciones en las que participaron autoridades estatales, las organizaciones expusieron que siete v\u00edctimas fueron encontradas en la fosa clandestina Colinas de Santa Fe, en el norte del puerto de Veracruz, donde se han hallado 305 cr\u00e1neos y otros 22 mil 500 restos humanos. S\u00f3lo 27 individuos han sido identificados.<\/strong><\/span><\/p>\n<p class=\"p1\"><span style=\"font-size: 14pt;\">En tanto, en la colonia Formando Hogar \u2013aproximadamente a 11 kil\u00f3metros de la citada fosa\u2013 se cometieron actos de desaparici\u00f3n forzada de nueve hombres que fueron detenidos arbitrariamente. \u201cDiferentes testigos identificaron a los perpetradores como autoridades de la polic\u00eda estatal de Veracruz, a veces actuando junto con la Agencia Veracruzana de Investigaci\u00f3n y\/o autoridades federales, incluidos integrantes de la Marina\u201d, indicaron.<\/span><\/p>\n<p class=\"p1\"><span style=\"font-size: 18pt;\"><strong>Denunciaron que pese a este contexto, \u201cla impunidad sigue: no se han realizado investigaciones que profundicen en la existencia del contexto sistem\u00e1tico de los cr\u00edmenes cometidos\u201d.<\/strong><\/span><\/p>\n<p class=\"p2\"><span style=\"font-size: 18pt; color: #139eca;\"><strong>Asimismo, luego de cada acto de desaparici\u00f3n forzada, la Fiscal\u00eda Estatal de Veracruz no realiz\u00f3 una investigaci\u00f3n imparcial ni eficiente, a pesar de las denuncias realizadas por parte de los familiares.\u00a0<\/strong><\/span><\/p>\n<p class=\"p2\"><span style=\"font-size: 14pt;\">A su vez, cientos de cuerpos de las fosas Colinas de Santa Fe y El Arbolillo siguen sin identificar, por lo cual Solecito y otros colectivos de familiares contin\u00faan las b\u00fasquedas y siguen exigiendo justicia.<\/span><\/p>\n<p>&nbsp;<\/p>\n","protected":false},"excerpt":{"rendered":"<p>&nbsp; LA HAYA, PA\u00cdSES BAJO. \u00a0Por las desapariciones forzadas y el azote de violencia que vivi\u00f3 Veracruz durante la administraci\u00f3n<\/p>\n","protected":false},"author":4,"featured_media":11576,"comment_status":"closed","ping_status":"closed","sticky":false,"template":"","format":"standard","meta":{"colormag_page_container_layout":"default_layout","colormag_page_sidebar_layout":"default_layout","_jetpack_memberships_contains_paid_content":false,"footnotes":"","jetpack_publicize_message":"","jetpack_publicize_feature_enabled":true,"jetpack_social_post_already_shared":false,"jetpack_social_options":{"image_generator_settings":{"template":"highway","default_image_id":0,"font":"","enabled":false},"version":2}},"categories":[30],"tags":[198,1653,1652,100],"class_list":["post-11575","post","type-post","status-publish","format-standard","has-post-thumbnail","hentry","category-estados","tag-desaparicion-forzada","tag-javier-duarte","tag-la-haya","tag-veracruz"],"jetpack_publicize_connections":[],"jetpack_featured_media_url":"https:\/\/i0.wp.com\/politicosaldesnudo.com.mx\/wp-content\/uploads\/2022\/10\/P-JAVIER-DUARTE-LA-HAYA-1.png?fit=1816%2C1016&ssl=1","jetpack-related-posts":[],"jetpack_sharing_enabled":true,"_links":{"self":[{"href":"https:\/\/politicosaldesnudo.com.mx\/index.php\/wp-json\/wp\/v2\/posts\/11575","targetHints":{"allow":["GET"]}}],"collection":[{"href":"https:\/\/politicosaldesnudo.com.mx\/index.php\/wp-json\/wp\/v2\/posts"}],"about":[{"href":"https:\/\/politicosaldesnudo.com.mx\/index.php\/wp-json\/wp\/v2\/types\/post"}],"author":[{"embeddable":true,"href":"https:\/\/politicosaldesnudo.com.mx\/index.php\/wp-json\/wp\/v2\/users\/4"}],"replies":[{"embeddable":true,"href":"https:\/\/politicosaldesnudo.com.mx\/index.php\/wp-json\/wp\/v2\/comments?post=11575"}],"version-history":[{"count":0,"href":"https:\/\/politicosaldesnudo.com.mx\/index.php\/wp-json\/wp\/v2\/posts\/11575\/revisions"}],"wp:featuredmedia":[{"embeddable":true,"href":"https:\/\/politicosaldesnudo.com.mx\/index.php\/wp-json\/wp\/v2\/media\/11576"}],"wp:attachment":[{"href":"https:\/\/politicosaldesnudo.com.mx\/index.php\/wp-json\/wp\/v2\/media?parent=11575"}],"wp:term":[{"taxonomy":"category","embeddable":true,"href":"https:\/\/politicosaldesnudo.com.mx\/index.php\/wp-json\/wp\/v2\/categories?post=11575"},{"taxonomy":"post_tag","embeddable":true,"href":"https:\/\/politicosaldesnudo.com.mx\/index.php\/wp-json\/wp\/v2\/tags?post=11575"}],"curies":[{"name":"wp","href":"https:\/\/api.w.org\/{rel}","templated":true}]}}