{"id":11581,"date":"2022-10-20T16:59:37","date_gmt":"2022-10-20T21:59:37","guid":{"rendered":"https:\/\/politicosaldesnudo.com.mx\/?p=11581"},"modified":"2022-10-20T16:59:37","modified_gmt":"2022-10-20T21:59:37","slug":"gran-concierto-para-flauta-de-nielsen-con-la-osx","status":"publish","type":"post","link":"https:\/\/politicosaldesnudo.com.mx\/index.php\/2022\/10\/20\/gran-concierto-para-flauta-de-nielsen-con-la-osx\/","title":{"rendered":"Gran \u201cConcierto para flauta\u201d de Nielsen con la OSX"},"content":{"rendered":"<p class=\"p1\">\n<p class=\"p1\"><span style=\"font-size: 18pt;\"><strong>&lt;&lt; Sabina Laurain, solista del concierto &gt;&gt;<\/strong><\/span><\/p>\n<p class=\"p1\"><span style=\"font-size: 18pt;\"><strong>&lt;&lt; Albert Moehring, Director Invitado &gt;&gt;<\/strong><\/span><\/p>\n<p>&nbsp;<\/p>\n<p class=\"p1\"><span style=\"font-size: 14pt;\"><em><strong>XALAPA, VERACRUZ.<\/strong> <\/em><strong>La Orquesta Sinf\u00f3nica de Xalapa<\/strong> (OSX) de la Universidad Veracruzana (UV), presenta en Tlaqn\u00e1, Centro Cultural, <strong>el \u201cConcierto para flauta\u201d del dan\u00e9s Carl Nielsen<\/strong>. Acompa\u00f1ado de un fascinante repertorio de obras program\u00e1ticas: \u201cLa cueva del fingal\u201d de F\u00e9lix Mendessohn, \u201cEl buey sobre el tejado\u201d de Darius Milhaud y \u201cSuite Pulcinella\u201d de Igor Stravinsky. Con la destacada participaci\u00f3n de Sabina Laurain, flautista; y bajo la direcci\u00f3n de Albert Moehring, Director Invitado.<\/span><\/p>\n<p class=\"p1\"><span style=\"font-size: 18pt; color: #139eca;\"><strong>Este concierto ser\u00e1 realizado el viernes 21 de octubre a las 20:30 hrs desde Tlaqn\u00e1, Centro Cultural.<span class=\"Apple-converted-space\">\u00a0<\/span><\/strong><\/span><\/p>\n<p>&nbsp;<\/p>\n<p class=\"p1\"><span style=\"font-size: 18pt; color: #139eca;\"><strong>EMOCIONES DE UN M\u00c1GICO LUGAR<\/strong><\/span><br \/>\n<span style=\"font-size: 14pt;\">\u201cLa Cueva del Fingal\u201d o tambi\u00e9n conocida como Obertura \u201cLas H\u00e9bridas\u201d, es un brillante y feliz lienzo musical en donde F\u00e9lix Mendelssohn plasm\u00f3 sus emociones e impresiones de este m\u00e1gico lugar. Ubicado en el archipi\u00e9lago de las H\u00e9bridas interiores, Escocia; un joven Mendelssohn de veinte a\u00f1os viaj\u00f3 hasta ah\u00ed en barco y qued\u00f3 profundamente maravillado con la belleza de su paisaje, reflejando posteriormente esas sensaciones en esta obra.<span class=\"Apple-converted-space\">\u00a0<\/span><\/span><\/p>\n<p class=\"p1\"><span style=\"font-size: 18pt;\"><strong>Cual m\u00fasica descriptiva de inspiraci\u00f3n rom\u00e1ntica, permite escuchar el sonoro oleaje a la entrada de la gruta, el peculiar grito de las gaviotas y hasta el aroma salino del aire marino.<\/strong><\/span><\/p>\n<p class=\"p1\"><span style=\"font-size: 14pt;\">Derivado de la vasta devoci\u00f3n que Carl Nielsen sent\u00eda por el prodigioso Copenhagen Wind Quintet, fue que naci\u00f3 la idea de crear un concierto para cada miembro del quinteto, obras que reflejaran la personalidad de cada instrumento y su int\u00e9rprete. Es as\u00ed como en 1926 fue concebido el fascinante \u201cConcierto para flauta y orquesta\u201d dedicado a<span class=\"Apple-converted-space\">\u00a0 <\/span>Holger Gilbert-Jespersen, estrenado en octubre del mismo a\u00f1o en Par\u00eds.<span class=\"Apple-converted-space\">\u00a0<\/span><\/span><\/p>\n<p class=\"p1\"><span style=\"font-size: 14pt;\">De dos singulares movimientos, cuenta con bellos pasajes solistas y di\u00e1logos entre los alientos y la orquesta que rememoran a la m\u00fasica de c\u00e1mara. Para el segundo movimiento recurre a notas que manifiestan maldad e inocencia en una relaci\u00f3n contrastante entre la flauta y la orquesta, a\u00f1adiendo participaciones del tromb\u00f3n bajo hacia el final. Esta obra ser\u00e1 interpretada por la solista internacional: Sabina Laurain.<\/span><\/p>\n<p class=\"p1\"><span style=\"font-size: 14pt;\">La m\u00fasica de Darius Milhaud suele estar representada por influencias de origen provenzal y jud\u00eda, no obstante, en el caso de \u201cEl buey sobre el tejado\u201d se a\u00f1ade un tercer elemento lleno de sabor latino: la cultura brasile\u00f1a. Debido a su estancia en Brasil entre 1917 y 1918, incorpor\u00f3 este ex\u00f3tico elemento a su m\u00fasica provenzal antes de unirse al grupo de talentos denominado \u201cLes Six\u201d.<\/span><\/p>\n<p class=\"p1\"><span style=\"font-size: 14pt;\">A pesar de la singularidad del t\u00edtulo, esta no cuenta una historia sino que es una serie de episodios musicales infundidos con el calor de la samba, el tango, la rumba y el fado; guiados por un estribillo alusivo a una tonada popular brasile\u00f1a de la \u00e9poca.<\/span><\/p>\n<p class=\"p1\"><span style=\"font-size: 14pt;\">El compositor m\u00e1s af\u00edn y prol\u00edfico de la historia musical cuando en materia de danzas y ballet se trata, Igor Stravinsky, compuso la \u201cSuite Pulcinella\u201d gracias a la exhaustiva persuasi\u00f3n de Serge Diaghilev, principal y original impulsor de esta actividad art\u00edstica.<\/span><\/p>\n<p class=\"p1\"><span style=\"font-size: 14pt;\">Tras el final de la Primera guerra Mundial, fueron ofrecidas a Stravinsky decenas de partituras con la intenci\u00f3n de inspirarlo, tras una selecci\u00f3n f\u00e1cil de estas y agregar un sutil y c\u00f3mico personaje de la comedia napolitana dell\u2019arte: Pulcinella; fue como naci\u00f3 esta armoniosa suite. Presentada como ballet en 1920 y como suite de concierto en 1922, Stravinsky mantuvo las melod\u00edas originales y retoc\u00f3 con ostinatos y notas a\u00f1adidas.<\/span><\/p>\n<p>&nbsp;<\/p>\n<p><img data-recalc-dims=\"1\" loading=\"lazy\" decoding=\"async\" class=\"aligncenter wp-image-11583 size-large\" src=\"https:\/\/i0.wp.com\/politicosaldesnudo.com.mx\/wp-content\/uploads\/2022\/10\/P-SINFONICA-XLAPA-21OCT-1024x573.png?resize=800%2C448&#038;ssl=1\" alt=\"\" width=\"800\" height=\"448\" srcset=\"https:\/\/i0.wp.com\/politicosaldesnudo.com.mx\/wp-content\/uploads\/2022\/10\/P-SINFONICA-XLAPA-21OCT.png?resize=1024%2C573&amp;ssl=1 1024w, https:\/\/i0.wp.com\/politicosaldesnudo.com.mx\/wp-content\/uploads\/2022\/10\/P-SINFONICA-XLAPA-21OCT.png?resize=300%2C168&amp;ssl=1 300w, https:\/\/i0.wp.com\/politicosaldesnudo.com.mx\/wp-content\/uploads\/2022\/10\/P-SINFONICA-XLAPA-21OCT.png?resize=768%2C430&amp;ssl=1 768w, https:\/\/i0.wp.com\/politicosaldesnudo.com.mx\/wp-content\/uploads\/2022\/10\/P-SINFONICA-XLAPA-21OCT.png?resize=1536%2C859&amp;ssl=1 1536w, https:\/\/i0.wp.com\/politicosaldesnudo.com.mx\/wp-content\/uploads\/2022\/10\/P-SINFONICA-XLAPA-21OCT.png?w=1816&amp;ssl=1 1816w, https:\/\/i0.wp.com\/politicosaldesnudo.com.mx\/wp-content\/uploads\/2022\/10\/P-SINFONICA-XLAPA-21OCT.png?w=1600&amp;ssl=1 1600w\" sizes=\"auto, (max-width: 800px) 100vw, 800px\" \/><\/p>\n<p>&nbsp;<\/p>\n<p><span style=\"font-size: 18pt; color: #139eca;\"><strong>M\u00c1S SOBRE LOS INVITADOS<\/strong><\/span><\/p>\n<p class=\"p1\"><span style=\"font-size: 18pt;\"><strong>La solista, <span style=\"color: #139eca;\">Sabina Laurain<\/span>, naci\u00f3 en la ciudad de Nueva York. Inici\u00f3 sus estudios de flauta a los diez a\u00f1os, y a los diecis\u00e9is ingres\u00f3 a la Escuela de M\u00fasica de la Universidad de Boston, donde estudi\u00f3 con los maestros Phillip Kaplan, James Pappoutsakis y de forma particular con Paul Fried, as\u00ed como tambi\u00e9n con los grandes maestros Marcel Moyse, Jean Pierre Rampal y con el maestro Julius Baker, solista y flautista principal de la Orquesta Filarm\u00f3nica de Nueva York y la m\u00e1s grande influencia en la vida musical de la Mtra. Laurain.<\/strong><\/span><\/p>\n<p class=\"p1\"><span style=\"font-size: 14pt;\">Se ha presentado con agrupaciones como la Orquesta de la \u00d3pera de Nueva York, la Orquesta Sinf\u00f3nica de Dallas, la Camerata de Salzburgo y la Orquesta de C\u00e1mara de Santa Cecilia; de 1978 a 1982 fue integrante de la Orquesta Sinf\u00f3nica del Estado de M\u00e9xico (OSEM) a la que regres\u00f3 en 1990 ocupando nuevamente, y desde entonces, el puesto de primera flauta, y con la que ha tocado como solista varias veces, siempre recibiendo excelentes cr\u00edticas.<\/span><\/p>\n<p><span style=\"font-size: 18pt;\"><strong>El Director Invitado, <span style=\"color: #139eca;\">Albert Moehring<\/span>, naci\u00f3 en \u00c1msterdam, Holanda; estudi\u00f3 en el Conservatorio Real de M\u00fasica (Universidad de Toronto) en Toronto, Canad\u00e1, donde se titul\u00f3 como pianista. Obtuvo una beca completa para estudiar Direcci\u00f3n de orquesta en la Escuela de M\u00fasica de Aspen, Colorado. Trabaj\u00f3 y estudi\u00f3 con varios directores legendarios incluyendo Walter Susskind, Leonard Bernstein, Leonard Slatkin y Peter Maag. Sus principales asociaciones musicales han incluido la \u00d3pera Metropolitana de Nueva York y la Compa\u00f1\u00eda de Opera Canadiense de Toronto, Canad\u00e1.<\/strong><\/span><\/p>\n<p class=\"p1\">\n<span style=\"font-size: 14pt;\">El Maestro Moehring fue Director fundador de la Filarm\u00f3nica de Charlotte, Carolina del Norte, y como su titular permaneci\u00f3 al frente de dicha agrupaci\u00f3n durante veintitr\u00e9s a\u00f1os. Su excelente musicalidad y destreza en el podio, capacidad de transmitir su pasi\u00f3n por la m\u00fasica tanto a la orquesta como al p\u00fablico y su habilidad de inspirar han resultado en una carrera sumamente respetada, con una reconocida trayectoria en la creaci\u00f3n y desarrollo de orquestas y p\u00fablicos.<\/span><\/p>\n<p>&nbsp;<\/p>\n<p class=\"p1\"><span style=\"font-size: 18pt;\"><strong>Los boletos podr\u00e1n ser adquiridos en Tienda UV (a un costado de la Facultad de Contadur\u00eda y Administraci\u00f3n, Zona UV, de 10:00 a 15:00 y de 16:00 a 18:00 hrs) y en Taquilla Tlaqn\u00e1 el d\u00eda del evento a partir de las 11:00 hrs y hasta agotar existencias.<\/strong><\/span><\/p>\n<p>&nbsp;<\/p>\n<p class=\"p1\"><span style=\"font-size: 18pt; color: #139eca;\"><strong>A su vez tambi\u00e9n podr\u00e1 encontrarlos en el sitio web: <a style=\"color: #139eca;\" href=\"http:\/\/www.orquestasinfonicadexalapa.com\">www.orquestasinfonicadexalapa.com<\/a><\/strong><\/span><\/p>\n<p>&nbsp;<\/p>\n<p>&nbsp;<\/p>\n<p>&nbsp;<\/p>\n<p>&nbsp;<\/p>\n<p>&nbsp;<\/p>\n<p>&nbsp;<\/p>\n","protected":false},"excerpt":{"rendered":"<p>&lt;&lt; Sabina Laurain, solista del concierto &gt;&gt; &lt;&lt; Albert Moehring, Director Invitado &gt;&gt; &nbsp; XALAPA, VERACRUZ. La Orquesta Sinf\u00f3nica de<\/p>\n","protected":false},"author":4,"featured_media":11582,"comment_status":"closed","ping_status":"closed","sticky":false,"template":"","format":"standard","meta":{"colormag_page_container_layout":"default_layout","colormag_page_sidebar_layout":"default_layout","_jetpack_memberships_contains_paid_content":false,"footnotes":"","jetpack_publicize_message":"","jetpack_publicize_feature_enabled":true,"jetpack_social_post_already_shared":false,"jetpack_social_options":{"image_generator_settings":{"template":"highway","default_image_id":0,"font":"","enabled":false},"version":2}},"categories":[474],"tags":[1655,837,1654,451,100,287],"class_list":["post-11581","post","type-post","status-publish","format-standard","has-post-thumbnail","hentry","category-cultura","tag-albert-moehring","tag-orquesta-sinfonica-de-xalapa","tag-sabina-laurain","tag-uv","tag-veracruz","tag-xalapa"],"jetpack_publicize_connections":[],"jetpack_featured_media_url":"https:\/\/i0.wp.com\/politicosaldesnudo.com.mx\/wp-content\/uploads\/2022\/10\/P-SINFONICA-XALAPA-21-OCTUBRE.png?fit=1816%2C1016&ssl=1","jetpack-related-posts":[],"jetpack_sharing_enabled":true,"_links":{"self":[{"href":"https:\/\/politicosaldesnudo.com.mx\/index.php\/wp-json\/wp\/v2\/posts\/11581","targetHints":{"allow":["GET"]}}],"collection":[{"href":"https:\/\/politicosaldesnudo.com.mx\/index.php\/wp-json\/wp\/v2\/posts"}],"about":[{"href":"https:\/\/politicosaldesnudo.com.mx\/index.php\/wp-json\/wp\/v2\/types\/post"}],"author":[{"embeddable":true,"href":"https:\/\/politicosaldesnudo.com.mx\/index.php\/wp-json\/wp\/v2\/users\/4"}],"replies":[{"embeddable":true,"href":"https:\/\/politicosaldesnudo.com.mx\/index.php\/wp-json\/wp\/v2\/comments?post=11581"}],"version-history":[{"count":0,"href":"https:\/\/politicosaldesnudo.com.mx\/index.php\/wp-json\/wp\/v2\/posts\/11581\/revisions"}],"wp:featuredmedia":[{"embeddable":true,"href":"https:\/\/politicosaldesnudo.com.mx\/index.php\/wp-json\/wp\/v2\/media\/11582"}],"wp:attachment":[{"href":"https:\/\/politicosaldesnudo.com.mx\/index.php\/wp-json\/wp\/v2\/media?parent=11581"}],"wp:term":[{"taxonomy":"category","embeddable":true,"href":"https:\/\/politicosaldesnudo.com.mx\/index.php\/wp-json\/wp\/v2\/categories?post=11581"},{"taxonomy":"post_tag","embeddable":true,"href":"https:\/\/politicosaldesnudo.com.mx\/index.php\/wp-json\/wp\/v2\/tags?post=11581"}],"curies":[{"name":"wp","href":"https:\/\/api.w.org\/{rel}","templated":true}]}}