{"id":11637,"date":"2022-10-21T08:04:35","date_gmt":"2022-10-21T13:04:35","guid":{"rendered":"https:\/\/politicosaldesnudo.com.mx\/?p=11637"},"modified":"2022-10-21T08:04:35","modified_gmt":"2022-10-21T13:04:35","slug":"alejandra-del-moral-se-perfila-como-abanderada-del-pri-a-la-gubertura-del-edomex","status":"publish","type":"post","link":"https:\/\/politicosaldesnudo.com.mx\/index.php\/2022\/10\/21\/alejandra-del-moral-se-perfila-como-abanderada-del-pri-a-la-gubertura-del-edomex\/","title":{"rendered":"Alejandra del Moral, se perfila como abanderada del PRI a la gubertura del Edomex"},"content":{"rendered":"<p>&nbsp;<\/p>\n<p class=\"p1\"><span style=\"font-size: 14pt;\"><em><strong>TOLUCA, ESTADO DE M\u00c9XICO.<\/strong> <\/em><strong>Alejandra del Moral Vela<\/strong> fue designada coordinadora para la defensa del Estado de M\u00e9xico, y con ello se perfila para ser la abanderada del Partido Revolucionario Institucional (PRI) en los comicios del a\u00f1o entrante, en los cuales estar\u00e1 en juego la gubernatura.<\/span><\/p>\n<p class=\"p1\"><span style=\"font-size: 18pt;\"><strong>En la sede estatal del PRI, Del Moral Vela inform\u00f3 que la noche del mi\u00e9rcoles present\u00f3 su renuncia como secretaria de Desarrollo Social, cargo que desempe\u00f1\u00f3 desde marzo pasado.<\/strong><\/span><\/p>\n<p class=\"p1\"><span style=\"font-size: 14pt;\">Ante Laura Barrera, Ricardo Aguilar y Martha Hilda Gonz\u00e1lez, quienes tambi\u00e9n aspiraban a la candidatura pri\u00edsta al gobierno del estado de M\u00e9xico, Alejandra del Moral se\u00f1al\u00f3 que es tiempo de unidad. La \u00fanica aspirante a la postulaci\u00f3n que no la acompa\u00f1\u00f3 fue la diputada Ana Lilia Herrera quien, de acuerdo con encuestas, era la que realmente compet\u00eda con la virtual abanderada en popularidad y reconocimiento.<\/span><\/p>\n<p>&nbsp;<\/p>\n<p><img data-recalc-dims=\"1\" loading=\"lazy\" decoding=\"async\" class=\"aligncenter wp-image-11640 size-large\" src=\"https:\/\/i0.wp.com\/politicosaldesnudo.com.mx\/wp-content\/uploads\/2022\/10\/P-ALEJANDRA-DELMORAL-3-1024x573.png?resize=800%2C448&#038;ssl=1\" alt=\"\" width=\"800\" height=\"448\" srcset=\"https:\/\/i0.wp.com\/politicosaldesnudo.com.mx\/wp-content\/uploads\/2022\/10\/P-ALEJANDRA-DELMORAL-3.png?resize=1024%2C573&amp;ssl=1 1024w, https:\/\/i0.wp.com\/politicosaldesnudo.com.mx\/wp-content\/uploads\/2022\/10\/P-ALEJANDRA-DELMORAL-3.png?resize=300%2C168&amp;ssl=1 300w, https:\/\/i0.wp.com\/politicosaldesnudo.com.mx\/wp-content\/uploads\/2022\/10\/P-ALEJANDRA-DELMORAL-3.png?resize=768%2C430&amp;ssl=1 768w, https:\/\/i0.wp.com\/politicosaldesnudo.com.mx\/wp-content\/uploads\/2022\/10\/P-ALEJANDRA-DELMORAL-3.png?resize=1536%2C859&amp;ssl=1 1536w, https:\/\/i0.wp.com\/politicosaldesnudo.com.mx\/wp-content\/uploads\/2022\/10\/P-ALEJANDRA-DELMORAL-3.png?w=1816&amp;ssl=1 1816w, https:\/\/i0.wp.com\/politicosaldesnudo.com.mx\/wp-content\/uploads\/2022\/10\/P-ALEJANDRA-DELMORAL-3.png?w=1600&amp;ssl=1 1600w\" sizes=\"auto, (max-width: 800px) 100vw, 800px\" \/><\/p>\n<p>&nbsp;<\/p>\n<blockquote>\n<p class=\"p1\"><span style=\"font-size: 14pt;\">Hoy vengo a mi casa, a mi partido, con los m\u00edos, porque he decidido entregar todo mi ser a la causa del estado de M\u00e9xico. Con mucho orgullo y determinaci\u00f3n acepto el llamado de mi partido para construir un proyecto de defensa por el estado de M\u00e9xico. Hoy tenemos condiciones de competencia real y juntos, unidos, todos y todas vamos a construir un triunfo contundente, como lo hicimos en 2021. Es por nuestros hijos y por nuestras familias; es por el futuro de nuestra entidad\u201d<\/span><\/p>\n<\/blockquote>\n<p>&nbsp;<\/p>\n<p class=\"p1\"><span style=\"font-size: 18pt;\"><strong>Alejandra Del Moral Vela fue alcaldesa de Cuautitl\u00e1n Izcalli, diputada federal y local, directora del Banco del Ahorro Nacional y Servicios Financieros durante el sexenio de Enrique Pe\u00f1a Nieto, y con el gobernador Alfredo del Mazo Maza fue titular de la Secretar\u00eda del Trabajo y desde febrero pasado, de Desarrollo Social.<\/strong><\/span><\/p>\n<p class=\"p1\"><span style=\"font-size: 18pt; color: #139eca;\"><strong>Fue presidenta del PRI mexiquense de 2017 hasta inicios de este a\u00f1o. En los comicios de 2018 fue candidata al Senado y perdi\u00f3 frente a Delfina G\u00f3mez \u00c1lvarez, quien contender\u00e1 en la elecci\u00f3n a la gubernatura del partido Morena.<\/strong><\/span><\/p>\n<p>&nbsp;<\/p>\n<p><img data-recalc-dims=\"1\" loading=\"lazy\" decoding=\"async\" class=\"aligncenter wp-image-11639 size-large\" src=\"https:\/\/i0.wp.com\/politicosaldesnudo.com.mx\/wp-content\/uploads\/2022\/10\/P-ALEJANDRA-DELMORAL-2-1024x573.png?resize=800%2C448&#038;ssl=1\" alt=\"\" width=\"800\" height=\"448\" srcset=\"https:\/\/i0.wp.com\/politicosaldesnudo.com.mx\/wp-content\/uploads\/2022\/10\/P-ALEJANDRA-DELMORAL-2.png?resize=1024%2C573&amp;ssl=1 1024w, https:\/\/i0.wp.com\/politicosaldesnudo.com.mx\/wp-content\/uploads\/2022\/10\/P-ALEJANDRA-DELMORAL-2.png?resize=300%2C168&amp;ssl=1 300w, https:\/\/i0.wp.com\/politicosaldesnudo.com.mx\/wp-content\/uploads\/2022\/10\/P-ALEJANDRA-DELMORAL-2.png?resize=768%2C430&amp;ssl=1 768w, https:\/\/i0.wp.com\/politicosaldesnudo.com.mx\/wp-content\/uploads\/2022\/10\/P-ALEJANDRA-DELMORAL-2.png?resize=1536%2C859&amp;ssl=1 1536w, https:\/\/i0.wp.com\/politicosaldesnudo.com.mx\/wp-content\/uploads\/2022\/10\/P-ALEJANDRA-DELMORAL-2.png?w=1816&amp;ssl=1 1816w, https:\/\/i0.wp.com\/politicosaldesnudo.com.mx\/wp-content\/uploads\/2022\/10\/P-ALEJANDRA-DELMORAL-2.png?w=1600&amp;ssl=1 1600w\" sizes=\"auto, (max-width: 800px) 100vw, 800px\" \/><\/p>\n<p>&nbsp;<\/p>\n<p class=\"p1\"><span style=\"font-size: 14pt;\">Mientras, el senador Higinio Mart\u00ednez Miranda y su Grupo de Acci\u00f3n Pol\u00edtica, que aglutina a la mayor\u00eda de los alcaldes de Morena en la entidad, as\u00ed como a diputados y diputadas locales y federales de ese instituto por el estado de M\u00e9xico, se comprometieron este jueves a apoyar incondicionalmente a Delfina G\u00f3mez para hacer posible que la Cuarta Transformaci\u00f3n llegue a territorio mexiquense el a\u00f1o entrante.<\/span><\/p>\n<p class=\"p1\"><span style=\"font-size: 18pt;\"><strong>Luego de semanas de rumores sobre una posible fractura en Morena por no haber sido electo coordinador de los comit\u00e9s de la Cuarta Transformaci\u00f3n en la entidad, el senador asegur\u00f3 que se quedar\u00e1 en el partido y respaldar\u00e1 a la maestra G\u00f3mez \u00c1lvarez.<\/strong><\/span><\/p>\n<p>&nbsp;<\/p>\n<blockquote>\n<p class=\"p1\"><span style=\"font-size: 14pt;\">Cuenta usted con el apoyo incondicional de todos nosotros, los Mexiquenses de Coraz\u00f3n (como se denomina al movimiento que encabeza Mart\u00ednez Miranda). No tengo duda de que la apoyaremos en cada calle, en cada colonia, en cada barrio, en cada municipio y regi\u00f3n del estado para que lograr que sea lo que todos queremos que sea el pr\u00f3ximo a\u00f1o\u201d, afirm\u00f3 ante cientos de seguidores.<\/span><\/p>\n<\/blockquote>\n","protected":false},"excerpt":{"rendered":"<p>&nbsp; TOLUCA, ESTADO DE M\u00c9XICO. Alejandra del Moral Vela fue designada coordinadora para la defensa del Estado de M\u00e9xico, y<\/p>\n","protected":false},"author":4,"featured_media":11638,"comment_status":"closed","ping_status":"closed","sticky":false,"template":"","format":"standard","meta":{"colormag_page_container_layout":"default_layout","colormag_page_sidebar_layout":"default_layout","_jetpack_memberships_contains_paid_content":false,"footnotes":"","jetpack_publicize_message":"","jetpack_publicize_feature_enabled":true,"jetpack_social_post_already_shared":false,"jetpack_social_options":{"image_generator_settings":{"template":"highway","default_image_id":0,"font":"","enabled":false},"version":2}},"categories":[30],"tags":[1355,375,226],"class_list":["post-11637","post","type-post","status-publish","format-standard","has-post-thumbnail","hentry","category-estados","tag-alejandra-del-moral","tag-estado-de-mexico","tag-pri"],"jetpack_publicize_connections":[],"jetpack_featured_media_url":"https:\/\/i0.wp.com\/politicosaldesnudo.com.mx\/wp-content\/uploads\/2022\/10\/P-ALEJANDRA-DELMORAL-1.png?fit=1816%2C1016&ssl=1","jetpack-related-posts":[],"jetpack_sharing_enabled":true,"_links":{"self":[{"href":"https:\/\/politicosaldesnudo.com.mx\/index.php\/wp-json\/wp\/v2\/posts\/11637","targetHints":{"allow":["GET"]}}],"collection":[{"href":"https:\/\/politicosaldesnudo.com.mx\/index.php\/wp-json\/wp\/v2\/posts"}],"about":[{"href":"https:\/\/politicosaldesnudo.com.mx\/index.php\/wp-json\/wp\/v2\/types\/post"}],"author":[{"embeddable":true,"href":"https:\/\/politicosaldesnudo.com.mx\/index.php\/wp-json\/wp\/v2\/users\/4"}],"replies":[{"embeddable":true,"href":"https:\/\/politicosaldesnudo.com.mx\/index.php\/wp-json\/wp\/v2\/comments?post=11637"}],"version-history":[{"count":0,"href":"https:\/\/politicosaldesnudo.com.mx\/index.php\/wp-json\/wp\/v2\/posts\/11637\/revisions"}],"wp:featuredmedia":[{"embeddable":true,"href":"https:\/\/politicosaldesnudo.com.mx\/index.php\/wp-json\/wp\/v2\/media\/11638"}],"wp:attachment":[{"href":"https:\/\/politicosaldesnudo.com.mx\/index.php\/wp-json\/wp\/v2\/media?parent=11637"}],"wp:term":[{"taxonomy":"category","embeddable":true,"href":"https:\/\/politicosaldesnudo.com.mx\/index.php\/wp-json\/wp\/v2\/categories?post=11637"},{"taxonomy":"post_tag","embeddable":true,"href":"https:\/\/politicosaldesnudo.com.mx\/index.php\/wp-json\/wp\/v2\/tags?post=11637"}],"curies":[{"name":"wp","href":"https:\/\/api.w.org\/{rel}","templated":true}]}}