{"id":11649,"date":"2022-10-22T07:10:14","date_gmt":"2022-10-22T12:10:14","guid":{"rendered":"https:\/\/politicosaldesnudo.com.mx\/?p=11649"},"modified":"2022-10-22T07:10:24","modified_gmt":"2022-10-22T12:10:24","slug":"patrocinio-en-la-mira-de-la-marina","status":"publish","type":"post","link":"https:\/\/politicosaldesnudo.com.mx\/index.php\/2022\/10\/22\/patrocinio-en-la-mira-de-la-marina\/","title":{"rendered":"Patrocinio en la mira de la Marina"},"content":{"rendered":"<p>&nbsp;<\/p>\n<p class=\"p1\"><span style=\"font-size: 18pt;\"><strong>Por Luis Ram\u00edrez Baqueiro<\/strong><\/span><\/p>\n<p>&nbsp;<\/p>\n<p class=\"p1\" style=\"text-align: center;\"><em><span style=\"font-size: 18pt;\"><strong>\u201cDonde hay poca justicia es grave tener raz\u00f3n\u201d <\/strong><\/span><\/em><\/p>\n<p class=\"p1\" style=\"text-align: center;\"><span style=\"font-size: 18pt;\">\u2013 Francisco de Quevedo \u2013<\/span><\/p>\n<p>&nbsp;<\/p>\n<p>&nbsp;<\/p>\n<p class=\"p1\"><span style=\"font-size: 14pt;\">Cuando el pasado 6 de julio en medio de un gran silencio por parte de la Secretar\u00eda de Marina el actual Secretario de Marina de los Estados Unidos, Carlos del Toro, visit\u00f3 Veracruz, la raz\u00f3n fundamental dada a conocer fue el tr\u00e1fico y robo de mercanc\u00edas \u2013pirater\u00eda la de verdad- en aguas territoriales.<\/span><\/p>\n<p class=\"p1\"><span style=\"font-size: 14pt;\">La realidad fue que vino a hablar seriamente con su hom\u00f3logo Rafael Ojeda Pacheco para entregarle un expediente en el que con pelos y se\u00f1ales la inteligencia naval de Estados Unidos relacionaba a un funcionario de primer nivel del Gobierno de Veracruz.<\/span><\/p>\n<p class=\"p1\"><span style=\"font-size: 14pt;\">El tema ha escalado al punto de tenerlo ya en el radar de las autoridades norteamericanas por los serios casos de desapariciones forzadas en la entidad, casos que equiparan a Veracruz a las peores zonas de guerra en el mundo.<\/span><\/p>\n<p class=\"p1\"><span style=\"font-size: 14pt;\">El expediente vinculante se\u00f1alar\u00eda los nexos del hoy secretario de Gobierno, Eric Patrocinio Cisneros Burgos, a quien vinculan directamente como el operador del C\u00e1rtel Jalisco Nueva Generaci\u00f3n (CJNG) con el Gobierno de Veracruz.<\/span><\/p>\n<p class=\"p1\"><span style=\"font-size: 14pt;\">Y es que la detenci\u00f3n de un presunto sobrino del funcionario estatal habr\u00eda abierto la puerta a las sospechas sobre su proceder, fue el pasado 3 de marzo del 2022, que las autoridades habr\u00edan dado cuenta Erick \u00abN\u00bb, alias \u00abEl Barbas\u00bb, presunto integrante de un grupo criminal, quien en un video manifest\u00f3 ser supuestamente su sobrino, lo que alert\u00f3 a los sistemas de inteligencia.<\/span><\/p>\n<p class=\"p1\"><span style=\"font-size: 14pt;\">Las sospechas sobre Cisneros Burgos no son nuevas, pues se recordar\u00e1 que ya la Semar hab\u00eda abierto un expediente en su contra y hasta la Unidad de Inteligencia Financiera (UIF) de la Secretar\u00eda de Hacienda y Cr\u00e9dito P\u00fablico (SHCP) investigaba al funcionario por presuntos desv\u00edos por 4 mil 800 millones de pesos.\u00a0<\/span><\/p>\n<p class=\"p1\"><span style=\"font-size: 14pt;\">Con esto la credibilidad de Cuitl\u00e1huac Garc\u00eda Jim\u00e9nez y su administraci\u00f3n est\u00e1 sumamente comprometida, la salida de Hugo Guti\u00e9rrez Maldonado por actos serios de presunta \u201ccorrupci\u00f3n\u201d y \u201cdesaparici\u00f3n forzada\u201d exhibe de cuerpo entero a un gobierno sordo e insensible a la realidad.<\/span><\/p>\n<p class=\"p1\"><span style=\"font-size: 14pt;\">Los tiempos de ajustar el gabinete han llegado si se quiere salvar la salida y la sucesi\u00f3n gubernamental, pues es precisamente este mismo problema el que origin\u00f3 la ca\u00edda de Javier Duarte y su mal gobierno.<\/span><\/p>\n<p class=\"p1\"><span style=\"font-size: 14pt;\">Hoy a Duarte de Ochoa lo persiguen los miles de fantasmas de igual n\u00famero de desaparecidos que desde La Haya han comenzado a clamar justicia, y por lo que seguramente jam\u00e1s saldr\u00e1 de prisi\u00f3n.<\/span><\/p>\n<p class=\"p1\"><span style=\"font-size: 14pt;\">\u00bfQuerr\u00e1 acaso Cuitl\u00e1huac Garc\u00eda afrontar un escenario similar? \u00bfser\u00e1 el momento preciso para hacer los ajustes a su gabinete que tanto lo necesita? Las preguntas quedar\u00e1n en el aire, usted saque sus conclusiones.<\/span><\/p>\n<p>&nbsp;<\/p>\n<p class=\"p1\"><strong><span style=\"font-size: 18pt;\">Al tiempo.<\/span><\/strong><\/p>\n<p>&nbsp;<\/p>\n<p class=\"p1\"><span style=\"font-size: 18pt;\"><strong>Correo: <a href=\"mailto:astrolabiopoliticomx@gmail.com\">astrolabiopoliticomx@gmail.com<\/a><\/strong><\/span><\/p>\n<p class=\"p1\"><span style=\"font-size: 18pt;\"><strong>Twitter: <a href=\"http:\/\/www.twitter.com\/LuisBaqueiro_mx\">@LuisBaqueiro_mx<\/a><\/strong><\/span><\/p>\n<p>&nbsp;<\/p>\n<p><span style=\"font-size: 18pt; color: #319eca;\"><em><strong>**Las columnas firmadas en este medio son responsabilidad de quienes las firman**<\/strong><\/em><\/span><\/p>\n<p>&nbsp;<\/p>\n<p>&nbsp;<\/p>\n<p>&nbsp;<\/p>\n<p>&nbsp;<\/p>\n<p class=\"p1\">\n","protected":false},"excerpt":{"rendered":"<p>&nbsp; Por Luis Ram\u00edrez Baqueiro &nbsp; \u201cDonde hay poca justicia es grave tener raz\u00f3n\u201d \u2013 Francisco de Quevedo \u2013 &nbsp;<\/p>\n","protected":false},"author":4,"featured_media":4390,"comment_status":"closed","ping_status":"closed","sticky":false,"template":"","format":"standard","meta":{"colormag_page_container_layout":"default_layout","colormag_page_sidebar_layout":"default_layout","_jetpack_memberships_contains_paid_content":false,"footnotes":"","jetpack_publicize_message":"","jetpack_publicize_feature_enabled":true,"jetpack_social_post_already_shared":false,"jetpack_social_options":{"image_generator_settings":{"template":"highway","default_image_id":0,"font":"","enabled":false},"version":2}},"categories":[26],"tags":[],"class_list":["post-11649","post","type-post","status-publish","format-standard","has-post-thumbnail","hentry","category-columnistas"],"jetpack_publicize_connections":[],"jetpack_featured_media_url":"https:\/\/i0.wp.com\/politicosaldesnudo.com.mx\/wp-content\/uploads\/2022\/04\/LUIS-RAMI%CC%81REZ-BAQUEIRO.png?fit=1816%2C1016&ssl=1","jetpack-related-posts":[],"jetpack_sharing_enabled":true,"_links":{"self":[{"href":"https:\/\/politicosaldesnudo.com.mx\/index.php\/wp-json\/wp\/v2\/posts\/11649","targetHints":{"allow":["GET"]}}],"collection":[{"href":"https:\/\/politicosaldesnudo.com.mx\/index.php\/wp-json\/wp\/v2\/posts"}],"about":[{"href":"https:\/\/politicosaldesnudo.com.mx\/index.php\/wp-json\/wp\/v2\/types\/post"}],"author":[{"embeddable":true,"href":"https:\/\/politicosaldesnudo.com.mx\/index.php\/wp-json\/wp\/v2\/users\/4"}],"replies":[{"embeddable":true,"href":"https:\/\/politicosaldesnudo.com.mx\/index.php\/wp-json\/wp\/v2\/comments?post=11649"}],"version-history":[{"count":0,"href":"https:\/\/politicosaldesnudo.com.mx\/index.php\/wp-json\/wp\/v2\/posts\/11649\/revisions"}],"wp:featuredmedia":[{"embeddable":true,"href":"https:\/\/politicosaldesnudo.com.mx\/index.php\/wp-json\/wp\/v2\/media\/4390"}],"wp:attachment":[{"href":"https:\/\/politicosaldesnudo.com.mx\/index.php\/wp-json\/wp\/v2\/media?parent=11649"}],"wp:term":[{"taxonomy":"category","embeddable":true,"href":"https:\/\/politicosaldesnudo.com.mx\/index.php\/wp-json\/wp\/v2\/categories?post=11649"},{"taxonomy":"post_tag","embeddable":true,"href":"https:\/\/politicosaldesnudo.com.mx\/index.php\/wp-json\/wp\/v2\/tags?post=11649"}],"curies":[{"name":"wp","href":"https:\/\/api.w.org\/{rel}","templated":true}]}}