{"id":11656,"date":"2022-10-22T07:31:06","date_gmt":"2022-10-22T12:31:06","guid":{"rendered":"https:\/\/politicosaldesnudo.com.mx\/?p=11656"},"modified":"2022-10-22T07:36:07","modified_gmt":"2022-10-22T12:36:07","slug":"colonos-esperaron-40-anos-para-obra-inicia-gobierno-de-tuxpan-construccion-de-guarniciones-en-colonia-hernandez-ochoa","status":"publish","type":"post","link":"https:\/\/politicosaldesnudo.com.mx\/index.php\/2022\/10\/22\/colonos-esperaron-40-anos-para-obra-inicia-gobierno-de-tuxpan-construccion-de-guarniciones-en-colonia-hernandez-ochoa\/","title":{"rendered":"Colonos esperaron 40 a\u00f1os, Inicia gobierno de Tuxpan obra en colonia Hern\u00e1ndez Ochoa"},"content":{"rendered":"<p>&nbsp;<\/p>\n<p class=\"p1\"><span style=\"font-size: 14pt;\"><em><strong>TUXPAN, VERACRUZ.<\/strong> <\/em><strong>Autoridades municipales dieron el banderazo de inicio para la construcci\u00f3n de guarniciones y banquetas<\/strong> en la calle 2 Poniente, de la colonia Rafael Hern\u00e1ndez Ochoa. <\/span><\/p>\n<p class=\"p1\"><span style=\"font-size: 18pt;\"><strong>Esta obra se realiza con una <span style=\"color: #139eca;\">inversi\u00f3n de Un mill\u00f3n 247 mil 517 pesos<\/span>, provenientes del Fondo para la Infraestructura Social Municipal y de las Demarcaciones Territoriales del Distrito Federal (FISMDF), y contempla la construcci\u00f3n 405.53 metros lineales de guarnici\u00f3n y 503.77 metros cuadrados de banqueta en <span style=\"color: #139eca;\">beneficio de m\u00e1s de 180 habitantes<\/span>.<\/strong><\/span><\/p>\n<p>&nbsp;<\/p>\n<p><img data-recalc-dims=\"1\" loading=\"lazy\" decoding=\"async\" class=\"aligncenter wp-image-11659 size-large\" src=\"https:\/\/i0.wp.com\/politicosaldesnudo.com.mx\/wp-content\/uploads\/2022\/10\/P-OBRA-HDZ-OCHOA-TUXPAN-3-1024x573.png?resize=800%2C448&#038;ssl=1\" alt=\"\" width=\"800\" height=\"448\" srcset=\"https:\/\/i0.wp.com\/politicosaldesnudo.com.mx\/wp-content\/uploads\/2022\/10\/P-OBRA-HDZ-OCHOA-TUXPAN-3.png?resize=1024%2C573&amp;ssl=1 1024w, https:\/\/i0.wp.com\/politicosaldesnudo.com.mx\/wp-content\/uploads\/2022\/10\/P-OBRA-HDZ-OCHOA-TUXPAN-3.png?resize=300%2C168&amp;ssl=1 300w, https:\/\/i0.wp.com\/politicosaldesnudo.com.mx\/wp-content\/uploads\/2022\/10\/P-OBRA-HDZ-OCHOA-TUXPAN-3.png?resize=768%2C430&amp;ssl=1 768w, https:\/\/i0.wp.com\/politicosaldesnudo.com.mx\/wp-content\/uploads\/2022\/10\/P-OBRA-HDZ-OCHOA-TUXPAN-3.png?resize=1536%2C859&amp;ssl=1 1536w, https:\/\/i0.wp.com\/politicosaldesnudo.com.mx\/wp-content\/uploads\/2022\/10\/P-OBRA-HDZ-OCHOA-TUXPAN-3.png?w=1816&amp;ssl=1 1816w, https:\/\/i0.wp.com\/politicosaldesnudo.com.mx\/wp-content\/uploads\/2022\/10\/P-OBRA-HDZ-OCHOA-TUXPAN-3.png?w=1600&amp;ssl=1 1600w\" sizes=\"auto, (max-width: 800px) 100vw, 800px\" \/><\/p>\n<p>&nbsp;<\/p>\n<p class=\"p1\"><span style=\"font-size: 14pt;\">En el banderazo de esta obra el alcalde Jos\u00e9 Manuel Pozos Castro estuvo acompa\u00f1ado por las regidoras Lucero Res\u00e9ndis Ambrocio, comisionada en Obras P\u00fablicas; Mar\u00eda del Pilar Mart\u00ednez Matesanz y Anah\u00ed Aguilar L\u00f3pez, y el regidor Luis Demetrio L\u00f3pez Mar\u00edn.<\/span><\/p>\n<p class=\"p1\"><span style=\"font-size: 18pt;\"><strong>El presidente Jos\u00e9 Manuel Pozos Castro se\u00f1al\u00f3 que el gobierno municipal est\u00e1 trabajando con el ejemplo del presidente Andr\u00e9s Manuel L\u00f3pez Obrador, llevando bienestar a donde m\u00e1s se necesita.<\/strong><\/span><\/p>\n<p>&nbsp;<\/p>\n<p><img data-recalc-dims=\"1\" loading=\"lazy\" decoding=\"async\" class=\"aligncenter wp-image-11658 size-large\" src=\"https:\/\/i0.wp.com\/politicosaldesnudo.com.mx\/wp-content\/uploads\/2022\/10\/P-OBRA-HDZ-OCHOA-TUXPAN-2-1024x573.png?resize=800%2C448&#038;ssl=1\" alt=\"\" width=\"800\" height=\"448\" srcset=\"https:\/\/i0.wp.com\/politicosaldesnudo.com.mx\/wp-content\/uploads\/2022\/10\/P-OBRA-HDZ-OCHOA-TUXPAN-2.png?resize=1024%2C573&amp;ssl=1 1024w, https:\/\/i0.wp.com\/politicosaldesnudo.com.mx\/wp-content\/uploads\/2022\/10\/P-OBRA-HDZ-OCHOA-TUXPAN-2.png?resize=300%2C168&amp;ssl=1 300w, https:\/\/i0.wp.com\/politicosaldesnudo.com.mx\/wp-content\/uploads\/2022\/10\/P-OBRA-HDZ-OCHOA-TUXPAN-2.png?resize=768%2C430&amp;ssl=1 768w, https:\/\/i0.wp.com\/politicosaldesnudo.com.mx\/wp-content\/uploads\/2022\/10\/P-OBRA-HDZ-OCHOA-TUXPAN-2.png?resize=1536%2C859&amp;ssl=1 1536w, https:\/\/i0.wp.com\/politicosaldesnudo.com.mx\/wp-content\/uploads\/2022\/10\/P-OBRA-HDZ-OCHOA-TUXPAN-2.png?w=1816&amp;ssl=1 1816w, https:\/\/i0.wp.com\/politicosaldesnudo.com.mx\/wp-content\/uploads\/2022\/10\/P-OBRA-HDZ-OCHOA-TUXPAN-2.png?w=1600&amp;ssl=1 1600w\" sizes=\"auto, (max-width: 800px) 100vw, 800px\" \/><\/p>\n<p>&nbsp;<\/p>\n<p class=\"p1\"><span style=\"font-size: 18pt; color: #139eca;\"><strong>Destac\u00f3 el alcalde <span style=\"font-size: 18pt;\">Jos\u00e9 Manuel Pozos <\/span>que se est\u00e1n cumpliendo los compromisos que se hicieron, uno de ellos es la construcci\u00f3n de esta obra que hoy inicia y que pr\u00f3ximamente ser\u00e1 inaugurada. Asimismo, se comprometi\u00f3 a que antes de que termine la actual administraci\u00f3n la calle 2 Poniente ser\u00e1 pavimentada.<\/strong><\/span><\/p>\n<p>&nbsp;<\/p>\n<blockquote>\n<p class=\"p1\"><span style=\"font-size: 14pt;\">Estamos llevando obras donde hay m\u00e1s rezago social y abandono, los cuales se ir\u00e1n resolviendo gracias al trabajo que realizamos para llevar justicia social a todas partes\u2026 Vamos a seguir transformando Tuxpan, no tengan la menor duda\u201d, expres\u00f3<\/span><\/p>\n<\/blockquote>\n<p>&nbsp;<\/p>\n<p><img data-recalc-dims=\"1\" loading=\"lazy\" decoding=\"async\" class=\"aligncenter wp-image-11660 size-large\" src=\"https:\/\/i0.wp.com\/politicosaldesnudo.com.mx\/wp-content\/uploads\/2022\/10\/P-OBRA-HDZ-OCHOA-TUXPAN-4-1024x573.png?resize=800%2C448&#038;ssl=1\" alt=\"\" width=\"800\" height=\"448\" srcset=\"https:\/\/i0.wp.com\/politicosaldesnudo.com.mx\/wp-content\/uploads\/2022\/10\/P-OBRA-HDZ-OCHOA-TUXPAN-4.png?resize=1024%2C573&amp;ssl=1 1024w, https:\/\/i0.wp.com\/politicosaldesnudo.com.mx\/wp-content\/uploads\/2022\/10\/P-OBRA-HDZ-OCHOA-TUXPAN-4.png?resize=300%2C168&amp;ssl=1 300w, https:\/\/i0.wp.com\/politicosaldesnudo.com.mx\/wp-content\/uploads\/2022\/10\/P-OBRA-HDZ-OCHOA-TUXPAN-4.png?resize=768%2C430&amp;ssl=1 768w, https:\/\/i0.wp.com\/politicosaldesnudo.com.mx\/wp-content\/uploads\/2022\/10\/P-OBRA-HDZ-OCHOA-TUXPAN-4.png?resize=1536%2C859&amp;ssl=1 1536w, https:\/\/i0.wp.com\/politicosaldesnudo.com.mx\/wp-content\/uploads\/2022\/10\/P-OBRA-HDZ-OCHOA-TUXPAN-4.png?w=1816&amp;ssl=1 1816w, https:\/\/i0.wp.com\/politicosaldesnudo.com.mx\/wp-content\/uploads\/2022\/10\/P-OBRA-HDZ-OCHOA-TUXPAN-4.png?w=1600&amp;ssl=1 1600w\" sizes=\"auto, (max-width: 800px) 100vw, 800px\" \/><\/p>\n<p>&nbsp;<\/p>\n<p class=\"p1\"><span style=\"font-size: 18pt;\"><strong>Por su parte, Juan Carlos Ortega Valdez, presidente del Comit\u00e9 de Contralor\u00eda Social, agradeci\u00f3 a las autoridades municipales por esta <span style=\"color: #139eca;\">obra que gestionaron durante m\u00e1s de 40 a\u00f1os y que hasta ahora, con el actual gobierno, pudo concretarse. <\/span><\/strong><\/span><\/p>\n<p class=\"p1\"><span style=\"font-size: 14pt;\">Tambi\u00e9n asistieron el director de Desarrollo Social, Jes\u00fas Carballo Serrano; el director de Obras P\u00fablicas, Pedro Espinoza; el consejero comunitario del Consejo de Desarrollo Municipal, Refugio Morales Hern\u00e1ndez; y directores y coordinadores de las diferentes \u00e1reas del gobierno municipal.<\/span><\/p>\n<p>&nbsp;<\/p>\n<p><img data-recalc-dims=\"1\" loading=\"lazy\" decoding=\"async\" class=\"aligncenter wp-image-11661 size-large\" src=\"https:\/\/i0.wp.com\/politicosaldesnudo.com.mx\/wp-content\/uploads\/2022\/10\/P-OBRA-HDZ-OCHOA-TUXPAN-5-1024x573.png?resize=800%2C448&#038;ssl=1\" alt=\"\" width=\"800\" height=\"448\" srcset=\"https:\/\/i0.wp.com\/politicosaldesnudo.com.mx\/wp-content\/uploads\/2022\/10\/P-OBRA-HDZ-OCHOA-TUXPAN-5.png?resize=1024%2C573&amp;ssl=1 1024w, https:\/\/i0.wp.com\/politicosaldesnudo.com.mx\/wp-content\/uploads\/2022\/10\/P-OBRA-HDZ-OCHOA-TUXPAN-5.png?resize=300%2C168&amp;ssl=1 300w, https:\/\/i0.wp.com\/politicosaldesnudo.com.mx\/wp-content\/uploads\/2022\/10\/P-OBRA-HDZ-OCHOA-TUXPAN-5.png?resize=768%2C430&amp;ssl=1 768w, https:\/\/i0.wp.com\/politicosaldesnudo.com.mx\/wp-content\/uploads\/2022\/10\/P-OBRA-HDZ-OCHOA-TUXPAN-5.png?resize=1536%2C859&amp;ssl=1 1536w, https:\/\/i0.wp.com\/politicosaldesnudo.com.mx\/wp-content\/uploads\/2022\/10\/P-OBRA-HDZ-OCHOA-TUXPAN-5.png?w=1816&amp;ssl=1 1816w, https:\/\/i0.wp.com\/politicosaldesnudo.com.mx\/wp-content\/uploads\/2022\/10\/P-OBRA-HDZ-OCHOA-TUXPAN-5.png?w=1600&amp;ssl=1 1600w\" sizes=\"auto, (max-width: 800px) 100vw, 800px\" \/><\/p>\n<p>&nbsp;<\/p>\n<p>&nbsp;<\/p>\n<p>&nbsp;<\/p>\n<p>&nbsp;<\/p>\n<p>&nbsp;<\/p>\n<p>&nbsp;<\/p>\n<p>&nbsp;<\/p>\n<p>&nbsp;<\/p>\n","protected":false},"excerpt":{"rendered":"<p>&nbsp; TUXPAN, VERACRUZ. Autoridades municipales dieron el banderazo de inicio para la construcci\u00f3n de guarniciones y banquetas en la calle<\/p>\n","protected":false},"author":4,"featured_media":11657,"comment_status":"closed","ping_status":"closed","sticky":false,"template":"","format":"standard","meta":{"colormag_page_container_layout":"default_layout","colormag_page_sidebar_layout":"default_layout","_jetpack_memberships_contains_paid_content":false,"footnotes":"","jetpack_publicize_message":"","jetpack_publicize_feature_enabled":true,"jetpack_social_post_already_shared":false,"jetpack_social_options":{"image_generator_settings":{"template":"highway","default_image_id":0,"font":"","enabled":false},"version":2}},"categories":[1082],"tags":[1336,1404,1335,576,70,100],"class_list":["post-11656","post","type-post","status-publish","format-standard","has-post-thumbnail","hentry","category-tuxpan","tag-banquetas","tag-colonia-rafael-hernandez","tag-guarnicion","tag-jose-manuel-pozos","tag-tuxpan","tag-veracruz"],"jetpack_publicize_connections":[],"jetpack_featured_media_url":"https:\/\/i0.wp.com\/politicosaldesnudo.com.mx\/wp-content\/uploads\/2022\/10\/P-OBRA-HDZ-OCHOA-TUXPAN-1.png?fit=1816%2C1016&ssl=1","jetpack-related-posts":[],"jetpack_sharing_enabled":true,"_links":{"self":[{"href":"https:\/\/politicosaldesnudo.com.mx\/index.php\/wp-json\/wp\/v2\/posts\/11656","targetHints":{"allow":["GET"]}}],"collection":[{"href":"https:\/\/politicosaldesnudo.com.mx\/index.php\/wp-json\/wp\/v2\/posts"}],"about":[{"href":"https:\/\/politicosaldesnudo.com.mx\/index.php\/wp-json\/wp\/v2\/types\/post"}],"author":[{"embeddable":true,"href":"https:\/\/politicosaldesnudo.com.mx\/index.php\/wp-json\/wp\/v2\/users\/4"}],"replies":[{"embeddable":true,"href":"https:\/\/politicosaldesnudo.com.mx\/index.php\/wp-json\/wp\/v2\/comments?post=11656"}],"version-history":[{"count":0,"href":"https:\/\/politicosaldesnudo.com.mx\/index.php\/wp-json\/wp\/v2\/posts\/11656\/revisions"}],"wp:featuredmedia":[{"embeddable":true,"href":"https:\/\/politicosaldesnudo.com.mx\/index.php\/wp-json\/wp\/v2\/media\/11657"}],"wp:attachment":[{"href":"https:\/\/politicosaldesnudo.com.mx\/index.php\/wp-json\/wp\/v2\/media?parent=11656"}],"wp:term":[{"taxonomy":"category","embeddable":true,"href":"https:\/\/politicosaldesnudo.com.mx\/index.php\/wp-json\/wp\/v2\/categories?post=11656"},{"taxonomy":"post_tag","embeddable":true,"href":"https:\/\/politicosaldesnudo.com.mx\/index.php\/wp-json\/wp\/v2\/tags?post=11656"}],"curies":[{"name":"wp","href":"https:\/\/api.w.org\/{rel}","templated":true}]}}