{"id":11687,"date":"2022-10-23T22:13:10","date_gmt":"2022-10-24T03:13:10","guid":{"rendered":"https:\/\/politicosaldesnudo.com.mx\/?p=11687"},"modified":"2022-10-24T01:24:48","modified_gmt":"2022-10-24T06:24:48","slug":"invita-el-dif-a-la-jornada-de-salud-y-mastografias-lunes-24-de-octubre-en-la-plaza-civica","status":"publish","type":"post","link":"https:\/\/politicosaldesnudo.com.mx\/index.php\/2022\/10\/23\/invita-el-dif-a-la-jornada-de-salud-y-mastografias-lunes-24-de-octubre-en-la-plaza-civica\/","title":{"rendered":"Invita el DIF a la Jornada de Salud y Mastograf\u00edas, lunes 24 de octubre en la Plaza C\u00edvica"},"content":{"rendered":"<p>&nbsp;<\/p>\n<p><span style=\"font-size: 14pt;\"><em><strong>TUXPAN, VERACRUZ.<\/strong> <\/em>En el marco del mes para la concientizaci\u00f3n sobre la <span style=\"color: #139eca;\"><strong>Lucha Contra el C\u00e1ncer de Mama<\/strong><\/span>, el DIF Tuxpan contin\u00faa reforzando acciones para la prevenci\u00f3n, detecci\u00f3n y diagn\u00f3stico de esta enfermedad.<\/span><\/p>\n<p><span style=\"font-size: 18pt;\"><strong>En ese sentido, invita a la ciudadan\u00eda a participar este lunes 24 de octubre en la caminata que iniciar\u00e1 a las 09:00 hrs. en AutoZone.<\/strong><\/span><\/p>\n<p><span style=\"font-size: 14pt;\">La caminata terminar\u00e1 en la Plaza C\u00edvica municipal donde, de las 8:00 de la ma\u00f1ana a las 4:00 de la tarde, se estar\u00e1 llevando a cabo una Jornada de Salud y Mastograf\u00edas gratuitas.<\/span><\/p>\n<p>&nbsp;<\/p>\n<p><span style=\"font-size: 18pt; color: #139eca;\"><strong>Los requisitos para poder realizarse la mastograf\u00eda son los siguientes:<\/strong><\/span><\/p>\n<p><span style=\"font-size: 18pt;\"><strong>\u2022Ser mayor de 40 a\u00f1os<\/strong><\/span><br \/>\n<span style=\"font-size: 18pt;\"><strong>\u2022Presentar cartilla de vacunaci\u00f3n <\/strong><\/span><br \/>\n<span style=\"font-size: 18pt;\"><strong>\u2022Identificaci\u00f3n oficial expedida por el INE<\/strong><\/span><br \/>\n<span style=\"font-size: 18pt;\"><strong>\u2022Presentarse aseadas, sin utilizar desodorante, talco o crema.<\/strong><\/span><br \/>\n<span style=\"font-size: 18pt;\"><strong>\u2022Utilizar vestimenta de dos piezas (no vestido).<\/strong><\/span><\/p>\n<p><span style=\"font-size: 14pt;\">**Para la caminata se sugiere vestir alguna prenda en color rosa.<\/span><\/p>\n<p><img data-recalc-dims=\"1\" loading=\"lazy\" decoding=\"async\" class=\"aligncenter wp-image-11688 size-full\" src=\"https:\/\/i0.wp.com\/politicosaldesnudo.com.mx\/wp-content\/uploads\/2022\/10\/WhatsApp-Image-2022-10-23-at-5.30.36-PM.jpeg?resize=720%2C720&#038;ssl=1\" alt=\"\" width=\"720\" height=\"720\" srcset=\"https:\/\/i0.wp.com\/politicosaldesnudo.com.mx\/wp-content\/uploads\/2022\/10\/WhatsApp-Image-2022-10-23-at-5.30.36-PM.jpeg?w=720&amp;ssl=1 720w, https:\/\/i0.wp.com\/politicosaldesnudo.com.mx\/wp-content\/uploads\/2022\/10\/WhatsApp-Image-2022-10-23-at-5.30.36-PM.jpeg?resize=300%2C300&amp;ssl=1 300w, https:\/\/i0.wp.com\/politicosaldesnudo.com.mx\/wp-content\/uploads\/2022\/10\/WhatsApp-Image-2022-10-23-at-5.30.36-PM.jpeg?resize=150%2C150&amp;ssl=1 150w\" sizes=\"auto, (max-width: 720px) 100vw, 720px\" \/><\/p>\n<p style=\"text-align: center;\"><span style=\"font-size: 24pt; color: #139eca;\"><strong>#TransformandoCorazones<\/strong><\/span><\/p>\n<p>&nbsp;<\/p>\n<p>&nbsp;<\/p>\n<p>&nbsp;<\/p>\n<p>&nbsp;<\/p>\n","protected":false},"excerpt":{"rendered":"<p>&nbsp; TUXPAN, VERACRUZ. En el marco del mes para la concientizaci\u00f3n sobre la Lucha Contra el C\u00e1ncer de Mama, el<\/p>\n","protected":false},"author":4,"featured_media":11689,"comment_status":"closed","ping_status":"closed","sticky":false,"template":"","format":"standard","meta":{"colormag_page_container_layout":"default_layout","colormag_page_sidebar_layout":"default_layout","_jetpack_memberships_contains_paid_content":false,"footnotes":"","jetpack_publicize_message":"","jetpack_publicize_feature_enabled":true,"jetpack_social_post_already_shared":false,"jetpack_social_options":{"image_generator_settings":{"template":"highway","default_image_id":0,"font":"","enabled":false},"version":2}},"categories":[1082],"tags":[1099,1664,1663,70,100],"class_list":["post-11687","post","type-post","status-publish","format-standard","has-post-thumbnail","hentry","category-tuxpan","tag-dif-tuxpan","tag-lucha-contra-el-cancer","tag-mastografia","tag-tuxpan","tag-veracruz"],"jetpack_publicize_connections":[],"jetpack_featured_media_url":"https:\/\/i0.wp.com\/politicosaldesnudo.com.mx\/wp-content\/uploads\/2022\/10\/P-MASTOGRAFIA-DIF-TUXPAN.png?fit=1816%2C1016&ssl=1","jetpack-related-posts":[],"jetpack_sharing_enabled":true,"_links":{"self":[{"href":"https:\/\/politicosaldesnudo.com.mx\/index.php\/wp-json\/wp\/v2\/posts\/11687","targetHints":{"allow":["GET"]}}],"collection":[{"href":"https:\/\/politicosaldesnudo.com.mx\/index.php\/wp-json\/wp\/v2\/posts"}],"about":[{"href":"https:\/\/politicosaldesnudo.com.mx\/index.php\/wp-json\/wp\/v2\/types\/post"}],"author":[{"embeddable":true,"href":"https:\/\/politicosaldesnudo.com.mx\/index.php\/wp-json\/wp\/v2\/users\/4"}],"replies":[{"embeddable":true,"href":"https:\/\/politicosaldesnudo.com.mx\/index.php\/wp-json\/wp\/v2\/comments?post=11687"}],"version-history":[{"count":0,"href":"https:\/\/politicosaldesnudo.com.mx\/index.php\/wp-json\/wp\/v2\/posts\/11687\/revisions"}],"wp:featuredmedia":[{"embeddable":true,"href":"https:\/\/politicosaldesnudo.com.mx\/index.php\/wp-json\/wp\/v2\/media\/11689"}],"wp:attachment":[{"href":"https:\/\/politicosaldesnudo.com.mx\/index.php\/wp-json\/wp\/v2\/media?parent=11687"}],"wp:term":[{"taxonomy":"category","embeddable":true,"href":"https:\/\/politicosaldesnudo.com.mx\/index.php\/wp-json\/wp\/v2\/categories?post=11687"},{"taxonomy":"post_tag","embeddable":true,"href":"https:\/\/politicosaldesnudo.com.mx\/index.php\/wp-json\/wp\/v2\/tags?post=11687"}],"curies":[{"name":"wp","href":"https:\/\/api.w.org\/{rel}","templated":true}]}}