{"id":11696,"date":"2022-10-24T01:37:37","date_gmt":"2022-10-24T06:37:37","guid":{"rendered":"https:\/\/politicosaldesnudo.com.mx\/?p=11696"},"modified":"2022-10-24T01:37:37","modified_gmt":"2022-10-24T06:37:37","slug":"veracruz-entre-los-estados-mas-seguros","status":"publish","type":"post","link":"https:\/\/politicosaldesnudo.com.mx\/index.php\/2022\/10\/24\/veracruz-entre-los-estados-mas-seguros\/","title":{"rendered":"Veracruz: entre los estados m\u00e1s \u201cseguros\u201d"},"content":{"rendered":"<p>&nbsp;<\/p>\n<p class=\"p1\">\n<p class=\"p1\"><span style=\"font-size: 18pt;\"><b>Por Ra\u00fal L\u00f3pez G\u00f3mez<\/b><\/span><\/p>\n<p class=\"p1\"><span style=\"font-size: 14pt;\">Los \u00edndices delictivos a la baja no fueron suficientes para mantener<span class=\"Apple-converted-space\">\u00a0 <\/span>en el cargo a Hugo Guti\u00e9rrez Maldonado, como secretario de seguridad p\u00fablica, que no resisti\u00f3 a las cr\u00edticas medi\u00e1ticas y de partidos pol\u00edticos de oposici\u00f3n, en donde no se le reconoci\u00f3 el positivo desempe\u00f1\u00f3.<\/span><\/p>\n<p class=\"p1\"><span style=\"font-size: 14pt;\">La percepci\u00f3n por parte de la poblaci\u00f3n, ante los problemas internos del personal se evidenci\u00f3 como algo negativo.<\/span><\/p>\n<p class=\"p1\"><span style=\"font-size: 14pt;\">En la estad\u00edstica de los gobiernos estatales veracruzanos, Hugo Guti\u00e9rrez Maldonado, dur\u00f3 m\u00e1s de cuatro a\u00f1os en el cargo lo que signific\u00f3 romper los r\u00e9cords de permanencia en el cargo m\u00e1s dif\u00edcil del gobierno estatal por las circunstancias de un territorio complicado desde hace varias d\u00e9cadas.<\/span><\/p>\n<p class=\"p1\"><span style=\"font-size: 14pt;\">La ca\u00edda de Guti\u00e9rrez Maldonado, sorprendi\u00f3 a propios y extra\u00f1os, pero por tantos conflictos la presi\u00f3n de todas partes lo hizo insostenible en el cargo a pesar de los positivos resultados que tanto se arengaron de un rotundo \u00e9xito.<\/span><\/p>\n<p class=\"p1\"><span style=\"font-size: 14pt;\">Asume el cargo de secretario de seguridad p\u00fablica, el capit\u00e1n Cuauht\u00e9moc Zu\u00f1iga Bonilla, con una impecable hoja de servicios.<\/span><\/p>\n<p class=\"p1\"><span style=\"font-size: 14pt;\">Las distintas complicaciones de los \u00faltimos meses, se acumularon y fue la gota que derram\u00f3 el vaso para los cambios en la dependencia.<\/span><\/p>\n<p class=\"p1\"><span style=\"font-size: 14pt;\">Por cierto, en la UV tambi\u00e9n existen muchos conflictos internos toda vez que despu\u00e9s de la pandemia no se han podido reactivar al m\u00e1ximo las actividades acad\u00e9micas, y las autoridades universitarias se han visto afectadas por la negativa influencia de algunos personajes de la Junta de Gobierno que han pretendido erigirse en due\u00f1os de todas las decisiones al interior de la m\u00e1xima casa de estudios en esta entidad.<span class=\"Apple-converted-space\">\u00a0<\/span><\/span><\/p>\n<p class=\"p1\"><span style=\"font-size: 14pt;\">Aqu\u00ed, el secretario de la Junta de Gobierno de la UV, Genaro Aguirre, dio posesi\u00f3n al nuevo secretario acad\u00e9mico doctor Juan Ortiz Escamilla.<\/span><\/p>\n<p class=\"p1\"><span style=\"font-size: 14pt;\">Ahora lo que faltaba, tiene m\u00e1s protagonismo la Junta de Gobierno de la UV, que las propias autoridades acad\u00e9micas universitarias.<\/span><\/p>\n<p class=\"p1\"><span style=\"font-size: 14pt;\">Ya se tiene que reformar los malos criterios dentro de la Ley Org\u00e1nica de la UV, y quitarle el obsesivo control de toda la instituci\u00f3n a s\u00f3lo cinco personajes que integran la Junta de Gobierno, con la facultad de que dan y quitan puestos, cuando su funci\u00f3n debe ser de vigilancia y regulaci\u00f3n de la buena marcha de la instituci\u00f3n nadas.<\/span><\/p>\n<p class=\"p1\"><span style=\"font-size: 14pt;\">En pocas palabras la UV, anda mal y de malas, y al rector Mart\u00edn Aguilar S\u00e1nchez, no lo dejan trabajar como debe ser. \u201cY d\u00f3nde est\u00e1 el piloto\u201d. Andale.<\/span><\/p>\n<p class=\"p1\"><span style=\"font-size: 14pt;\">Ahora,con la versi\u00f3n sindical del ingeniero Enrique Levet Gorozpe, de que como dirigente del CONTU, quiere que se le pague m\u00e1s a los maestros, que por cierto ganan m\u00e1s que hijos de l\u00edder petrolero la situaci\u00f3n se complica.<\/span><\/p>\n<p class=\"p1\"><span style=\"font-size: 14pt;\">A ver que pasa, en tiempos de las vacas flacas, sin carne y sin leche, pero los de la alta burocracia acad\u00e9mica quieren que se les pague hasta por respirar.<span class=\"Apple-converted-space\">\u00a0<\/span><\/span><\/p>\n<p class=\"p1\"><span style=\"font-size: 14pt;\">Y el problema es, que ante una grave crisis econ\u00f3mica que afecta a todos por igual, no s\u00f3lo a los maestros, que el chivo les llega gordo cada quincena, y ahora resulta que lo quieren hasta en barbacoa. No se vale. As\u00ed las cosas.<\/span><\/p>\n<p>&nbsp;<\/p>\n<p><span style=\"font-size: 18pt; color: #319eca;\"><em><strong>**Las columnas firmadas en este medio son responsabilidad de quienes las firman**<\/strong><\/em><\/span><\/p>\n<p>&nbsp;<\/p>\n<p>&nbsp;<\/p>\n","protected":false},"excerpt":{"rendered":"<p>&nbsp; Por Ra\u00fal L\u00f3pez G\u00f3mez Los \u00edndices delictivos a la baja no fueron suficientes para mantener\u00a0 en el cargo a<\/p>\n","protected":false},"author":4,"featured_media":4378,"comment_status":"closed","ping_status":"closed","sticky":false,"template":"","format":"standard","meta":{"colormag_page_container_layout":"default_layout","colormag_page_sidebar_layout":"default_layout","_jetpack_memberships_contains_paid_content":false,"footnotes":"","jetpack_publicize_message":"","jetpack_publicize_feature_enabled":true,"jetpack_social_post_already_shared":false,"jetpack_social_options":{"image_generator_settings":{"template":"highway","default_image_id":0,"font":"","enabled":false},"version":2}},"categories":[26],"tags":[],"class_list":["post-11696","post","type-post","status-publish","format-standard","has-post-thumbnail","hentry","category-columnistas"],"jetpack_publicize_connections":[],"jetpack_featured_media_url":"https:\/\/i0.wp.com\/politicosaldesnudo.com.mx\/wp-content\/uploads\/2022\/04\/RAU%CC%81L-LO%CC%81PEZ-GO%CC%81MEZ.png?fit=1816%2C1016&ssl=1","jetpack-related-posts":[],"jetpack_sharing_enabled":true,"_links":{"self":[{"href":"https:\/\/politicosaldesnudo.com.mx\/index.php\/wp-json\/wp\/v2\/posts\/11696","targetHints":{"allow":["GET"]}}],"collection":[{"href":"https:\/\/politicosaldesnudo.com.mx\/index.php\/wp-json\/wp\/v2\/posts"}],"about":[{"href":"https:\/\/politicosaldesnudo.com.mx\/index.php\/wp-json\/wp\/v2\/types\/post"}],"author":[{"embeddable":true,"href":"https:\/\/politicosaldesnudo.com.mx\/index.php\/wp-json\/wp\/v2\/users\/4"}],"replies":[{"embeddable":true,"href":"https:\/\/politicosaldesnudo.com.mx\/index.php\/wp-json\/wp\/v2\/comments?post=11696"}],"version-history":[{"count":0,"href":"https:\/\/politicosaldesnudo.com.mx\/index.php\/wp-json\/wp\/v2\/posts\/11696\/revisions"}],"wp:featuredmedia":[{"embeddable":true,"href":"https:\/\/politicosaldesnudo.com.mx\/index.php\/wp-json\/wp\/v2\/media\/4378"}],"wp:attachment":[{"href":"https:\/\/politicosaldesnudo.com.mx\/index.php\/wp-json\/wp\/v2\/media?parent=11696"}],"wp:term":[{"taxonomy":"category","embeddable":true,"href":"https:\/\/politicosaldesnudo.com.mx\/index.php\/wp-json\/wp\/v2\/categories?post=11696"},{"taxonomy":"post_tag","embeddable":true,"href":"https:\/\/politicosaldesnudo.com.mx\/index.php\/wp-json\/wp\/v2\/tags?post=11696"}],"curies":[{"name":"wp","href":"https:\/\/api.w.org\/{rel}","templated":true}]}}