{"id":1173,"date":"2021-12-29T19:42:12","date_gmt":"2021-12-30T01:42:12","guid":{"rendered":"https:\/\/politicosaldesnudo.com.mx\/?p=1173"},"modified":"2023-06-05T13:12:53","modified_gmt":"2023-06-05T18:12:53","slug":"vuelos-internacionales-aumentan-un-76-5-en-2021-sectur","status":"publish","type":"post","link":"https:\/\/politicosaldesnudo.com.mx\/index.php\/2021\/12\/29\/vuelos-internacionales-aumentan-un-76-5-en-2021-sectur\/","title":{"rendered":"Vuelos internacionales aumentan un 76.5% en 2021: Sectur"},"content":{"rendered":"<p class=\"p1\"><strong>CIUDAD DE M\u00c9XICO.\u00a0<\/strong>De enero a noviembre en el pa\u00eds hubo un flujo de <strong>31 millones 686 mil pasajeros en vuelos internacionales<\/strong>, <strong>cantidad superior en 76.5 por ciento a lo registrado en el mismo lapso de 2020<\/strong>, revel\u00f3 Miguel Torruco Marqu\u00e9s, titular de la Secretar\u00eda de Turismo.<\/p>\n<p class=\"p1\">De esta manera dio a conocer que en <strong>noviembre<\/strong> fueron transportados un total de <strong>3 millones 725 mil pasajeros en vuelos internacionales<\/strong>, es decir, <strong>12.9 por ciento superior a lo registrado en octubre de 2021.<\/strong><\/p>\n<p class=\"p1\">En este escenario precis\u00f3 que las cifras de <strong>noviembre del presente a\u00f1o muestran un incremento de 4.5 por ciento en el n\u00famero de pasajeros en vuelos nacionales<\/strong>, equivalente a 4 millones 347 mil; esto es: 187 mil 50 viajeros m\u00e1s a los captados en octubre.<\/p>\n<blockquote>\n<p class=\"p1\">En el periodo enero-noviembre las principales aerol\u00edneas mexicanas que transportaron pasajeros en vuelos internacionales fueron Volaris y Aerom\u00e9xico, que en conjunto movieron 6 millones 607 mil clientes, cifra que aument\u00f3 en 85 por ciento respecto a igual periodo de 2020.<\/p>\n<\/blockquote>\n<p class=\"p1\">Por su parte, durante los <strong>primeros once meses de 2021 se dio un aumento de 58.2 por ciento en el n\u00famero de pasajeros en vuelos nacionales<\/strong>, equivalente a<strong> 39 millones 742 mil, esto es 14 millones 619 mil viajeros m\u00e1s que de enero a noviembre de 2020.<\/strong><\/p>\n<p class=\"p1\">Para concluir subray\u00f3 que <strong>noviembre de 2021 las aerol\u00edneas estadunidenses que presentaron mayor movilidad con respecto a octubre de este a\u00f1o fueron: American Airlines, con 534 mil 932 pasajeros, cifra que aument\u00f3 en 21.2 por ciento y United Airlines, con 452 mil 967 viajeros<\/strong>, un incremento de 12.7 por ciento con respecto a octubre pasado.<\/p>\n<p>&nbsp;<\/p>\n<p>&nbsp;<\/p>\n","protected":false},"excerpt":{"rendered":"<p>CIUDAD DE M\u00c9XICO.\u00a0De enero a noviembre en el pa\u00eds hubo un flujo de 31 millones 686 mil pasajeros en vuelos [&hellip;]<\/p>\n","protected":false},"author":1,"featured_media":1174,"comment_status":"closed","ping_status":"closed","sticky":false,"template":"","format":"standard","meta":{"site-sidebar-layout":"default","site-content-layout":"","ast-site-content-layout":"default","site-content-style":"default","site-sidebar-style":"default","ast-global-header-display":"","ast-banner-title-visibility":"","ast-main-header-display":"","ast-hfb-above-header-display":"","ast-hfb-below-header-display":"","ast-hfb-mobile-header-display":"","site-post-title":"","ast-breadcrumbs-content":"","ast-featured-img":"","footer-sml-layout":"","ast-disable-related-posts":"","theme-transparent-header-meta":"","adv-header-id-meta":"","stick-header-meta":"","header-above-stick-meta":"","header-main-stick-meta":"","header-below-stick-meta":"","astra-migrate-meta-layouts":"default","ast-page-background-enabled":"default","ast-page-background-meta":{"desktop":{"background-color":"var(--ast-global-color-5)","background-image":"","background-repeat":"repeat","background-position":"center center","background-size":"auto","background-attachment":"scroll","background-type":"","background-media":"","overlay-type":"","overlay-color":"","overlay-opacity":"","overlay-gradient":""},"tablet":{"background-color":"","background-image":"","background-repeat":"repeat","background-position":"center center","background-size":"auto","background-attachment":"scroll","background-type":"","background-media":"","overlay-type":"","overlay-color":"","overlay-opacity":"","overlay-gradient":""},"mobile":{"background-color":"","background-image":"","background-repeat":"repeat","background-position":"center center","background-size":"auto","background-attachment":"scroll","background-type":"","background-media":"","overlay-type":"","overlay-color":"","overlay-opacity":"","overlay-gradient":""}},"ast-content-background-meta":{"desktop":{"background-color":"var(--ast-global-color-4)","background-image":"","background-repeat":"repeat","background-position":"center center","background-size":"auto","background-attachment":"scroll","background-type":"","background-media":"","overlay-type":"","overlay-color":"","overlay-opacity":"","overlay-gradient":""},"tablet":{"background-color":"var(--ast-global-color-4)","background-image":"","background-repeat":"repeat","background-position":"center center","background-size":"auto","background-attachment":"scroll","background-type":"","background-media":"","overlay-type":"","overlay-color":"","overlay-opacity":"","overlay-gradient":""},"mobile":{"background-color":"var(--ast-global-color-4)","background-image":"","background-repeat":"repeat","background-position":"center center","background-size":"auto","background-attachment":"scroll","background-type":"","background-media":"","overlay-type":"","overlay-color":"","overlay-opacity":"","overlay-gradient":""}},"_jetpack_newsletter_access":"","_jetpack_dont_email_post_to_subs":false,"_jetpack_newsletter_tier_id":0,"_jetpack_memberships_contains_paywalled_content":false,"_jetpack_feature_clip_id":0,"_jetpack_memberships_contains_paid_content":false,"footnotes":"","jetpack_publicize_message":"","jetpack_publicize_feature_enabled":true,"jetpack_social_post_already_shared":false,"jetpack_social_options":{"image_generator_settings":{"template":"highway","default_image_id":0,"font":"","enabled":false},"version":2},"jetpack_post_was_ever_published":false},"categories":[33],"tags":[219,42,217,216,218],"class_list":["post-1173","post","type-post","status-publish","format-standard","has-post-thumbnail","hentry","category-nacional","tag-avion","tag-mexico","tag-miguel-torruco-marques","tag-sectur","tag-vuelos"],"yoast_head":"<!-- This site is optimized with the Yoast SEO plugin v28.3 - https:\/\/yoast.com\/product\/yoast-seo-wordpress\/ -->\n<title>Vuelos internacionales aumentan un 76.5% en 2021: Sectur - Pol\u00edticos al Desnudo<\/title>\n<meta name=\"robots\" content=\"index, follow, max-snippet:-1, max-image-preview:large, max-video-preview:-1\" \/>\n<link rel=\"canonical\" href=\"https:\/\/politicosaldesnudo.com.mx\/index.php\/2021\/12\/29\/vuelos-internacionales-aumentan-un-76-5-en-2021-sectur\/\" \/>\n<meta property=\"og:locale\" content=\"es_ES\" \/>\n<meta property=\"og:type\" content=\"article\" \/>\n<meta property=\"og:title\" content=\"Vuelos internacionales aumentan un 76.5% en 2021: Sectur - Pol\u00edticos al Desnudo\" \/>\n<meta property=\"og:description\" content=\"CIUDAD DE M\u00c9XICO.\u00a0De enero a noviembre en el pa\u00eds hubo un flujo de 31 millones 686 mil pasajeros en vuelos [&hellip;]\" \/>\n<meta property=\"og:url\" content=\"https:\/\/politicosaldesnudo.com.mx\/index.php\/2021\/12\/29\/vuelos-internacionales-aumentan-un-76-5-en-2021-sectur\/\" \/>\n<meta property=\"og:site_name\" content=\"Pol\u00edticos al Desnudo\" \/>\n<meta property=\"article:publisher\" content=\"https:\/\/www.facebook.com\/PoliticosAD\" \/>\n<meta property=\"article:published_time\" content=\"2021-12-30T01:42:12+00:00\" \/>\n<meta property=\"article:modified_time\" content=\"2023-06-05T18:12:53+00:00\" \/>\n<meta property=\"og:image\" content=\"https:\/\/i0.wp.com\/politicosaldesnudo.com.mx\/wp-content\/uploads\/2021\/12\/SECTUR.png?fit=1816%2C1016&ssl=1\" \/>\n\t<meta property=\"og:image:width\" content=\"1816\" \/>\n\t<meta property=\"og:image:height\" content=\"1016\" \/>\n\t<meta property=\"og:image:type\" content=\"image\/png\" \/>\n<meta name=\"author\" content=\"admin\" \/>\n<meta name=\"twitter:card\" content=\"summary_large_image\" \/>\n<meta name=\"twitter:label1\" content=\"Escrito por\" \/>\n\t<meta name=\"twitter:data1\" content=\"admin\" \/>\n\t<meta name=\"twitter:label2\" content=\"Tiempo de lectura\" \/>\n\t<meta name=\"twitter:data2\" content=\"1 minuto\" \/>\n<script type=\"application\/ld+json\" class=\"yoast-schema-graph\">{\"@context\":\"https:\\\/\\\/schema.org\",\"@graph\":[{\"@type\":\"Article\",\"@id\":\"https:\\\/\\\/politicosaldesnudo.com.mx\\\/index.php\\\/2021\\\/12\\\/29\\\/vuelos-internacionales-aumentan-un-76-5-en-2021-sectur\\\/#article\",\"isPartOf\":{\"@id\":\"https:\\\/\\\/politicosaldesnudo.com.mx\\\/index.php\\\/2021\\\/12\\\/29\\\/vuelos-internacionales-aumentan-un-76-5-en-2021-sectur\\\/\"},\"author\":{\"name\":\"admin\",\"@id\":\"https:\\\/\\\/politicosaldesnudo.com.mx\\\/#\\\/schema\\\/person\\\/a9e33a5d000c978bbc5bd8362fc45b8b\"},\"headline\":\"Vuelos internacionales aumentan un 76.5% en 2021: Sectur\",\"datePublished\":\"2021-12-30T01:42:12+00:00\",\"dateModified\":\"2023-06-05T18:12:53+00:00\",\"mainEntityOfPage\":{\"@id\":\"https:\\\/\\\/politicosaldesnudo.com.mx\\\/index.php\\\/2021\\\/12\\\/29\\\/vuelos-internacionales-aumentan-un-76-5-en-2021-sectur\\\/\"},\"wordCount\":259,\"publisher\":{\"@id\":\"https:\\\/\\\/politicosaldesnudo.com.mx\\\/#organization\"},\"image\":{\"@id\":\"https:\\\/\\\/politicosaldesnudo.com.mx\\\/index.php\\\/2021\\\/12\\\/29\\\/vuelos-internacionales-aumentan-un-76-5-en-2021-sectur\\\/#primaryimage\"},\"thumbnailUrl\":\"https:\\\/\\\/i0.wp.com\\\/politicosaldesnudo.com.mx\\\/wp-content\\\/uploads\\\/2021\\\/12\\\/SECTUR.png?fit=1816%2C1016&ssl=1\",\"keywords\":[\"AVI\u00d3N\",\"M\u00c9XICO\",\"MIGUEL TORRUCO M\u00c1RQUES\",\"SECTUR\",\"VUELOS\"],\"articleSection\":[\"NACIONAL\"],\"inLanguage\":\"es\"},{\"@type\":\"WebPage\",\"@id\":\"https:\\\/\\\/politicosaldesnudo.com.mx\\\/index.php\\\/2021\\\/12\\\/29\\\/vuelos-internacionales-aumentan-un-76-5-en-2021-sectur\\\/\",\"url\":\"https:\\\/\\\/politicosaldesnudo.com.mx\\\/index.php\\\/2021\\\/12\\\/29\\\/vuelos-internacionales-aumentan-un-76-5-en-2021-sectur\\\/\",\"name\":\"Vuelos internacionales aumentan un 76.5% en 2021: Sectur - Pol\u00edticos al Desnudo\",\"isPartOf\":{\"@id\":\"https:\\\/\\\/politicosaldesnudo.com.mx\\\/#website\"},\"primaryImageOfPage\":{\"@id\":\"https:\\\/\\\/politicosaldesnudo.com.mx\\\/index.php\\\/2021\\\/12\\\/29\\\/vuelos-internacionales-aumentan-un-76-5-en-2021-sectur\\\/#primaryimage\"},\"image\":{\"@id\":\"https:\\\/\\\/politicosaldesnudo.com.mx\\\/index.php\\\/2021\\\/12\\\/29\\\/vuelos-internacionales-aumentan-un-76-5-en-2021-sectur\\\/#primaryimage\"},\"thumbnailUrl\":\"https:\\\/\\\/i0.wp.com\\\/politicosaldesnudo.com.mx\\\/wp-content\\\/uploads\\\/2021\\\/12\\\/SECTUR.png?fit=1816%2C1016&ssl=1\",\"datePublished\":\"2021-12-30T01:42:12+00:00\",\"dateModified\":\"2023-06-05T18:12:53+00:00\",\"breadcrumb\":{\"@id\":\"https:\\\/\\\/politicosaldesnudo.com.mx\\\/index.php\\\/2021\\\/12\\\/29\\\/vuelos-internacionales-aumentan-un-76-5-en-2021-sectur\\\/#breadcrumb\"},\"inLanguage\":\"es\",\"potentialAction\":[{\"@type\":\"ReadAction\",\"target\":[\"https:\\\/\\\/politicosaldesnudo.com.mx\\\/index.php\\\/2021\\\/12\\\/29\\\/vuelos-internacionales-aumentan-un-76-5-en-2021-sectur\\\/\"]}]},{\"@type\":\"ImageObject\",\"inLanguage\":\"es\",\"@id\":\"https:\\\/\\\/politicosaldesnudo.com.mx\\\/index.php\\\/2021\\\/12\\\/29\\\/vuelos-internacionales-aumentan-un-76-5-en-2021-sectur\\\/#primaryimage\",\"url\":\"https:\\\/\\\/i0.wp.com\\\/politicosaldesnudo.com.mx\\\/wp-content\\\/uploads\\\/2021\\\/12\\\/SECTUR.png?fit=1816%2C1016&ssl=1\",\"contentUrl\":\"https:\\\/\\\/i0.wp.com\\\/politicosaldesnudo.com.mx\\\/wp-content\\\/uploads\\\/2021\\\/12\\\/SECTUR.png?fit=1816%2C1016&ssl=1\",\"width\":1816,\"height\":1016},{\"@type\":\"BreadcrumbList\",\"@id\":\"https:\\\/\\\/politicosaldesnudo.com.mx\\\/index.php\\\/2021\\\/12\\\/29\\\/vuelos-internacionales-aumentan-un-76-5-en-2021-sectur\\\/#breadcrumb\",\"itemListElement\":[{\"@type\":\"ListItem\",\"position\":1,\"name\":\"Portada\",\"item\":\"https:\\\/\\\/politicosaldesnudo.com.mx\\\/\"},{\"@type\":\"ListItem\",\"position\":2,\"name\":\"Vuelos internacionales aumentan un 76.5% en 2021: Sectur\"}]},{\"@type\":\"WebSite\",\"@id\":\"https:\\\/\\\/politicosaldesnudo.com.mx\\\/#website\",\"url\":\"https:\\\/\\\/politicosaldesnudo.com.mx\\\/\",\"name\":\"Pol\u00edticos al Desnudo\",\"description\":\"\",\"publisher\":{\"@id\":\"https:\\\/\\\/politicosaldesnudo.com.mx\\\/#organization\"},\"potentialAction\":[{\"@type\":\"SearchAction\",\"target\":{\"@type\":\"EntryPoint\",\"urlTemplate\":\"https:\\\/\\\/politicosaldesnudo.com.mx\\\/?s={search_term_string}\"},\"query-input\":{\"@type\":\"PropertyValueSpecification\",\"valueRequired\":true,\"valueName\":\"search_term_string\"}}],\"inLanguage\":\"es\"},{\"@type\":\"Organization\",\"@id\":\"https:\\\/\\\/politicosaldesnudo.com.mx\\\/#organization\",\"name\":\"Pol\u00edticos al Desnudo\",\"url\":\"https:\\\/\\\/politicosaldesnudo.com.mx\\\/\",\"logo\":{\"@type\":\"ImageObject\",\"inLanguage\":\"es\",\"@id\":\"https:\\\/\\\/politicosaldesnudo.com.mx\\\/#\\\/schema\\\/logo\\\/image\\\/\",\"url\":\"https:\\\/\\\/i0.wp.com\\\/politicosaldesnudo.com.mx\\\/wp-content\\\/uploads\\\/2026\\\/08\\\/cropped-logo.webp?fit=400%2C126&ssl=1\",\"contentUrl\":\"https:\\\/\\\/i0.wp.com\\\/politicosaldesnudo.com.mx\\\/wp-content\\\/uploads\\\/2026\\\/08\\\/cropped-logo.webp?fit=400%2C126&ssl=1\",\"width\":400,\"height\":126,\"caption\":\"Pol\u00edticos al Desnudo\"},\"image\":{\"@id\":\"https:\\\/\\\/politicosaldesnudo.com.mx\\\/#\\\/schema\\\/logo\\\/image\\\/\"},\"sameAs\":[\"https:\\\/\\\/www.facebook.com\\\/PoliticosAD\"]},{\"@type\":\"Person\",\"@id\":\"https:\\\/\\\/politicosaldesnudo.com.mx\\\/#\\\/schema\\\/person\\\/a9e33a5d000c978bbc5bd8362fc45b8b\",\"name\":\"admin\",\"sameAs\":[\"https:\\\/\\\/politicosaldesnudo.com.mx\"],\"url\":\"https:\\\/\\\/politicosaldesnudo.com.mx\\\/index.php\\\/author\\\/admin\\\/\"}]}<\/script>\n<!-- \/ Yoast SEO plugin. -->","yoast_head_json":{"title":"Vuelos internacionales aumentan un 76.5% en 2021: Sectur - Pol\u00edticos al Desnudo","robots":{"index":"index","follow":"follow","max-snippet":"max-snippet:-1","max-image-preview":"max-image-preview:large","max-video-preview":"max-video-preview:-1"},"canonical":"https:\/\/politicosaldesnudo.com.mx\/index.php\/2021\/12\/29\/vuelos-internacionales-aumentan-un-76-5-en-2021-sectur\/","og_locale":"es_ES","og_type":"article","og_title":"Vuelos internacionales aumentan un 76.5% en 2021: Sectur - Pol\u00edticos al Desnudo","og_description":"CIUDAD DE M\u00c9XICO.\u00a0De enero a noviembre en el pa\u00eds hubo un flujo de 31 millones 686 mil pasajeros en vuelos [&hellip;]","og_url":"https:\/\/politicosaldesnudo.com.mx\/index.php\/2021\/12\/29\/vuelos-internacionales-aumentan-un-76-5-en-2021-sectur\/","og_site_name":"Pol\u00edticos al Desnudo","article_publisher":"https:\/\/www.facebook.com\/PoliticosAD","article_published_time":"2021-12-30T01:42:12+00:00","article_modified_time":"2023-06-05T18:12:53+00:00","og_image":[{"width":1816,"height":1016,"url":"https:\/\/i0.wp.com\/politicosaldesnudo.com.mx\/wp-content\/uploads\/2021\/12\/SECTUR.png?fit=1816%2C1016&ssl=1","type":"image\/png"}],"author":"admin","twitter_card":"summary_large_image","twitter_misc":{"Escrito por":"admin","Tiempo de lectura":"1 minuto"},"schema":{"@context":"https:\/\/schema.org","@graph":[{"@type":"Article","@id":"https:\/\/politicosaldesnudo.com.mx\/index.php\/2021\/12\/29\/vuelos-internacionales-aumentan-un-76-5-en-2021-sectur\/#article","isPartOf":{"@id":"https:\/\/politicosaldesnudo.com.mx\/index.php\/2021\/12\/29\/vuelos-internacionales-aumentan-un-76-5-en-2021-sectur\/"},"author":{"name":"admin","@id":"https:\/\/politicosaldesnudo.com.mx\/#\/schema\/person\/a9e33a5d000c978bbc5bd8362fc45b8b"},"headline":"Vuelos internacionales aumentan un 76.5% en 2021: Sectur","datePublished":"2021-12-30T01:42:12+00:00","dateModified":"2023-06-05T18:12:53+00:00","mainEntityOfPage":{"@id":"https:\/\/politicosaldesnudo.com.mx\/index.php\/2021\/12\/29\/vuelos-internacionales-aumentan-un-76-5-en-2021-sectur\/"},"wordCount":259,"publisher":{"@id":"https:\/\/politicosaldesnudo.com.mx\/#organization"},"image":{"@id":"https:\/\/politicosaldesnudo.com.mx\/index.php\/2021\/12\/29\/vuelos-internacionales-aumentan-un-76-5-en-2021-sectur\/#primaryimage"},"thumbnailUrl":"https:\/\/i0.wp.com\/politicosaldesnudo.com.mx\/wp-content\/uploads\/2021\/12\/SECTUR.png?fit=1816%2C1016&ssl=1","keywords":["AVI\u00d3N","M\u00c9XICO","MIGUEL TORRUCO M\u00c1RQUES","SECTUR","VUELOS"],"articleSection":["NACIONAL"],"inLanguage":"es"},{"@type":"WebPage","@id":"https:\/\/politicosaldesnudo.com.mx\/index.php\/2021\/12\/29\/vuelos-internacionales-aumentan-un-76-5-en-2021-sectur\/","url":"https:\/\/politicosaldesnudo.com.mx\/index.php\/2021\/12\/29\/vuelos-internacionales-aumentan-un-76-5-en-2021-sectur\/","name":"Vuelos internacionales aumentan un 76.5% en 2021: Sectur - Pol\u00edticos al Desnudo","isPartOf":{"@id":"https:\/\/politicosaldesnudo.com.mx\/#website"},"primaryImageOfPage":{"@id":"https:\/\/politicosaldesnudo.com.mx\/index.php\/2021\/12\/29\/vuelos-internacionales-aumentan-un-76-5-en-2021-sectur\/#primaryimage"},"image":{"@id":"https:\/\/politicosaldesnudo.com.mx\/index.php\/2021\/12\/29\/vuelos-internacionales-aumentan-un-76-5-en-2021-sectur\/#primaryimage"},"thumbnailUrl":"https:\/\/i0.wp.com\/politicosaldesnudo.com.mx\/wp-content\/uploads\/2021\/12\/SECTUR.png?fit=1816%2C1016&ssl=1","datePublished":"2021-12-30T01:42:12+00:00","dateModified":"2023-06-05T18:12:53+00:00","breadcrumb":{"@id":"https:\/\/politicosaldesnudo.com.mx\/index.php\/2021\/12\/29\/vuelos-internacionales-aumentan-un-76-5-en-2021-sectur\/#breadcrumb"},"inLanguage":"es","potentialAction":[{"@type":"ReadAction","target":["https:\/\/politicosaldesnudo.com.mx\/index.php\/2021\/12\/29\/vuelos-internacionales-aumentan-un-76-5-en-2021-sectur\/"]}]},{"@type":"ImageObject","inLanguage":"es","@id":"https:\/\/politicosaldesnudo.com.mx\/index.php\/2021\/12\/29\/vuelos-internacionales-aumentan-un-76-5-en-2021-sectur\/#primaryimage","url":"https:\/\/i0.wp.com\/politicosaldesnudo.com.mx\/wp-content\/uploads\/2021\/12\/SECTUR.png?fit=1816%2C1016&ssl=1","contentUrl":"https:\/\/i0.wp.com\/politicosaldesnudo.com.mx\/wp-content\/uploads\/2021\/12\/SECTUR.png?fit=1816%2C1016&ssl=1","width":1816,"height":1016},{"@type":"BreadcrumbList","@id":"https:\/\/politicosaldesnudo.com.mx\/index.php\/2021\/12\/29\/vuelos-internacionales-aumentan-un-76-5-en-2021-sectur\/#breadcrumb","itemListElement":[{"@type":"ListItem","position":1,"name":"Portada","item":"https:\/\/politicosaldesnudo.com.mx\/"},{"@type":"ListItem","position":2,"name":"Vuelos internacionales aumentan un 76.5% en 2021: Sectur"}]},{"@type":"WebSite","@id":"https:\/\/politicosaldesnudo.com.mx\/#website","url":"https:\/\/politicosaldesnudo.com.mx\/","name":"Pol\u00edticos al Desnudo","description":"","publisher":{"@id":"https:\/\/politicosaldesnudo.com.mx\/#organization"},"potentialAction":[{"@type":"SearchAction","target":{"@type":"EntryPoint","urlTemplate":"https:\/\/politicosaldesnudo.com.mx\/?s={search_term_string}"},"query-input":{"@type":"PropertyValueSpecification","valueRequired":true,"valueName":"search_term_string"}}],"inLanguage":"es"},{"@type":"Organization","@id":"https:\/\/politicosaldesnudo.com.mx\/#organization","name":"Pol\u00edticos al Desnudo","url":"https:\/\/politicosaldesnudo.com.mx\/","logo":{"@type":"ImageObject","inLanguage":"es","@id":"https:\/\/politicosaldesnudo.com.mx\/#\/schema\/logo\/image\/","url":"https:\/\/i0.wp.com\/politicosaldesnudo.com.mx\/wp-content\/uploads\/2026\/08\/cropped-logo.webp?fit=400%2C126&ssl=1","contentUrl":"https:\/\/i0.wp.com\/politicosaldesnudo.com.mx\/wp-content\/uploads\/2026\/08\/cropped-logo.webp?fit=400%2C126&ssl=1","width":400,"height":126,"caption":"Pol\u00edticos al Desnudo"},"image":{"@id":"https:\/\/politicosaldesnudo.com.mx\/#\/schema\/logo\/image\/"},"sameAs":["https:\/\/www.facebook.com\/PoliticosAD"]},{"@type":"Person","@id":"https:\/\/politicosaldesnudo.com.mx\/#\/schema\/person\/a9e33a5d000c978bbc5bd8362fc45b8b","name":"admin","sameAs":["https:\/\/politicosaldesnudo.com.mx"],"url":"https:\/\/politicosaldesnudo.com.mx\/index.php\/author\/admin\/"}]}},"jetpack_publicize_connections":[],"jetpack-related-posts":[{"id":87005,"url":"https:\/\/politicosaldesnudo.com.mx\/index.php\/2026\/07\/20\/vacaciones-de-verano-dejaran-una-derrama-economica-a-mexico-por-883-mil-mdp\/","url_meta":{"origin":1173,"position":0},"title":"Vacaciones de verano dejar\u00e1n una derrama econ\u00f3mica a M\u00e9xico por 883 mil mdp","author":"Redacci\u00f3n Pol\u00edticos","date":"20 de julio de 2026","format":false,"excerpt":"M\u00e9xico recibir\u00e1 a m\u00e1s de 22 millones 400 mil turistas este verano, mismos que impulsar\u00e1n una derrama econ\u00f3mica de 883 mil millones de pesos. Este monto representa un crecimiento de 6.5 por ciento en comparaci\u00f3n con el mismo lapso de 2025, seg\u00fan datos oficiales y del sector privado. La Sectur\u2026","rel":"","context":"En \u00abECONOM\u00cdA\u00bb","block_context":{"text":"ECONOM\u00cdA","link":"https:\/\/politicosaldesnudo.com.mx\/index.php\/category\/economia\/"},"img":{"alt_text":"","src":"https:\/\/i0.wp.com\/politicosaldesnudo.com.mx\/wp-content\/uploads\/2026\/07\/GNDJWVNHRKDHOYFJ3PET7PYJTI.jpg?fit=1181%2C788&ssl=1&resize=350%2C200","width":350,"height":200,"srcset":"https:\/\/i0.wp.com\/politicosaldesnudo.com.mx\/wp-content\/uploads\/2026\/07\/GNDJWVNHRKDHOYFJ3PET7PYJTI.jpg?fit=1181%2C788&ssl=1&resize=350%2C200 1x, https:\/\/i0.wp.com\/politicosaldesnudo.com.mx\/wp-content\/uploads\/2026\/07\/GNDJWVNHRKDHOYFJ3PET7PYJTI.jpg?fit=1181%2C788&ssl=1&resize=525%2C300 1.5x, https:\/\/i0.wp.com\/politicosaldesnudo.com.mx\/wp-content\/uploads\/2026\/07\/GNDJWVNHRKDHOYFJ3PET7PYJTI.jpg?fit=1181%2C788&ssl=1&resize=700%2C400 2x, https:\/\/i0.wp.com\/politicosaldesnudo.com.mx\/wp-content\/uploads\/2026\/07\/GNDJWVNHRKDHOYFJ3PET7PYJTI.jpg?fit=1181%2C788&ssl=1&resize=1050%2C600 3x"},"classes":[]},{"id":87385,"url":"https:\/\/politicosaldesnudo.com.mx\/index.php\/2026\/07\/31\/cfe-obtuvo-ganancias-por-48-mil-mdp-en-el-segundo-trimestre-de-2026\/","url_meta":{"origin":1173,"position":1},"title":"CFE obtuvo ganancias por 48 mil mdp en el segundo trimestre de 2026","author":"Redacci\u00f3n Pol\u00edticos","date":"31 de julio de 2026","format":false,"excerpt":"La Comisi\u00f3n Federal de Electricidad (CFE) obtuvo ganancias por 48 mil 025 millones de pesos en el segundo trimestre de 2026, monto que revierte parte de las p\u00e9rdidas reportadas en los tres primeros meses del a\u00f1o, de acuerdo con el reporte enviado este jueves por la empresa a la Bolsa\u2026","rel":"","context":"En \u00abECONOM\u00cdA\u00bb","block_context":{"text":"ECONOM\u00cdA","link":"https:\/\/politicosaldesnudo.com.mx\/index.php\/category\/economia\/"},"img":{"alt_text":"","src":"https:\/\/i0.wp.com\/politicosaldesnudo.com.mx\/wp-content\/uploads\/2026\/07\/ALAC.webp?fit=1200%2C741&ssl=1&resize=350%2C200","width":350,"height":200,"srcset":"https:\/\/i0.wp.com\/politicosaldesnudo.com.mx\/wp-content\/uploads\/2026\/07\/ALAC.webp?fit=1200%2C741&ssl=1&resize=350%2C200 1x, https:\/\/i0.wp.com\/politicosaldesnudo.com.mx\/wp-content\/uploads\/2026\/07\/ALAC.webp?fit=1200%2C741&ssl=1&resize=525%2C300 1.5x, https:\/\/i0.wp.com\/politicosaldesnudo.com.mx\/wp-content\/uploads\/2026\/07\/ALAC.webp?fit=1200%2C741&ssl=1&resize=700%2C400 2x, https:\/\/i0.wp.com\/politicosaldesnudo.com.mx\/wp-content\/uploads\/2026\/07\/ALAC.webp?fit=1200%2C741&ssl=1&resize=1050%2C600 3x"},"classes":[]},{"id":87328,"url":"https:\/\/politicosaldesnudo.com.mx\/index.php\/2026\/07\/29\/mexico-pierde-251-mil-mdp-anuales-por-excluir-a-personas-con-discapacidad-del-empleo-estudio\/","url_meta":{"origin":1173,"position":2},"title":"M\u00e9xico pierde 251 mil mdp anuales por excluir a personas con discapacidad del empleo: estudio","author":"Redacci\u00f3n Pol\u00edticos","date":"29 de julio de 2026","format":false,"excerpt":"M\u00e9xico deja de generar cerca de 251 mil millones de pesos al a\u00f1o por excluir del mercado laboral a personas con alguna discapacidad, revela un estudio realizado por \u00c9ntrale, Alianza por la Inclusi\u00f3n Laboral de Personas con Discapacidad. De acuerdo con el an\u00e1lisis realizado por la iniciativa del Consejo Mexicano\u2026","rel":"","context":"En \u00abECONOM\u00cdA\u00bb","block_context":{"text":"ECONOM\u00cdA","link":"https:\/\/politicosaldesnudo.com.mx\/index.php\/category\/economia\/"},"img":{"alt_text":"","src":"https:\/\/i0.wp.com\/politicosaldesnudo.com.mx\/wp-content\/uploads\/2026\/07\/ADIS.webp?fit=1200%2C800&ssl=1&resize=350%2C200","width":350,"height":200,"srcset":"https:\/\/i0.wp.com\/politicosaldesnudo.com.mx\/wp-content\/uploads\/2026\/07\/ADIS.webp?fit=1200%2C800&ssl=1&resize=350%2C200 1x, https:\/\/i0.wp.com\/politicosaldesnudo.com.mx\/wp-content\/uploads\/2026\/07\/ADIS.webp?fit=1200%2C800&ssl=1&resize=525%2C300 1.5x, https:\/\/i0.wp.com\/politicosaldesnudo.com.mx\/wp-content\/uploads\/2026\/07\/ADIS.webp?fit=1200%2C800&ssl=1&resize=700%2C400 2x, https:\/\/i0.wp.com\/politicosaldesnudo.com.mx\/wp-content\/uploads\/2026\/07\/ADIS.webp?fit=1200%2C800&ssl=1&resize=1050%2C600 3x"},"classes":[]},{"id":87138,"url":"https:\/\/politicosaldesnudo.com.mx\/index.php\/2026\/07\/23\/walmart-mexico-reporta-caida-del-0-7-en-ganancias-durante-segundo-trimestre-del-2026\/","url_meta":{"origin":1173,"position":3},"title":"Walmart-M\u00e9xico reporta ca\u00edda del 0.7% en ganancias durante segundo trimestre del 2026","author":"Redacci\u00f3n Pol\u00edticos","date":"23 de julio de 2026","format":false,"excerpt":"Walmart de M\u00e9xico (Walmex) report\u00f3 una ca\u00edda del 0.7 por ciento en su ganancia neta durante el segundo trimestre del a\u00f1o, donde alcanz\u00f3 los 11 mil 152 millones de pesos en comparaci\u00f3n de los 11 mil 227 millones de pesos del mismo periodo en 2025. Las ventas en M\u00e9xico aumentaron\u2026","rel":"","context":"En \u00abECONOM\u00cdA\u00bb","block_context":{"text":"ECONOM\u00cdA","link":"https:\/\/politicosaldesnudo.com.mx\/index.php\/category\/economia\/"},"img":{"alt_text":"","src":"https:\/\/i0.wp.com\/politicosaldesnudo.com.mx\/wp-content\/uploads\/2026\/07\/WALA.webp?fit=1200%2C804&ssl=1&resize=350%2C200","width":350,"height":200,"srcset":"https:\/\/i0.wp.com\/politicosaldesnudo.com.mx\/wp-content\/uploads\/2026\/07\/WALA.webp?fit=1200%2C804&ssl=1&resize=350%2C200 1x, https:\/\/i0.wp.com\/politicosaldesnudo.com.mx\/wp-content\/uploads\/2026\/07\/WALA.webp?fit=1200%2C804&ssl=1&resize=525%2C300 1.5x, https:\/\/i0.wp.com\/politicosaldesnudo.com.mx\/wp-content\/uploads\/2026\/07\/WALA.webp?fit=1200%2C804&ssl=1&resize=700%2C400 2x, https:\/\/i0.wp.com\/politicosaldesnudo.com.mx\/wp-content\/uploads\/2026\/07\/WALA.webp?fit=1200%2C804&ssl=1&resize=1050%2C600 3x"},"classes":[]},{"id":88238,"url":"https:\/\/politicosaldesnudo.com.mx\/index.php\/2026\/08\/31\/veracruz-xalapa-y-cordoba-entran-al-mapa-nacional-de-desapariciones-concentran-mas-de-mil-800-casos\/","url_meta":{"origin":1173,"position":4},"title":"Veracruz, Xalapa y C\u00f3rdoba entran al mapa nacional de desapariciones; concentran m\u00e1s de mil 800 casos","author":"Redacci\u00f3n Pol\u00edticos","date":"31 de agosto de 2026","format":false,"excerpt":"Tres municipios veracruzanos figuran entre los 100 del pa\u00eds con mayor n\u00famero acumulado de personas desaparecidas. Veracruz puerto, Xalapa y C\u00f3rdoba re\u00fanen en conjunto mil 875 registros, seg\u00fan el Informe Municipal 2026 elaborado por Red Lupa con datos del Registro Nacional de Personas Desaparecidas y No Localizadas. Los casos documentados\u2026","rel":"","context":"En \u00abESTADOS\u00bb","block_context":{"text":"ESTADOS","link":"https:\/\/politicosaldesnudo.com.mx\/index.php\/category\/estados\/"},"img":{"alt_text":"","src":"https:\/\/i0.wp.com\/politicosaldesnudo.com.mx\/wp-content\/uploads\/2026\/08\/mapa-desapariciones-veracruz-1280x720-1.jpg?fit=1200%2C675&ssl=1&resize=350%2C200","width":350,"height":200,"srcset":"https:\/\/i0.wp.com\/politicosaldesnudo.com.mx\/wp-content\/uploads\/2026\/08\/mapa-desapariciones-veracruz-1280x720-1.jpg?fit=1200%2C675&ssl=1&resize=350%2C200 1x, https:\/\/i0.wp.com\/politicosaldesnudo.com.mx\/wp-content\/uploads\/2026\/08\/mapa-desapariciones-veracruz-1280x720-1.jpg?fit=1200%2C675&ssl=1&resize=525%2C300 1.5x, https:\/\/i0.wp.com\/politicosaldesnudo.com.mx\/wp-content\/uploads\/2026\/08\/mapa-desapariciones-veracruz-1280x720-1.jpg?fit=1200%2C675&ssl=1&resize=700%2C400 2x, https:\/\/i0.wp.com\/politicosaldesnudo.com.mx\/wp-content\/uploads\/2026\/08\/mapa-desapariciones-veracruz-1280x720-1.jpg?fit=1200%2C675&ssl=1&resize=1050%2C600 3x"},"classes":[]},{"id":88137,"url":"https:\/\/politicosaldesnudo.com.mx\/index.php\/2026\/08\/28\/trump-sella-megacuerdo-con-venezuela-estados-unidos-controlara-65-mil-millones-de-barriles-de-petroleo\/","url_meta":{"origin":1173,"position":5},"title":"Trump sella megacuerdo con Venezuela: Estados Unidos controlar\u00e1 65 mil millones de barriles de petr\u00f3leo","author":"Redacci\u00f3n Pol\u00edticos","date":"28 de agosto de 2026","format":false,"excerpt":"Estados Unidos tendr\u00e1 participaci\u00f3n mayoritaria sobre una parte estrat\u00e9gica de las reservas petroleras de Venezuela, luego de que el presidente Donald Trump anunciara un acuerdo que calific\u00f3 como el m\u00e1s grande alcanzado en la historia de la industria energ\u00e9tica. El convenio contempla que Washington obtenga el control operativo de m\u00e1s\u2026","rel":"","context":"En \u00abINTERNACIONAL\u00bb","block_context":{"text":"INTERNACIONAL","link":"https:\/\/politicosaldesnudo.com.mx\/index.php\/category\/internacional\/"},"img":{"alt_text":"","src":"https:\/\/i0.wp.com\/politicosaldesnudo.com.mx\/wp-content\/uploads\/2026\/08\/TRUNP.jpg?fit=640%2C427&ssl=1&resize=350%2C200","width":350,"height":200,"srcset":"https:\/\/i0.wp.com\/politicosaldesnudo.com.mx\/wp-content\/uploads\/2026\/08\/TRUNP.jpg?fit=640%2C427&ssl=1&resize=350%2C200 1x, https:\/\/i0.wp.com\/politicosaldesnudo.com.mx\/wp-content\/uploads\/2026\/08\/TRUNP.jpg?fit=640%2C427&ssl=1&resize=525%2C300 1.5x"},"classes":[]}],"jetpack_sharing_enabled":true,"jetpack_featured_media_url":"https:\/\/i0.wp.com\/politicosaldesnudo.com.mx\/wp-content\/uploads\/2021\/12\/SECTUR.png?fit=1816%2C1016&ssl=1","_links":{"self":[{"href":"https:\/\/politicosaldesnudo.com.mx\/index.php\/wp-json\/wp\/v2\/posts\/1173","targetHints":{"allow":["GET"]}}],"collection":[{"href":"https:\/\/politicosaldesnudo.com.mx\/index.php\/wp-json\/wp\/v2\/posts"}],"about":[{"href":"https:\/\/politicosaldesnudo.com.mx\/index.php\/wp-json\/wp\/v2\/types\/post"}],"author":[{"embeddable":true,"href":"https:\/\/politicosaldesnudo.com.mx\/index.php\/wp-json\/wp\/v2\/users\/1"}],"replies":[{"embeddable":true,"href":"https:\/\/politicosaldesnudo.com.mx\/index.php\/wp-json\/wp\/v2\/comments?post=1173"}],"version-history":[{"count":0,"href":"https:\/\/politicosaldesnudo.com.mx\/index.php\/wp-json\/wp\/v2\/posts\/1173\/revisions"}],"wp:featuredmedia":[{"embeddable":true,"href":"https:\/\/politicosaldesnudo.com.mx\/index.php\/wp-json\/wp\/v2\/media\/1174"}],"wp:attachment":[{"href":"https:\/\/politicosaldesnudo.com.mx\/index.php\/wp-json\/wp\/v2\/media?parent=1173"}],"wp:term":[{"taxonomy":"category","embeddable":true,"href":"https:\/\/politicosaldesnudo.com.mx\/index.php\/wp-json\/wp\/v2\/categories?post=1173"},{"taxonomy":"post_tag","embeddable":true,"href":"https:\/\/politicosaldesnudo.com.mx\/index.php\/wp-json\/wp\/v2\/tags?post=1173"}],"curies":[{"name":"wp","href":"https:\/\/api.w.org\/{rel}","templated":true}]}}