{"id":11750,"date":"2022-10-24T00:00:46","date_gmt":"2022-10-24T05:00:46","guid":{"rendered":"https:\/\/politicosaldesnudo.com.mx\/?p=11750"},"modified":"2022-10-24T04:02:40","modified_gmt":"2022-10-24T09:02:40","slug":"sectur-dia-de-muertos-dejara-derrama-economica-por-37mil-mdp","status":"publish","type":"post","link":"https:\/\/politicosaldesnudo.com.mx\/index.php\/2022\/10\/24\/sectur-dia-de-muertos-dejara-derrama-economica-por-37mil-mdp\/","title":{"rendered":"Sectur: D\u00eda de muertos dejar\u00e1 derrama econ\u00f3mica por m\u00e1s de 37mil 722 millones de pesos"},"content":{"rendered":"<p>&nbsp;<\/p>\n<p class=\"p1\"><span style=\"font-size: 14pt;\"><em><strong>CIUDAD DE M\u00c9XICO.<\/strong><\/em> Las festividades con motivo del D\u00eda de muertos, entre el 28 de octubre y el 2 de noviembre, dejar\u00e1n una <span style=\"font-size: 18pt; color: #139eca;\"><strong>derrama econ\u00f3mica por 37 mil 722 millones de pesos por el concepto de productos tur\u00edsticos, anticip\u00f3 la Secretar\u00eda de Turismo (Sectur).<\/strong><\/span><\/span><\/p>\n<p class=\"p1\"><span style=\"font-size: 18pt;\"><strong>Miguel Torruco, titular de la Sectur, dio a conocer que a lo largo de estos seis d\u00edas se prev\u00e9 la llegada de 2 millones 164 mil turistas a hoteles, que comparado con el mismo periodo de 2019, el a\u00f1o previo a la pandemia<span style=\"color: #139eca;\">, significa una recuperaci\u00f3n del 95.1 por ciento, es decir, faltan 110 mil turistas para alcanzar el nivel de ese a\u00f1o.<\/span><\/strong><\/span><\/p>\n<p class=\"p1\"><span style=\"font-size: 14pt;\">Se\u00f1al\u00f3 que la derrama econ\u00f3mica esperada por concepto de hospedaje es de 3 mil 434 millones de pesos, y la ocupaci\u00f3n hotelera a nivel nacional se estima sea de 56.1 por ciento, 4.4 puntos porcentuales m\u00e1s comparado con el mismo periodo de 2021, cuando la ocupaci\u00f3n general durante estas festividades fue de 51.7 por ciento.<\/span><\/p>\n<p class=\"p1\"><span style=\"font-size: 18pt;\"><strong>Torruco plante\u00f3 que del total de turistas estimados que llegan a hotel, un mill\u00f3n 599 mil, ser\u00e1n nacionales, esto es 73.9 por ciento del total, mientras que los 565 mil turistas restantes ser\u00e1n internacionales, es decir, el 26.1 por ciento.<\/strong><\/span><\/p>\n<p>&nbsp;<\/p>\n<p><img data-recalc-dims=\"1\" loading=\"lazy\" decoding=\"async\" class=\"aligncenter wp-image-11752 size-large\" src=\"https:\/\/i0.wp.com\/politicosaldesnudo.com.mx\/wp-content\/uploads\/2022\/10\/P-SECTUR-TURISMO-2-1024x573.png?resize=800%2C448&#038;ssl=1\" alt=\"\" width=\"800\" height=\"448\" srcset=\"https:\/\/i0.wp.com\/politicosaldesnudo.com.mx\/wp-content\/uploads\/2022\/10\/P-SECTUR-TURISMO-2.png?resize=1024%2C573&amp;ssl=1 1024w, https:\/\/i0.wp.com\/politicosaldesnudo.com.mx\/wp-content\/uploads\/2022\/10\/P-SECTUR-TURISMO-2.png?resize=300%2C168&amp;ssl=1 300w, https:\/\/i0.wp.com\/politicosaldesnudo.com.mx\/wp-content\/uploads\/2022\/10\/P-SECTUR-TURISMO-2.png?resize=768%2C430&amp;ssl=1 768w, https:\/\/i0.wp.com\/politicosaldesnudo.com.mx\/wp-content\/uploads\/2022\/10\/P-SECTUR-TURISMO-2.png?resize=1536%2C859&amp;ssl=1 1536w, https:\/\/i0.wp.com\/politicosaldesnudo.com.mx\/wp-content\/uploads\/2022\/10\/P-SECTUR-TURISMO-2.png?w=1816&amp;ssl=1 1816w, https:\/\/i0.wp.com\/politicosaldesnudo.com.mx\/wp-content\/uploads\/2022\/10\/P-SECTUR-TURISMO-2.png?w=1600&amp;ssl=1 1600w\" sizes=\"auto, (max-width: 800px) 100vw, 800px\" \/><\/p>\n<p>&nbsp;<\/p>\n<p class=\"p1\"><span style=\"font-size: 14pt;\">Subray\u00f3 que adicionalmente, se prev\u00e9 que en esta temporada, 2 millones 459 mil turistas nacionales m\u00e1s, se alojen en otra forma de hospedaje como es en visitas a familiares y amigos, as\u00ed como en segundas residencias, por lo que la expectativa es que en total se desplazar\u00e1n por M\u00e9xico 4 millones de turistas nacionales en el periodo.<\/span><\/p>\n<p class=\"p1\"><span style=\"font-size: 18pt;\"><strong>Tambi\u00e9n se estima que, se hospeden en alojamiento de econom\u00edas compartidas otros 283 mil turistas, tanto nacionales como extranjeros.<\/strong><\/span><\/p>\n<p class=\"p1\"><span style=\"font-size: 18pt;\"><strong>En un comunicado, la Sectur precis\u00f3 que, de acuerdo con las expectativas para este periodo, el porcentaje de ocupaci\u00f3n que se alcanzar\u00e1 en 15 centros seleccionados ser\u00e1: Puerto Vallarta con 73 por ciento; Los Cabos con 72.7 por ciento; Ciudad de M\u00e9xico con 72.6 por ciento; Canc\u00fan con 68.5 por ciento; Morelia con 68.3 por ciento y Oaxaca con 68 por ciento.<\/strong><\/span><\/p>\n<p class=\"p1\"><span style=\"font-size: 14pt;\">Para Aguascalientes, se estima que la ocupaci\u00f3n ser\u00e1 de 62.5 por ciento; Puebla con 60.7 por ciento; San Miguel de Allende con 58.6 por ciento; Quer\u00e9taro con 56.3 por ciento; Villahermosa con 47.6 por ciento; Zacatecas con 47.4 por ciento; San Crist\u00f3bal de las Casas con 44 por ciento; Acapulco con 42.3 por ciento y Tuxtla Guti\u00e9rrez con 36.9 por ciento.<\/span><\/p>\n<p class=\"p1\"><span style=\"font-size: 14pt;\">El titular de Sectur puntualiz\u00f3 que tan solo por el Desfile de D\u00eda de Muertos en la Ciudad de M\u00e9xico se espera un porcentaje de ocupaci\u00f3n de 77.9 por ciento, con 78 mil turistas hospedados en cuartos de hotel el d\u00eda del desfile; as\u00ed como una derrama econ\u00f3mica de 82.9 millones de pesos por concepto de hospedaje en la capital del pa\u00eds.<\/span><\/p>\n<p class=\"p1\"><span style=\"font-size: 18pt;\"><strong>As\u00ed, agreg\u00f3 que la derrama por concepto de servicios tur\u00edsticos en la Ciudad de M\u00e9xico por este evento se estima en 911 millones de pesos, y la asistencia de un mill\u00f3n de personas en el Desfile de D\u00eda de Muertos.<\/strong><\/span><\/p>\n","protected":false},"excerpt":{"rendered":"<p>&nbsp; CIUDAD DE M\u00c9XICO. Las festividades con motivo del D\u00eda de muertos, entre el 28 de octubre y el 2<\/p>\n","protected":false},"author":4,"featured_media":11751,"comment_status":"closed","ping_status":"closed","sticky":false,"template":"","format":"standard","meta":{"colormag_page_container_layout":"default_layout","colormag_page_sidebar_layout":"default_layout","_jetpack_memberships_contains_paid_content":false,"footnotes":"","jetpack_publicize_message":"","jetpack_publicize_feature_enabled":true,"jetpack_social_post_already_shared":false,"jetpack_social_options":{"image_generator_settings":{"template":"highway","default_image_id":0,"font":"","enabled":false},"version":2}},"categories":[30],"tags":[1624,216,234],"class_list":["post-11750","post","type-post","status-publish","format-standard","has-post-thumbnail","hentry","category-estados","tag-dia-de-muertos","tag-sectur","tag-turismo"],"jetpack_publicize_connections":[],"jetpack_featured_media_url":"https:\/\/i0.wp.com\/politicosaldesnudo.com.mx\/wp-content\/uploads\/2022\/10\/P-SECTUR-TURISMO-1.png?fit=1816%2C1016&ssl=1","jetpack-related-posts":[],"jetpack_sharing_enabled":true,"_links":{"self":[{"href":"https:\/\/politicosaldesnudo.com.mx\/index.php\/wp-json\/wp\/v2\/posts\/11750","targetHints":{"allow":["GET"]}}],"collection":[{"href":"https:\/\/politicosaldesnudo.com.mx\/index.php\/wp-json\/wp\/v2\/posts"}],"about":[{"href":"https:\/\/politicosaldesnudo.com.mx\/index.php\/wp-json\/wp\/v2\/types\/post"}],"author":[{"embeddable":true,"href":"https:\/\/politicosaldesnudo.com.mx\/index.php\/wp-json\/wp\/v2\/users\/4"}],"replies":[{"embeddable":true,"href":"https:\/\/politicosaldesnudo.com.mx\/index.php\/wp-json\/wp\/v2\/comments?post=11750"}],"version-history":[{"count":0,"href":"https:\/\/politicosaldesnudo.com.mx\/index.php\/wp-json\/wp\/v2\/posts\/11750\/revisions"}],"wp:featuredmedia":[{"embeddable":true,"href":"https:\/\/politicosaldesnudo.com.mx\/index.php\/wp-json\/wp\/v2\/media\/11751"}],"wp:attachment":[{"href":"https:\/\/politicosaldesnudo.com.mx\/index.php\/wp-json\/wp\/v2\/media?parent=11750"}],"wp:term":[{"taxonomy":"category","embeddable":true,"href":"https:\/\/politicosaldesnudo.com.mx\/index.php\/wp-json\/wp\/v2\/categories?post=11750"},{"taxonomy":"post_tag","embeddable":true,"href":"https:\/\/politicosaldesnudo.com.mx\/index.php\/wp-json\/wp\/v2\/tags?post=11750"}],"curies":[{"name":"wp","href":"https:\/\/api.w.org\/{rel}","templated":true}]}}