{"id":1176,"date":"2021-12-29T19:50:13","date_gmt":"2021-12-30T01:50:13","guid":{"rendered":"https:\/\/politicosaldesnudo.com.mx\/?p=1176"},"modified":"2023-03-24T20:16:41","modified_gmt":"2023-03-25T02:16:41","slug":"cuitlahuac-respetara-proceso-penal-y-voces-discordantes-en-caso-del-rio","status":"publish","type":"post","link":"https:\/\/politicosaldesnudo.com.mx\/index.php\/2021\/12\/29\/cuitlahuac-respetara-proceso-penal-y-voces-discordantes-en-caso-del-rio\/","title":{"rendered":"Cuitl\u00e1huac respetar\u00e1 proceso penal y voces discordantes en caso Del R\u00edo"},"content":{"rendered":"<p><strong>XALAPA.<\/strong> <strong>El<\/strong> <strong>gobernador de Veracruz, Cuitl\u00e1huac Garc\u00eda Jim\u00e9nez<\/strong>, se dijo respetuoso tanto del <strong>proceso que se le sigue al secretario t\u00e9cnico del Senado, Jos\u00e9 Manuel del R\u00edo Virgen <\/strong>como de las opiniones de <strong>Ricardo Monreal \u00c1vila <\/strong>y quienes ha afirmado que en<strong> Veracruz hay persecuci\u00f3n pol\u00edtica.<\/strong><\/p>\n<p>El ejecutivo estatal aclar\u00f3 que la determinaci\u00f3n de un juez de vincular a proceso a Del R\u00edo Virgen, por el delito de homicidio calificado, es muestra que<strong> no fue un caso \u201carmado o construido pol\u00edticamente\u201d<\/strong>.<\/p>\n<blockquote><p>Es la primera resoluci\u00f3n en la que un juez determina la vinculaci\u00f3n a proceso y eso demuestra que no fue un caso ni armado, ni construido pol\u00edticamente para afectar a alg\u00fan adversario. Hay una investigaci\u00f3n con pruebas que el juez valor\u00f3 y consider\u00f3 que eran suficientes para vincular al presunto responsable\u201d, dijo Garc\u00eda Jim\u00e9nez<\/p>\n<p>Yo no me he ido contra ning\u00fan adversario pol\u00edtico denost\u00e1ndolo, tratando de hacerlo ver mal, he sido muy respetuoso aun cuando contra mi persona s\u00ed han expresado improperios, se\u00f1alamientos falsos, aun as\u00ed, he sido muy respetuoso, sobre todo con quienes tienen alguna representaci\u00f3n popular\u201d.<\/p><\/blockquote>\n<p>Asegur\u00f3 que le <strong>interesa mucho que haya justicia en el caso del asesinato del candidato de MC a la presidencia municipal de Cazones de Herrera, Remigio Tovar Tovar<\/strong>, coment\u00f3 el mandatario.<\/p>\n<blockquote><p>Que se aclare es nuestra petici\u00f3n a las instancias de impartici\u00f3n de justicia, y que se act\u00fae de manera apegada a derecho, y creo que as\u00ed se ha realizado en la Fiscal\u00eda y del Poder Judicial estatal\u201d<\/p><\/blockquote>\n<p><strong>Cuitl\u00e1huac Garc\u00eda neg\u00f3 que vaya a sostener alg\u00fan tipo de di\u00e1logo con Monreal, pues consider\u00f3 que hay de por medio juego medi\u00e1tico y que en todo caso lo har\u00e1 con los senadores de Veracruz.<\/strong><\/p>\n<blockquote><p>No, porque hay mucho juego medi\u00e1tico y tenemos opiniones diferentes y lo \u00fanico que tendr\u00edamos que hacer es respetar, yo respeto su opini\u00f3n y no la comparto. Dialogar\u00e9 con los senadores veracruzanos y hasta el momento as\u00ed ha sido. Yo no puedo litigar en medios, no tengo incumbencia en el asunto, es la defensa, la Fiscal\u00eda y el juez\u00bb<\/p><\/blockquote>\n<p>&nbsp;<\/p>\n<p>&nbsp;<\/p>\n","protected":false},"excerpt":{"rendered":"<p>XALAPA. El gobernador de Veracruz, Cuitl\u00e1huac Garc\u00eda Jim\u00e9nez, se dijo respetuoso tanto del proceso que se le sigue al secretario<\/p>\n","protected":false},"author":1,"featured_media":1177,"comment_status":"closed","ping_status":"closed","sticky":false,"template":"","format":"standard","meta":{"colormag_page_container_layout":"default_layout","colormag_page_sidebar_layout":"default_layout","_jetpack_memberships_contains_paid_content":false,"footnotes":"","jetpack_publicize_message":"","jetpack_publicize_feature_enabled":true,"jetpack_social_post_already_shared":false,"jetpack_social_options":{"image_generator_settings":{"template":"highway","default_image_id":0,"font":"","enabled":false},"version":2}},"categories":[30],"tags":[124,220,221,98,100],"class_list":["post-1176","post","type-post","status-publish","format-standard","has-post-thumbnail","hentry","category-estados","tag-cuitlahuac-garcia-jimenez","tag-persecusion","tag-politica","tag-ricardo-monreal","tag-veracruz"],"jetpack_publicize_connections":[],"jetpack_featured_media_url":"https:\/\/i0.wp.com\/politicosaldesnudo.com.mx\/wp-content\/uploads\/2021\/12\/CUI-1.png?fit=1816%2C1016&ssl=1","jetpack-related-posts":[],"jetpack_sharing_enabled":true,"_links":{"self":[{"href":"https:\/\/politicosaldesnudo.com.mx\/index.php\/wp-json\/wp\/v2\/posts\/1176","targetHints":{"allow":["GET"]}}],"collection":[{"href":"https:\/\/politicosaldesnudo.com.mx\/index.php\/wp-json\/wp\/v2\/posts"}],"about":[{"href":"https:\/\/politicosaldesnudo.com.mx\/index.php\/wp-json\/wp\/v2\/types\/post"}],"author":[{"embeddable":true,"href":"https:\/\/politicosaldesnudo.com.mx\/index.php\/wp-json\/wp\/v2\/users\/1"}],"replies":[{"embeddable":true,"href":"https:\/\/politicosaldesnudo.com.mx\/index.php\/wp-json\/wp\/v2\/comments?post=1176"}],"version-history":[{"count":0,"href":"https:\/\/politicosaldesnudo.com.mx\/index.php\/wp-json\/wp\/v2\/posts\/1176\/revisions"}],"wp:featuredmedia":[{"embeddable":true,"href":"https:\/\/politicosaldesnudo.com.mx\/index.php\/wp-json\/wp\/v2\/media\/1177"}],"wp:attachment":[{"href":"https:\/\/politicosaldesnudo.com.mx\/index.php\/wp-json\/wp\/v2\/media?parent=1176"}],"wp:term":[{"taxonomy":"category","embeddable":true,"href":"https:\/\/politicosaldesnudo.com.mx\/index.php\/wp-json\/wp\/v2\/categories?post=1176"},{"taxonomy":"post_tag","embeddable":true,"href":"https:\/\/politicosaldesnudo.com.mx\/index.php\/wp-json\/wp\/v2\/tags?post=1176"}],"curies":[{"name":"wp","href":"https:\/\/api.w.org\/{rel}","templated":true}]}}