{"id":11842,"date":"2022-10-27T07:34:13","date_gmt":"2022-10-27T12:34:13","guid":{"rendered":"https:\/\/politicosaldesnudo.com.mx\/?p=11842"},"modified":"2022-10-27T07:34:13","modified_gmt":"2022-10-27T12:34:13","slug":"el-indebido-derecho-de-gertz","status":"publish","type":"post","link":"https:\/\/politicosaldesnudo.com.mx\/index.php\/2022\/10\/27\/el-indebido-derecho-de-gertz\/","title":{"rendered":"El indebido derecho de Gertz"},"content":{"rendered":"<p class=\"p1\">\n<p>&nbsp;<\/p>\n<p><span style=\"font-size: 18pt;\"><strong>Por Alberto Woolrich Ort\u00edz<\/strong><\/span><\/p>\n<p class=\"p1\"><span style=\"font-size: 14pt;\">Seg\u00fan el incorrecto pensar y actuar de Alejandro Gertz Manero, en su car\u00e1cter de Fiscal General de la Rep\u00fablica: el derecho puede y debe ejercitarse no con el fin de observar un deber, sino con el prop\u00f3sito de no cumplirlo. Por ejemplo: Su omisi\u00f3n a indagar el lacerante fen\u00f3meno de la narcopol\u00edtica. Sus objeciones a ello carecen de sustento y fuerza jur\u00eddica, porque la misi\u00f3n constitucional de todo garante de la sociedad se justifica cuando tiende a la realizaci\u00f3n (mediata o inmediata) de fines jur\u00eddicamente obligatorios.<span class=\"Apple-converted-space\">\u00a0<\/span><\/span><\/p>\n<p class=\"p1\"><span style=\"font-size: 14pt;\">Volviendo al ejemplo antepuesto el pretendido derecho del Representante Social Federal no se justifica como medio al servicio de finalidades insertas en al Constituci\u00f3n Pol\u00edtica de los Estados Unidos Mexicanos, sino como una omisi\u00f3n a la letra del C\u00f3digo Penal Federal, lo que de inmediato lo convierte en un infractor de la ley penal y consecuentemente al hecho de que la Academia de Derecho Penal del Colegio Nacional de Abogados Foro de M\u00e9xico, le exhorte al cumplimiento del fin ordenado en los lineamientos del Derecho Positivo Mexicano, pudiendo agregar a ello, que la designaci\u00f3n como Fiscal General de la Naci\u00f3n no contrae obligaci\u00f3n de fines il\u00edcitos.<span class=\"Apple-converted-space\">\u00a0<\/span><\/span><\/p>\n<p class=\"p1\"><span style=\"font-size: 14pt;\">La circunstancia de que<span class=\"Apple-converted-space\">\u00a0 <\/span>Alejandro Gertz Manero<span class=\"Apple-converted-space\">\u00a0 <\/span>en si car\u00e1cter de abogado de la Cuarta Transformaci\u00f3n de la naci\u00f3n, sea omiso, encubridor y c\u00f3mplice de la narco-pol\u00edtica, nada demuestra, ni justifica ese incorrecto derecho que con su actuar evidencia. Por \u00e9sta raz\u00f3n el Fiscal General de la Rep\u00fablica no se encuentra ni autorizado ni facultado por la ley para hacer de su nombramiento un desprestigio, \u00fanicamente debe de actuar en todo aquello que no sea contrario a su deber.<\/span><\/p>\n<p class=\"p1\"><span style=\"font-size: 14pt;\">El uso ilegal de su hacer como garante de la sociedad, no puede nunca ser considerado como el ejercicio de un derecho que le asiste por ser el Fiscal General de la Rep\u00fablica. El omiso que act\u00faa en contra<span class=\"Apple-converted-space\">\u00a0 <\/span>de las leyes, no ejercita ning\u00fan derecho al proteger con su no hacer a la narco-pol\u00edtica.<\/span><\/p>\n<p class=\"p1\"><span style=\"font-size: 14pt;\">Las anteriores reflexiones, argumentaciones o manifestaciones revelan que es impropio actuar como lo hace nuestro Fiscal General de la Naci\u00f3n. Nadie puede abusar de sus facultades legales, ya que estas excluyen, por definici\u00f3n cualquier ejercicio antijur\u00eddico. La violaci\u00f3n a un deber se castiga con c\u00e1rcel.<span class=\"Apple-converted-space\">\u00a0<\/span><\/span><\/p>\n<p class=\"p1\"><span style=\"font-size: 14pt;\">Vaya por \u00faltimo una pregunta para la indignidad de ese fiscal \u00bfNos podr\u00eda aclarar<span class=\"Apple-converted-space\">\u00a0 <\/span>el porque de su omisi\u00f3n en investigar a aquel responsable<span class=\"Apple-converted-space\">\u00a0 <\/span>narcopolitico que creo alianzas con la delincuencia organizada para descender aviones en territorio nacional con coca\u00edna? <span class=\"Apple-converted-space\">\u00a0<\/span>Es cuanto.<span class=\"Apple-converted-space\">\u00a0<\/span><\/span><\/p>\n<p class=\"p1\">\n<p>&nbsp;<\/p>\n<p>&nbsp;<\/p>\n<p class=\"p1\"><strong><span style=\"font-size: 18pt;\">Lic. Alberto Woolrich Ort\u00edz<\/span><\/strong><\/p>\n<p class=\"p1\"><strong><span style=\"font-size: 18pt;\">Presidente de la Academia de Derecho Penal<\/span><\/strong><\/p>\n<p class=\"p1\"><strong><span style=\"font-size: 18pt;\">del Colegio de Abogados de M\u00e9xico, A.C.<\/span><\/strong><\/p>\n<p>&nbsp;<\/p>\n<p><span style=\"font-size: 18pt; color: #139eca;\"><em><strong>**Las columnas firmadas en este medio son responsabilidad de quienes las firman**<\/strong><\/em><\/span><\/p>\n<p>&nbsp;<\/p>\n<p>&nbsp;<\/p>\n<p>&nbsp;<\/p>\n","protected":false},"excerpt":{"rendered":"<p>&nbsp; Por Alberto Woolrich Ort\u00edz Seg\u00fan el incorrecto pensar y actuar de Alejandro Gertz Manero, en su car\u00e1cter de Fiscal<\/p>\n","protected":false},"author":4,"featured_media":3845,"comment_status":"closed","ping_status":"closed","sticky":false,"template":"","format":"standard","meta":{"colormag_page_container_layout":"default_layout","colormag_page_sidebar_layout":"default_layout","_jetpack_memberships_contains_paid_content":false,"footnotes":"","jetpack_publicize_message":"","jetpack_publicize_feature_enabled":true,"jetpack_social_post_already_shared":false,"jetpack_social_options":{"image_generator_settings":{"template":"highway","default_image_id":0,"font":"","enabled":false},"version":2}},"categories":[26],"tags":[],"class_list":["post-11842","post","type-post","status-publish","format-standard","has-post-thumbnail","hentry","category-columnistas"],"jetpack_publicize_connections":[],"jetpack_featured_media_url":"https:\/\/i0.wp.com\/politicosaldesnudo.com.mx\/wp-content\/uploads\/2022\/04\/CABEZAL-ALBERTO-WOOD.png?fit=1816%2C1016&ssl=1","jetpack-related-posts":[],"jetpack_sharing_enabled":true,"_links":{"self":[{"href":"https:\/\/politicosaldesnudo.com.mx\/index.php\/wp-json\/wp\/v2\/posts\/11842","targetHints":{"allow":["GET"]}}],"collection":[{"href":"https:\/\/politicosaldesnudo.com.mx\/index.php\/wp-json\/wp\/v2\/posts"}],"about":[{"href":"https:\/\/politicosaldesnudo.com.mx\/index.php\/wp-json\/wp\/v2\/types\/post"}],"author":[{"embeddable":true,"href":"https:\/\/politicosaldesnudo.com.mx\/index.php\/wp-json\/wp\/v2\/users\/4"}],"replies":[{"embeddable":true,"href":"https:\/\/politicosaldesnudo.com.mx\/index.php\/wp-json\/wp\/v2\/comments?post=11842"}],"version-history":[{"count":0,"href":"https:\/\/politicosaldesnudo.com.mx\/index.php\/wp-json\/wp\/v2\/posts\/11842\/revisions"}],"wp:featuredmedia":[{"embeddable":true,"href":"https:\/\/politicosaldesnudo.com.mx\/index.php\/wp-json\/wp\/v2\/media\/3845"}],"wp:attachment":[{"href":"https:\/\/politicosaldesnudo.com.mx\/index.php\/wp-json\/wp\/v2\/media?parent=11842"}],"wp:term":[{"taxonomy":"category","embeddable":true,"href":"https:\/\/politicosaldesnudo.com.mx\/index.php\/wp-json\/wp\/v2\/categories?post=11842"},{"taxonomy":"post_tag","embeddable":true,"href":"https:\/\/politicosaldesnudo.com.mx\/index.php\/wp-json\/wp\/v2\/tags?post=11842"}],"curies":[{"name":"wp","href":"https:\/\/api.w.org\/{rel}","templated":true}]}}