{"id":11860,"date":"2022-10-27T08:25:17","date_gmt":"2022-10-27T13:25:17","guid":{"rendered":"https:\/\/politicosaldesnudo.com.mx\/?p=11860"},"modified":"2022-10-27T08:25:17","modified_gmt":"2022-10-27T13:25:17","slug":"gobierno-de-tuxpan-da-banderazo-a-obra-de-pavimentacion-en-calle-luis-echeverria","status":"publish","type":"post","link":"https:\/\/politicosaldesnudo.com.mx\/index.php\/2022\/10\/27\/gobierno-de-tuxpan-da-banderazo-a-obra-de-pavimentacion-en-calle-luis-echeverria\/","title":{"rendered":"Gobierno de Tuxpan da banderazo a obra de pavimentaci\u00f3n en calle Luis Echeverr\u00eda"},"content":{"rendered":"<p>&nbsp;<\/p>\n<p class=\"p1\"><span style=\"font-size: 14pt;\"><em><strong>TUXPAN, VERACRUZ.<\/strong> <\/em>Autoridades municipales dieron el <strong>banderazo de inicio de la obra de pavimentaci\u00f3n con concreto hidr\u00e1ulico de la calle Luis Echeverr\u00eda \u00c1lvarez<\/strong>, entre la Av. Rafael Hern\u00e1ndez Ochoa y la calle 5 Norte, de la <strong>colonia Rafael Hern\u00e1ndez Ochoa.<span class=\"Apple-converted-space\">\u00a0<\/span><\/strong><\/span><\/p>\n<p class=\"p1\"><span style=\"font-size: 18pt;\"><strong>La construcci\u00f3n de m\u00e1s de <span style=\"color: #139eca;\">2 mil 853 metros cuadrados se realiza con una inversi\u00f3n de 3 millones 555 mil 554 pesos<\/span> provenientes del Fondo de Infraestructura Social Municipal y de las Demarcaciones Territoriales del Distrito Federal (FISMDF).<\/strong><\/span><\/p>\n<p>&nbsp;<\/p>\n<p><img data-recalc-dims=\"1\" loading=\"lazy\" decoding=\"async\" class=\"aligncenter wp-image-11862 size-large\" src=\"https:\/\/i0.wp.com\/politicosaldesnudo.com.mx\/wp-content\/uploads\/2022\/10\/P-PAVIMENTACIO%CC%81N-LUISECCHEVERRIA-2-1024x573.png?resize=800%2C448&#038;ssl=1\" alt=\"\" width=\"800\" height=\"448\" srcset=\"https:\/\/i0.wp.com\/politicosaldesnudo.com.mx\/wp-content\/uploads\/2022\/10\/P-PAVIMENTACIO%CC%81N-LUISECCHEVERRIA-2.png?resize=1024%2C573&amp;ssl=1 1024w, https:\/\/i0.wp.com\/politicosaldesnudo.com.mx\/wp-content\/uploads\/2022\/10\/P-PAVIMENTACIO%CC%81N-LUISECCHEVERRIA-2.png?resize=300%2C168&amp;ssl=1 300w, https:\/\/i0.wp.com\/politicosaldesnudo.com.mx\/wp-content\/uploads\/2022\/10\/P-PAVIMENTACIO%CC%81N-LUISECCHEVERRIA-2.png?resize=768%2C430&amp;ssl=1 768w, https:\/\/i0.wp.com\/politicosaldesnudo.com.mx\/wp-content\/uploads\/2022\/10\/P-PAVIMENTACIO%CC%81N-LUISECCHEVERRIA-2.png?resize=1536%2C859&amp;ssl=1 1536w, https:\/\/i0.wp.com\/politicosaldesnudo.com.mx\/wp-content\/uploads\/2022\/10\/P-PAVIMENTACIO%CC%81N-LUISECCHEVERRIA-2.png?w=1816&amp;ssl=1 1816w, https:\/\/i0.wp.com\/politicosaldesnudo.com.mx\/wp-content\/uploads\/2022\/10\/P-PAVIMENTACIO%CC%81N-LUISECCHEVERRIA-2.png?w=1600&amp;ssl=1 1600w\" sizes=\"auto, (max-width: 800px) 100vw, 800px\" \/><\/p>\n<p>&nbsp;<\/p>\n<p class=\"p1\"><span style=\"font-size: 18pt;\"><strong>En su mensaje, el alcalde Jos\u00e9 Manuel Pozos Castro indic\u00f3 que hoy se est\u00e1 marcando el inicio de lo que ser\u00e1, en un futuro cercano, un importante circuito que correr\u00e1 de Oriente a Poniente, por todo el coraz\u00f3n de la colonia Hern\u00e1ndez Ochoa.<\/strong><\/span><\/p>\n<p class=\"p1\"><span style=\"font-size: 14pt;\">Puntualiz\u00f3 que la calle Luis Echeverr\u00eda es estrat\u00e9gica para la movilidad y el desarrollo de la colonia, porque interconecta con dos principales avenidas, la Rafael Hern\u00e1ndez Ochoa y la Insurgentes Sur.<span class=\"Apple-converted-space\">\u00a0<\/span><\/span><\/p>\n<p><img data-recalc-dims=\"1\" loading=\"lazy\" decoding=\"async\" class=\"aligncenter wp-image-11864 size-large\" src=\"https:\/\/i0.wp.com\/politicosaldesnudo.com.mx\/wp-content\/uploads\/2022\/10\/P-PAVIMENTACIO%CC%81N-LUISECCHEVERRIA-4-1024x573.png?resize=800%2C448&#038;ssl=1\" alt=\"\" width=\"800\" height=\"448\" srcset=\"https:\/\/i0.wp.com\/politicosaldesnudo.com.mx\/wp-content\/uploads\/2022\/10\/P-PAVIMENTACIO%CC%81N-LUISECCHEVERRIA-4.png?resize=1024%2C573&amp;ssl=1 1024w, https:\/\/i0.wp.com\/politicosaldesnudo.com.mx\/wp-content\/uploads\/2022\/10\/P-PAVIMENTACIO%CC%81N-LUISECCHEVERRIA-4.png?resize=300%2C168&amp;ssl=1 300w, https:\/\/i0.wp.com\/politicosaldesnudo.com.mx\/wp-content\/uploads\/2022\/10\/P-PAVIMENTACIO%CC%81N-LUISECCHEVERRIA-4.png?resize=768%2C430&amp;ssl=1 768w, https:\/\/i0.wp.com\/politicosaldesnudo.com.mx\/wp-content\/uploads\/2022\/10\/P-PAVIMENTACIO%CC%81N-LUISECCHEVERRIA-4.png?resize=1536%2C859&amp;ssl=1 1536w, https:\/\/i0.wp.com\/politicosaldesnudo.com.mx\/wp-content\/uploads\/2022\/10\/P-PAVIMENTACIO%CC%81N-LUISECCHEVERRIA-4.png?w=1816&amp;ssl=1 1816w, https:\/\/i0.wp.com\/politicosaldesnudo.com.mx\/wp-content\/uploads\/2022\/10\/P-PAVIMENTACIO%CC%81N-LUISECCHEVERRIA-4.png?w=1600&amp;ssl=1 1600w\" sizes=\"auto, (max-width: 800px) 100vw, 800px\" \/><\/p>\n<p>&nbsp;<\/p>\n<blockquote>\n<p class=\"p1\"><span style=\"font-size: 14pt;\">Nuestra prioridad siempre ser\u00e1 brindar atenci\u00f3n donde realmente hace falta, porque solo as\u00ed podemos terminar con la desigualdad y el rezago social que ven\u00edamos arrastrando, y devolverle la esperanza a la gente\u201d, expres\u00f3<\/span><\/p>\n<\/blockquote>\n<p>&nbsp;<\/p>\n<p class=\"p1\"><span style=\"font-size: 18pt;\"><strong>Jos\u00e9 Manuel Pozos dijo que por muchos a\u00f1os<span style=\"color: #139eca;\"> la colonia Rafael Hern\u00e1ndez Ochoa vivi\u00f3 en el olvido y acumul\u00f3 un gran rezago social<\/span>, \u201cpero eso se habr\u00e1 de terminar, porque vamos a seguir trabajando en las colonias donde m\u00e1s se necesita\u201d.<\/strong><\/span><\/p>\n<p>&nbsp;<\/p>\n<p><img data-recalc-dims=\"1\" loading=\"lazy\" decoding=\"async\" class=\"aligncenter wp-image-11865 size-large\" src=\"https:\/\/i0.wp.com\/politicosaldesnudo.com.mx\/wp-content\/uploads\/2022\/10\/P-PAVIMENTACIO%CC%81N-LUISECCHEVERRIA-5-1024x573.png?resize=800%2C448&#038;ssl=1\" alt=\"\" width=\"800\" height=\"448\" srcset=\"https:\/\/i0.wp.com\/politicosaldesnudo.com.mx\/wp-content\/uploads\/2022\/10\/P-PAVIMENTACIO%CC%81N-LUISECCHEVERRIA-5.png?resize=1024%2C573&amp;ssl=1 1024w, https:\/\/i0.wp.com\/politicosaldesnudo.com.mx\/wp-content\/uploads\/2022\/10\/P-PAVIMENTACIO%CC%81N-LUISECCHEVERRIA-5.png?resize=300%2C168&amp;ssl=1 300w, https:\/\/i0.wp.com\/politicosaldesnudo.com.mx\/wp-content\/uploads\/2022\/10\/P-PAVIMENTACIO%CC%81N-LUISECCHEVERRIA-5.png?resize=768%2C430&amp;ssl=1 768w, https:\/\/i0.wp.com\/politicosaldesnudo.com.mx\/wp-content\/uploads\/2022\/10\/P-PAVIMENTACIO%CC%81N-LUISECCHEVERRIA-5.png?resize=1536%2C859&amp;ssl=1 1536w, https:\/\/i0.wp.com\/politicosaldesnudo.com.mx\/wp-content\/uploads\/2022\/10\/P-PAVIMENTACIO%CC%81N-LUISECCHEVERRIA-5.png?w=1816&amp;ssl=1 1816w, https:\/\/i0.wp.com\/politicosaldesnudo.com.mx\/wp-content\/uploads\/2022\/10\/P-PAVIMENTACIO%CC%81N-LUISECCHEVERRIA-5.png?w=1600&amp;ssl=1 1600w\" sizes=\"auto, (max-width: 800px) 100vw, 800px\" \/><\/p>\n<p>&nbsp;<\/p>\n<p class=\"p1\"><span style=\"font-size: 14pt;\">Se\u00f1al\u00f3 que ahora todos los integrantes del Cabildo trabajan de manera coordinada con el gobierno estatal y el gobierno federal, teniendo como \u00fanico compromiso el bienestar y el desarrollo de Tuxpan.<span class=\"Apple-converted-space\">\u00a0<\/span><\/span><\/p>\n<p class=\"p1\"><span style=\"font-size: 14pt;\">Se comprometi\u00f3 a regresar muy pronto para entregar esta obra que cambiar\u00e1 positivamente la vida de los habitantes, y demostrarles que \u201cas\u00ed se gobierna cuando se gobierna con el pueblo, y vamos a seguir con esta manera de gobernar: Primero los pobres\u201d, resalt\u00f3 el alcalde.<span class=\"Apple-converted-space\">\u00a0<\/span><\/span><\/p>\n<p>&nbsp;<\/p>\n<p><img data-recalc-dims=\"1\" loading=\"lazy\" decoding=\"async\" class=\"aligncenter wp-image-11866 size-large\" src=\"https:\/\/i0.wp.com\/politicosaldesnudo.com.mx\/wp-content\/uploads\/2022\/10\/P-PAVIMENTACIO%CC%81N-LUISECCHEVERRIA-6-1024x573.png?resize=800%2C448&#038;ssl=1\" alt=\"\" width=\"800\" height=\"448\" srcset=\"https:\/\/i0.wp.com\/politicosaldesnudo.com.mx\/wp-content\/uploads\/2022\/10\/P-PAVIMENTACIO%CC%81N-LUISECCHEVERRIA-6.png?resize=1024%2C573&amp;ssl=1 1024w, https:\/\/i0.wp.com\/politicosaldesnudo.com.mx\/wp-content\/uploads\/2022\/10\/P-PAVIMENTACIO%CC%81N-LUISECCHEVERRIA-6.png?resize=300%2C168&amp;ssl=1 300w, https:\/\/i0.wp.com\/politicosaldesnudo.com.mx\/wp-content\/uploads\/2022\/10\/P-PAVIMENTACIO%CC%81N-LUISECCHEVERRIA-6.png?resize=768%2C430&amp;ssl=1 768w, https:\/\/i0.wp.com\/politicosaldesnudo.com.mx\/wp-content\/uploads\/2022\/10\/P-PAVIMENTACIO%CC%81N-LUISECCHEVERRIA-6.png?resize=1536%2C859&amp;ssl=1 1536w, https:\/\/i0.wp.com\/politicosaldesnudo.com.mx\/wp-content\/uploads\/2022\/10\/P-PAVIMENTACIO%CC%81N-LUISECCHEVERRIA-6.png?w=1816&amp;ssl=1 1816w, https:\/\/i0.wp.com\/politicosaldesnudo.com.mx\/wp-content\/uploads\/2022\/10\/P-PAVIMENTACIO%CC%81N-LUISECCHEVERRIA-6.png?w=1600&amp;ssl=1 1600w\" sizes=\"auto, (max-width: 800px) 100vw, 800px\" \/><\/p>\n<p>&nbsp;<\/p>\n<p class=\"p1\"><span style=\"font-size: 18pt;\"><strong>La Sra. Esmeralda Navarrete Gonz\u00e1lez, presidenta del Comit\u00e9 de Contralor\u00eda Social y beneficiaria de la obra, agradeci\u00f3 a nombre de los vecinos de la calle Luis Echeverr\u00eda al Gobierno Municipal por esta obra que hab\u00edan gestionado durante muchos a\u00f1os.<span class=\"Apple-converted-space\">\u00a0<\/span><\/strong><\/span><\/p>\n<p>&nbsp;<\/p>\n<p><img data-recalc-dims=\"1\" loading=\"lazy\" decoding=\"async\" class=\"aligncenter wp-image-11863 size-large\" src=\"https:\/\/i0.wp.com\/politicosaldesnudo.com.mx\/wp-content\/uploads\/2022\/10\/P-PAVIMENTACIO%CC%81N-LUISECCHEVERRIA-3-1024x573.png?resize=800%2C448&#038;ssl=1\" alt=\"\" width=\"800\" height=\"448\" srcset=\"https:\/\/i0.wp.com\/politicosaldesnudo.com.mx\/wp-content\/uploads\/2022\/10\/P-PAVIMENTACIO%CC%81N-LUISECCHEVERRIA-3.png?resize=1024%2C573&amp;ssl=1 1024w, https:\/\/i0.wp.com\/politicosaldesnudo.com.mx\/wp-content\/uploads\/2022\/10\/P-PAVIMENTACIO%CC%81N-LUISECCHEVERRIA-3.png?resize=300%2C168&amp;ssl=1 300w, https:\/\/i0.wp.com\/politicosaldesnudo.com.mx\/wp-content\/uploads\/2022\/10\/P-PAVIMENTACIO%CC%81N-LUISECCHEVERRIA-3.png?resize=768%2C430&amp;ssl=1 768w, https:\/\/i0.wp.com\/politicosaldesnudo.com.mx\/wp-content\/uploads\/2022\/10\/P-PAVIMENTACIO%CC%81N-LUISECCHEVERRIA-3.png?resize=1536%2C859&amp;ssl=1 1536w, https:\/\/i0.wp.com\/politicosaldesnudo.com.mx\/wp-content\/uploads\/2022\/10\/P-PAVIMENTACIO%CC%81N-LUISECCHEVERRIA-3.png?w=1816&amp;ssl=1 1816w, https:\/\/i0.wp.com\/politicosaldesnudo.com.mx\/wp-content\/uploads\/2022\/10\/P-PAVIMENTACIO%CC%81N-LUISECCHEVERRIA-3.png?w=1600&amp;ssl=1 1600w\" sizes=\"auto, (max-width: 800px) 100vw, 800px\" \/><\/p>\n<p>&nbsp;<\/p>\n<p class=\"p1\"><span style=\"font-size: 14pt;\">Los funcionario presentes en el evento fueron la s\u00edndica \u00fanica Beatriz Pi\u00f1a Vergara; las regidoras Lucero Res\u00e9ndis Ambrocio, comisionada en Obras P\u00fablicas; Maryanela Monroy Flores, Anah\u00ed Aguilar L\u00f3pez, y el regidor Axel Bernal Herrera, acompa\u00f1ados por vecinos de la calle Luis Echeverr\u00eda, participaron en el arranque de obra.<\/span><\/p>\n<p class=\"p1\"><span style=\"font-size: 14pt;\">As\u00ed como Jes\u00fas Carballo Serrano, director de Desarrollo Social; Pedro de Jes\u00fas Espinoza P\u00e9rez, director de Obras P\u00fablicas; el consejero comunitario del Consejo de Desarrollo Municipal, Refugio Morales Hern\u00e1ndez; y directores y coordinadores de las diferentes \u00e1reas del Ayuntamiento.<\/span><\/p>\n<p>&nbsp;<\/p>\n<p>&nbsp;<\/p>\n<p>&nbsp;<\/p>\n<p>&nbsp;<\/p>\n<p>&nbsp;<\/p>\n<p>&nbsp;<\/p>\n","protected":false},"excerpt":{"rendered":"<p>&nbsp; TUXPAN, VERACRUZ. Autoridades municipales dieron el banderazo de inicio de la obra de pavimentaci\u00f3n con concreto hidr\u00e1ulico de la<\/p>\n","protected":false},"author":4,"featured_media":11861,"comment_status":"closed","ping_status":"closed","sticky":false,"template":"","format":"standard","meta":{"colormag_page_container_layout":"default_layout","colormag_page_sidebar_layout":"default_layout","_jetpack_memberships_contains_paid_content":false,"footnotes":"","jetpack_publicize_message":"","jetpack_publicize_feature_enabled":true,"jetpack_social_post_already_shared":false,"jetpack_social_options":{"image_generator_settings":{"template":"highway","default_image_id":0,"font":"","enabled":false},"version":2}},"categories":[1082],"tags":[576,1682,70,100],"class_list":["post-11860","post","type-post","status-publish","format-standard","has-post-thumbnail","hentry","category-tuxpan","tag-jose-manuel-pozos","tag-pavimetacion","tag-tuxpan","tag-veracruz"],"jetpack_publicize_connections":[],"jetpack_featured_media_url":"https:\/\/i0.wp.com\/politicosaldesnudo.com.mx\/wp-content\/uploads\/2022\/10\/P-PAVIMENTACIO%CC%81N-LUISECCHEVERRIA-1.png?fit=1816%2C1016&ssl=1","jetpack-related-posts":[],"jetpack_sharing_enabled":true,"_links":{"self":[{"href":"https:\/\/politicosaldesnudo.com.mx\/index.php\/wp-json\/wp\/v2\/posts\/11860","targetHints":{"allow":["GET"]}}],"collection":[{"href":"https:\/\/politicosaldesnudo.com.mx\/index.php\/wp-json\/wp\/v2\/posts"}],"about":[{"href":"https:\/\/politicosaldesnudo.com.mx\/index.php\/wp-json\/wp\/v2\/types\/post"}],"author":[{"embeddable":true,"href":"https:\/\/politicosaldesnudo.com.mx\/index.php\/wp-json\/wp\/v2\/users\/4"}],"replies":[{"embeddable":true,"href":"https:\/\/politicosaldesnudo.com.mx\/index.php\/wp-json\/wp\/v2\/comments?post=11860"}],"version-history":[{"count":0,"href":"https:\/\/politicosaldesnudo.com.mx\/index.php\/wp-json\/wp\/v2\/posts\/11860\/revisions"}],"wp:featuredmedia":[{"embeddable":true,"href":"https:\/\/politicosaldesnudo.com.mx\/index.php\/wp-json\/wp\/v2\/media\/11861"}],"wp:attachment":[{"href":"https:\/\/politicosaldesnudo.com.mx\/index.php\/wp-json\/wp\/v2\/media?parent=11860"}],"wp:term":[{"taxonomy":"category","embeddable":true,"href":"https:\/\/politicosaldesnudo.com.mx\/index.php\/wp-json\/wp\/v2\/categories?post=11860"},{"taxonomy":"post_tag","embeddable":true,"href":"https:\/\/politicosaldesnudo.com.mx\/index.php\/wp-json\/wp\/v2\/tags?post=11860"}],"curies":[{"name":"wp","href":"https:\/\/api.w.org\/{rel}","templated":true}]}}