{"id":1187,"date":"2021-12-30T10:33:45","date_gmt":"2021-12-30T16:33:45","guid":{"rendered":"https:\/\/politicosaldesnudo.com.mx\/?p=1187"},"modified":"2023-04-01T06:59:17","modified_gmt":"2023-04-01T12:59:17","slug":"monreal-esquizofrenia-o-traicion","status":"publish","type":"post","link":"https:\/\/politicosaldesnudo.com.mx\/index.php\/2021\/12\/30\/monreal-esquizofrenia-o-traicion\/","title":{"rendered":"Monreal, esquizofrenia o traici\u00f3n"},"content":{"rendered":"<p>&nbsp;<\/p>\n<h5 class=\"p1\">Por Jos\u00e9 Garc\u00eda S\u00e1nchez<\/h5>\n<p class=\"p1\"><strong>A Miguel \u00c1ngel Yunes le sobra dinero y a Ricardo Monreal ambici\u00f3n.<\/strong> <strong>Uno se queda con las ganas de quedarse con Veracruz y al otro se le acaba su carrera pol\u00edtica.<\/strong><\/p>\n<p class=\"p1\">Luego de los pleitos electorales de la familia<strong> Yunes por apoderarse de Veracruz<\/strong>, recurren a <strong>Monreal para golpear al Presidente<\/strong> donde se supone m\u00e1s le duele, la <strong>gubernatura de Cuitl\u00e1huac Garc\u00eda Jim\u00e9nez<\/strong>, donde hab\u00eda depositado mucha confianza.<\/p>\n<blockquote>\n<p class=\"p1\">La existencia de presos sin sentencia, la costumbre de reos sin delito, la injusticia de condenas desproporcionada en relaci\u00f3n con el presunto delito no son nuevas en M\u00e9xico, Monreal como abogado y catedr\u00e1tico debe saberlo, pero repentinamente advirti\u00f3 que pod\u00eda ser tema para ganar adeptos y golpear a quien dice serle leal: el Presidente.<\/p>\n<\/blockquote>\n<p class=\"p1\">Para entonces hab\u00eda <strong>colocado su Caballo de Troya<\/strong> en la contienda a trav\u00e9s de <strong>Fuerza por M\u00e9xico<\/strong>, para la reconquista de<strong> Veracruz, bot\u00edn que anhela desde hace a\u00f1os Miguel \u00c1ngel Yunes Linares,<\/strong> con la participaci\u00f3n de su hija <strong>Katy Monreal, quien es cercana al clan y dispuesta a arrebatar el poder en favor de su grupo.<\/strong><\/p>\n<p class=\"p1\">Por su parte, el <strong>l\u00edder de Movimiento Ciudadano, Dante, aprovech\u00f3 la postura de Monreal para salvar su reputaci\u00f3n<\/strong>, y hacer de cualquier delincuente un preso pol\u00edtico en Veracruz, como le sucedi\u00f3 a \u00e9l en 1994, cuando cay\u00f3 preso, seg\u00fan \u00e9l por motivos pol\u00edticos, pero fue por <strong>desv\u00edo de 450 millones de pesos, pas\u00f3 un a\u00f1o y tres meses encarcelado en el penal de Pacho Viejo en Coatepec<\/strong>, donde ahora se encuentra su defendido, el secretario t\u00e9cnico del Senado, amigo y mano derecha de Monreal y militante de Movimiento Ciudadano, Jos\u00e9 Manuel del R\u00edo Virgen, vinculado a proceso. <strong>Dante dijo tener la calidad moral de desaparecer los poderes en Veracruz, ya no toca el tema.<\/strong><\/p>\n<blockquote>\n<p class=\"p1\">A Monreal se le olvidaron otros presos en Veracruz por el delito de ultrajes a la autoridad, pareciera haber llegado tarde a las preocupaciones de los veracruzanos al respecto, cuando el Congreso local le regres\u00f3 vigencia a esa ley derogada por autoritaria y que puso en pr\u00e1ctica contra la sociedad tres d\u00edas despu\u00e9s de haber sido rescatada, cuando encarcel\u00f3 a un perredista.<\/p>\n<\/blockquote>\n<p class=\"p1\"><strong>Monreal, ante la prisa de protagonizar una lucha que consideraba propia,<\/strong> tom\u00f3 el problema a bote pronto, por asalto, y s\u00f3lo <strong>tom\u00f3 en cuenta el caso sencillo de seis j\u00f3venes acusados de secuestro, con eso crey\u00f3 dar un golpe bajo al Presidente de manera velada pero, seg\u00fan \u00e9l, contundente<\/strong>. Hab\u00eda antecedentes sobre la ley de ultrajes a la autoridad, pero lo desconoc\u00eda, <strong>su preocupaci\u00f3n no era aut\u00e9ntica simplemente oportunista<\/strong>, la <strong>utiliz\u00f3 como punto d\u00e9bil del gobierno de Veracruz<\/strong>, a pesar de que hab\u00eda, por lo menos dos militantes perredistas acusados de este delito.<\/p>\n<p class=\"p1\"><strong>Acude a Dante, como aliado de una causa que desconoce con la intenci\u00f3n de limpiar su imagen de ex presidiario, en Veracruz y el pa\u00eds.<\/strong> Hecho, por cierto, que recuerda cuando los panistas fueron a acusar al Presidente a la OEA. <strong>Luego de estas haza\u00f1as del zacatecano, en tiempos de Navidad convoca a la conciliaci\u00f3n y la armon\u00eda al pa\u00eds, pero por debajo de la mesa sigue desgastando<\/strong>, lo que recuerda tambi\u00e9n la pr\u00e1ctica de Acci\u00f3n Nacional que golpea a trav\u00e9s de sus pla\u00f1ideras en el Senado pero Santiago Creel, en su calidad de presidente de la Comisi\u00f3n Pol\u00edtica Nacional de su partido, pide di\u00e1logo con el gobierno aparentando civilidad, muestras de esquizofrenia, propias de quienes buscan reflectores para alcanzar objetivos poco claros y fuera de la democracia y, a veces, de la legalidad.<\/p>\n<h6 class=\"p1\"><strong>La vinculaci\u00f3n a proceso del supuesto pretexto del golpeteo los deja sin armas, s\u00f3lo se vislumbra divisi\u00f3n y descr\u00e9dito.<\/strong><\/h6>\n<p>&nbsp;<\/p>\n<p><strong>Twitter: <a href=\"https:\/\/twitter.com\/Josangasa3\">@Josangasa3<\/a><\/strong><\/p>\n<p>&nbsp;<\/p>\n<p>&nbsp;<\/p>\n","protected":false},"excerpt":{"rendered":"<p>&nbsp; Por Jos\u00e9 Garc\u00eda S\u00e1nchez A Miguel \u00c1ngel Yunes le sobra dinero y a Ricardo Monreal ambici\u00f3n. Uno se queda<\/p>\n","protected":false},"author":1,"featured_media":1086,"comment_status":"closed","ping_status":"closed","sticky":false,"template":"","format":"standard","meta":{"colormag_page_container_layout":"default_layout","colormag_page_sidebar_layout":"default_layout","_jetpack_memberships_contains_paid_content":false,"footnotes":"","jetpack_publicize_message":"","jetpack_publicize_feature_enabled":true,"jetpack_social_post_already_shared":false,"jetpack_social_options":{"image_generator_settings":{"template":"highway","default_image_id":0,"font":"","enabled":false},"version":2}},"categories":[26],"tags":[124,98,100],"class_list":["post-1187","post","type-post","status-publish","format-standard","has-post-thumbnail","hentry","category-columnistas","tag-cuitlahuac-garcia-jimenez","tag-ricardo-monreal","tag-veracruz"],"jetpack_publicize_connections":[],"jetpack_featured_media_url":"https:\/\/i0.wp.com\/politicosaldesnudo.com.mx\/wp-content\/uploads\/2021\/12\/JOSE%CC%81-GARCI%CC%81A.png?fit=1816%2C1016&ssl=1","jetpack-related-posts":[],"jetpack_sharing_enabled":true,"_links":{"self":[{"href":"https:\/\/politicosaldesnudo.com.mx\/index.php\/wp-json\/wp\/v2\/posts\/1187","targetHints":{"allow":["GET"]}}],"collection":[{"href":"https:\/\/politicosaldesnudo.com.mx\/index.php\/wp-json\/wp\/v2\/posts"}],"about":[{"href":"https:\/\/politicosaldesnudo.com.mx\/index.php\/wp-json\/wp\/v2\/types\/post"}],"author":[{"embeddable":true,"href":"https:\/\/politicosaldesnudo.com.mx\/index.php\/wp-json\/wp\/v2\/users\/1"}],"replies":[{"embeddable":true,"href":"https:\/\/politicosaldesnudo.com.mx\/index.php\/wp-json\/wp\/v2\/comments?post=1187"}],"version-history":[{"count":0,"href":"https:\/\/politicosaldesnudo.com.mx\/index.php\/wp-json\/wp\/v2\/posts\/1187\/revisions"}],"wp:featuredmedia":[{"embeddable":true,"href":"https:\/\/politicosaldesnudo.com.mx\/index.php\/wp-json\/wp\/v2\/media\/1086"}],"wp:attachment":[{"href":"https:\/\/politicosaldesnudo.com.mx\/index.php\/wp-json\/wp\/v2\/media?parent=1187"}],"wp:term":[{"taxonomy":"category","embeddable":true,"href":"https:\/\/politicosaldesnudo.com.mx\/index.php\/wp-json\/wp\/v2\/categories?post=1187"},{"taxonomy":"post_tag","embeddable":true,"href":"https:\/\/politicosaldesnudo.com.mx\/index.php\/wp-json\/wp\/v2\/tags?post=1187"}],"curies":[{"name":"wp","href":"https:\/\/api.w.org\/{rel}","templated":true}]}}